{"id":8471,"date":"2019-09-26T09:40:54","date_gmt":"2019-09-26T12:40:54","guid":{"rendered":"http:\/\/www.cvi-rio.org.br\/site\/?p=8471"},"modified":"2019-09-26T09:42:15","modified_gmt":"2019-09-26T12:42:15","slug":"cadeirantes-nao-conseguem-marcar-seus-assentos-pelo-site","status":"publish","type":"post","link":"https:\/\/www.cvi-rio.org.br\/site\/cadeirantes-nao-conseguem-marcar-seus-assentos-pelo-site\/","title":{"rendered":"Cadeirantes n\u00e3o conseguem marcar seus assentos pelo site"},"content":{"rendered":"<p style=\"text-align: right;\"><em>Jos\u00e9 Carlos Morais<\/em><\/p>\n<p style=\"text-align: justify;\">Muito se tem criticado que as rela\u00e7\u00f5es humanas se deterioraram com o advento da tecnologia. Mesas de bar onde as pessoas individualmente consultam seus celulares \u00e9 uma triste e frequente cena. Entretanto, essa mesma tecnologia facilita o acesso aos bens de consumo, a consulta a conta banc\u00e1ria, o preenchimento de relat\u00f3rios, a compra de ingressos, entre outros. \u00c9 sobre esse \u00faltimo que vai meu coment\u00e1rio.<\/p>\n<p style=\"text-align: justify;\">Semana passada entrei no site www.ingressorapido.com.br para comprar entradas para uma pe\u00e7a de teatro, A Cor P\u00farpura, em cartaz na Cidade das Artes, na Barra da Tijuca no Rio de Janeiro. Fiz todo o procedimento de rotina e ao chegar ao momento da reserva de assentos, consegui marcar os lugares regulares e ao clicar no local do cadeirante, nada acontecia. Tentei a manobra algumas vezes, entrei e sa\u00ed do site e nada. Descobri ent\u00e3o, um n\u00famero de uatizapi e recomendavam acess\u00e1-lo para tirar a sua d\u00favida. Assim procedi.<\/p>\n<p style=\"text-align: justify;\">A primeira e desanimadora mensagem da assistente virtual do site diz: \u201cDevido \u00e0 fila de atendimento, voc\u00ea pode demorar at\u00e9 72 horas para receber uma resposta de nossos atendentes\u201d. Conforme previsto, tr\u00eas dias ap\u00f3s come\u00e7o a receber as abomin\u00e1veis mensagens virtuais. \u201cPra que eu possa te ajudar, escolha uma op\u00e7\u00e3o abaixo\u201d. E assim numa sess\u00e3o quase infind\u00e1vel de op\u00e7\u00f5es, uma resposta vai gerando outra pergunta at\u00e9 que surge a esperada escolha \u2013 \u201cvoc\u00ea quer falar com um atendente\u201d. Ufa, vontade de gritar \u2013 \u201cClaro\u201d!!!!<\/p>\n<p style=\"text-align: justify;\">Explico minha quest\u00e3o, acrescento que pretendo ir \u00e0 plat\u00e9ia e depois de aguardar uns bons minutos, chega a resposta: \u201cObrigado por aguardar e desculpa a demora em uma resposta. Para realizar a compra somente na bilheteria do local do evento para o cadeirante e acompanhante. Caso continue com alguma d\u00favida, retorne o contato! Estamos aqui para te ajudar. Tenha uma \u00f3tima tarde!<\/p>\n<p style=\"text-align: justify;\">Ajudar-me!!!!!!!!!!!!! Enfim, coloco minha desaforada resposta, que com certeza foi ignorada. Um site que sobrevive pela venda de ingressos n\u00e3o \u00e9 capaz com toda a tecnologia atual que um cadeirante possa marcar o seu assento no site. Dar a op\u00e7\u00e3o de comprar na bilheteria para uma pessoa que tem dificuldade de locomo\u00e7\u00e3o e que, como eu, mora a 60km do referido teatro \u00e9 um absurdo completo. Causam um constrangimento, justamente com quem mais precisa comprar com anteced\u00eancia para poder organizar o seu programa.<\/p>\n<p style=\"text-align: justify;\">Que dificuldade tratar todos com igualdade. O estudante marca o seu lugar e coloca o n\u00famero de sua carteira estudantil que ser\u00e1 apresentada no local. O mesmo com o idoso, que justifica sua compra no local com a carteira de identidade. Porque n\u00e3o fazer o mesmo com o ingresso do cadeirante? Se o cara chegar andando n\u00e3o deixe entrar. Ali\u00e1s, \u00e9 bom lembrar o local do cadeirante, marcado no ch\u00e3o do teatro, n\u00e3o tem poltrona. Que criatura alucinada compraria um ingresso e marcaria o local onde n\u00e3o h\u00e1 poltrona? Portanto, n\u00e3o vejo nenhuma l\u00f3gica na atitude imbecil programada pelo site. A \u00fanica justificativa que encontro para essa restri\u00e7\u00e3o \u00e9 o despreparo descomunal em lidar com as pessoas com defici\u00eancia e a ignor\u00e2ncia gigantesca sobre o assunto.<\/p>\n","protected":false},"excerpt":{"rendered":"<p>Jos\u00e9 Carlos Morais Muito se tem criticado que as rela\u00e7\u00f5es humanas se deterioraram com o advento da tecnologia. Mesas de bar onde as pessoas individualmente consultam seus celulares \u00e9 uma triste e&#8230;<\/p>\n","protected":false},"author":2,"featured_media":8472,"comment_status":"closed","ping_status":"open","sticky":false,"template":"","format":"standard","meta":{"_acf_changed":false,"footnotes":""},"categories":[10,9],"tags":[],"class_list":["post-8471","post","type-post","status-publish","format-standard","has-post-thumbnail","hentry","category-artigos","category-noticias"],"acf":[],"yoast_head":"<!-- This site is optimized with the Yoast SEO plugin v26.9 - https:\/\/yoast.com\/product\/yoast-seo-wordpress\/ -->\n<title>Cadeirantes n\u00e3o conseguem marcar seus assentos pelo site - CVI-Rio<\/title>\n<meta name=\"robots\" content=\"index, follow, max-snippet:-1, max-image-preview:large, max-video-preview:-1\" \/>\n<link rel=\"canonical\" href=\"https:\/\/www.cvi-rio.org.br\/site\/cadeirantes-nao-conseguem-marcar-seus-assentos-pelo-site\/\" \/>\n<meta property=\"og:locale\" content=\"pt_BR\" \/>\n<meta property=\"og:type\" content=\"article\" \/>\n<meta property=\"og:title\" content=\"Cadeirantes n\u00e3o conseguem marcar seus assentos pelo site - CVI-Rio\" \/>\n<meta property=\"og:description\" content=\"Jos\u00e9 Carlos Morais Muito se tem criticado que as rela\u00e7\u00f5es humanas se deterioraram com o advento da tecnologia. Mesas de bar onde as pessoas individualmente consultam seus celulares \u00e9 uma triste e...\" \/>\n<meta property=\"og:url\" content=\"https:\/\/www.cvi-rio.org.br\/site\/cadeirantes-nao-conseguem-marcar-seus-assentos-pelo-site\/\" \/>\n<meta property=\"og:site_name\" content=\"CVI-Rio\" \/>\n<meta property=\"article:publisher\" content=\"https:\/\/www.facebook.com\/cvi.rio\" \/>\n<meta property=\"article:published_time\" content=\"2019-09-26T12:40:54+00:00\" \/>\n<meta property=\"article:modified_time\" content=\"2019-09-26T12:42:15+00:00\" \/>\n<meta property=\"og:image\" content=\"https:\/\/www.cvi-rio.org.br\/site\/wp-content\/uploads\/2019\/09\/posts-CVI-Rio-2.png\" \/>\n\t<meta property=\"og:image:width\" content=\"1080\" \/>\n\t<meta property=\"og:image:height\" content=\"1080\" \/>\n\t<meta property=\"og:image:type\" content=\"image\/png\" \/>\n<meta name=\"author\" content=\"cvi-rio\" \/>\n<meta name=\"twitter:card\" content=\"summary_large_image\" \/>\n<meta name=\"twitter:creator\" content=\"@cvirio\" \/>\n<meta name=\"twitter:site\" content=\"@cvirio\" \/>\n<meta name=\"twitter:label1\" content=\"Escrito por\" \/>\n\t<meta name=\"twitter:data1\" content=\"cvi-rio\" \/>\n\t<meta name=\"twitter:label2\" content=\"Est. tempo de leitura\" \/>\n\t<meta name=\"twitter:data2\" content=\"3 minutos\" \/>\n<script type=\"application\/ld+json\" class=\"yoast-schema-graph\">{\"@context\":\"https:\/\/schema.org\",\"@graph\":[{\"@type\":\"Article\",\"@id\":\"https:\/\/www.cvi-rio.org.br\/site\/cadeirantes-nao-conseguem-marcar-seus-assentos-pelo-site\/#article\",\"isPartOf\":{\"@id\":\"https:\/\/www.cvi-rio.org.br\/site\/cadeirantes-nao-conseguem-marcar-seus-assentos-pelo-site\/\"},\"author\":{\"name\":\"cvi-rio\",\"@id\":\"https:\/\/www.cvi-rio.org.br\/site\/#\/schema\/person\/41c81e5eb29944f8144dd6d144627d3f\"},\"headline\":\"Cadeirantes n\u00e3o conseguem marcar seus assentos pelo site\",\"datePublished\":\"2019-09-26T12:40:54+00:00\",\"dateModified\":\"2019-09-26T12:42:15+00:00\",\"mainEntityOfPage\":{\"@id\":\"https:\/\/www.cvi-rio.org.br\/site\/cadeirantes-nao-conseguem-marcar-seus-assentos-pelo-site\/\"},\"wordCount\":549,\"image\":{\"@id\":\"https:\/\/www.cvi-rio.org.br\/site\/cadeirantes-nao-conseguem-marcar-seus-assentos-pelo-site\/#primaryimage\"},\"thumbnailUrl\":\"https:\/\/www.cvi-rio.org.br\/site\/wp-content\/uploads\/2019\/09\/posts-CVI-Rio-2.png\",\"articleSection\":[\"Artigos\",\"Not\u00edcias\"],\"inLanguage\":\"pt-BR\"},{\"@type\":\"WebPage\",\"@id\":\"https:\/\/www.cvi-rio.org.br\/site\/cadeirantes-nao-conseguem-marcar-seus-assentos-pelo-site\/\",\"url\":\"https:\/\/www.cvi-rio.org.br\/site\/cadeirantes-nao-conseguem-marcar-seus-assentos-pelo-site\/\",\"name\":\"Cadeirantes n\u00e3o conseguem marcar seus assentos pelo site - CVI-Rio\",\"isPartOf\":{\"@id\":\"https:\/\/www.cvi-rio.org.br\/site\/#website\"},\"primaryImageOfPage\":{\"@id\":\"https:\/\/www.cvi-rio.org.br\/site\/cadeirantes-nao-conseguem-marcar-seus-assentos-pelo-site\/#primaryimage\"},\"image\":{\"@id\":\"https:\/\/www.cvi-rio.org.br\/site\/cadeirantes-nao-conseguem-marcar-seus-assentos-pelo-site\/#primaryimage\"},\"thumbnailUrl\":\"https:\/\/www.cvi-rio.org.br\/site\/wp-content\/uploads\/2019\/09\/posts-CVI-Rio-2.png\",\"datePublished\":\"2019-09-26T12:40:54+00:00\",\"dateModified\":\"2019-09-26T12:42:15+00:00\",\"author\":{\"@id\":\"https:\/\/www.cvi-rio.org.br\/site\/#\/schema\/person\/41c81e5eb29944f8144dd6d144627d3f\"},\"breadcrumb\":{\"@id\":\"https:\/\/www.cvi-rio.org.br\/site\/cadeirantes-nao-conseguem-marcar-seus-assentos-pelo-site\/#breadcrumb\"},\"inLanguage\":\"pt-BR\",\"potentialAction\":[{\"@type\":\"ReadAction\",\"target\":[\"https:\/\/www.cvi-rio.org.br\/site\/cadeirantes-nao-conseguem-marcar-seus-assentos-pelo-site\/\"]}]},{\"@type\":\"ImageObject\",\"inLanguage\":\"pt-BR\",\"@id\":\"https:\/\/www.cvi-rio.org.br\/site\/cadeirantes-nao-conseguem-marcar-seus-assentos-pelo-site\/#primaryimage\",\"url\":\"https:\/\/www.cvi-rio.org.br\/site\/wp-content\/uploads\/2019\/09\/posts-CVI-Rio-2.png\",\"contentUrl\":\"https:\/\/www.cvi-rio.org.br\/site\/wp-content\/uploads\/2019\/09\/posts-CVI-Rio-2.png\",\"width\":1080,\"height\":1080},{\"@type\":\"BreadcrumbList\",\"@id\":\"https:\/\/www.cvi-rio.org.br\/site\/cadeirantes-nao-conseguem-marcar-seus-assentos-pelo-site\/#breadcrumb\",\"itemListElement\":[{\"@type\":\"ListItem\",\"position\":1,\"name\":\"In\u00edcio\",\"item\":\"https:\/\/www.cvi-rio.org.br\/site\/\"},{\"@type\":\"ListItem\",\"position\":2,\"name\":\"Cadeirantes n\u00e3o conseguem marcar seus assentos pelo site\"}]},{\"@type\":\"WebSite\",\"@id\":\"https:\/\/www.cvi-rio.org.br\/site\/#website\",\"url\":\"https:\/\/www.cvi-rio.org.br\/site\/\",\"name\":\"CVI-Rio\",\"description\":\"Sua limita\u00e7\u00e3o n\u00e3o \u00e9 o seu limite.\",\"potentialAction\":[{\"@type\":\"SearchAction\",\"target\":{\"@type\":\"EntryPoint\",\"urlTemplate\":\"https:\/\/www.cvi-rio.org.br\/site\/?s={search_term_string}\"},\"query-input\":{\"@type\":\"PropertyValueSpecification\",\"valueRequired\":true,\"valueName\":\"search_term_string\"}}],\"inLanguage\":\"pt-BR\"},{\"@type\":\"Person\",\"@id\":\"https:\/\/www.cvi-rio.org.br\/site\/#\/schema\/person\/41c81e5eb29944f8144dd6d144627d3f\",\"name\":\"cvi-rio\",\"image\":{\"@type\":\"ImageObject\",\"inLanguage\":\"pt-BR\",\"@id\":\"https:\/\/www.cvi-rio.org.br\/site\/#\/schema\/person\/image\/\",\"url\":\"https:\/\/secure.gravatar.com\/avatar\/5390358606d9f428f7de6d157423965d1225340234040c6f875c582d042db721?s=96&d=mm&r=g\",\"contentUrl\":\"https:\/\/secure.gravatar.com\/avatar\/5390358606d9f428f7de6d157423965d1225340234040c6f875c582d042db721?s=96&d=mm&r=g\",\"caption\":\"cvi-rio\"},\"sameAs\":[\"http:\/\/www.cvi-rio.org.br\/site\"],\"url\":\"https:\/\/www.cvi-rio.org.br\/site\/author\/admin\/\"}]}<\/script>\n<!-- \/ Yoast SEO plugin. -->","yoast_head_json":{"title":"Cadeirantes n\u00e3o conseguem marcar seus assentos pelo site - CVI-Rio","robots":{"index":"index","follow":"follow","max-snippet":"max-snippet:-1","max-image-preview":"max-image-preview:large","max-video-preview":"max-video-preview:-1"},"canonical":"https:\/\/www.cvi-rio.org.br\/site\/cadeirantes-nao-conseguem-marcar-seus-assentos-pelo-site\/","og_locale":"pt_BR","og_type":"article","og_title":"Cadeirantes n\u00e3o conseguem marcar seus assentos pelo site - CVI-Rio","og_description":"Jos\u00e9 Carlos Morais Muito se tem criticado que as rela\u00e7\u00f5es humanas se deterioraram com o advento da tecnologia. Mesas de bar onde as pessoas individualmente consultam seus celulares \u00e9 uma triste e...","og_url":"https:\/\/www.cvi-rio.org.br\/site\/cadeirantes-nao-conseguem-marcar-seus-assentos-pelo-site\/","og_site_name":"CVI-Rio","article_publisher":"https:\/\/www.facebook.com\/cvi.rio","article_published_time":"2019-09-26T12:40:54+00:00","article_modified_time":"2019-09-26T12:42:15+00:00","og_image":[{"width":1080,"height":1080,"url":"https:\/\/www.cvi-rio.org.br\/site\/wp-content\/uploads\/2019\/09\/posts-CVI-Rio-2.png","type":"image\/png"}],"author":"cvi-rio","twitter_card":"summary_large_image","twitter_creator":"@cvirio","twitter_site":"@cvirio","twitter_misc":{"Escrito por":"cvi-rio","Est. tempo de leitura":"3 minutos"},"schema":{"@context":"https:\/\/schema.org","@graph":[{"@type":"Article","@id":"https:\/\/www.cvi-rio.org.br\/site\/cadeirantes-nao-conseguem-marcar-seus-assentos-pelo-site\/#article","isPartOf":{"@id":"https:\/\/www.cvi-rio.org.br\/site\/cadeirantes-nao-conseguem-marcar-seus-assentos-pelo-site\/"},"author":{"name":"cvi-rio","@id":"https:\/\/www.cvi-rio.org.br\/site\/#\/schema\/person\/41c81e5eb29944f8144dd6d144627d3f"},"headline":"Cadeirantes n\u00e3o conseguem marcar seus assentos pelo site","datePublished":"2019-09-26T12:40:54+00:00","dateModified":"2019-09-26T12:42:15+00:00","mainEntityOfPage":{"@id":"https:\/\/www.cvi-rio.org.br\/site\/cadeirantes-nao-conseguem-marcar-seus-assentos-pelo-site\/"},"wordCount":549,"image":{"@id":"https:\/\/www.cvi-rio.org.br\/site\/cadeirantes-nao-conseguem-marcar-seus-assentos-pelo-site\/#primaryimage"},"thumbnailUrl":"https:\/\/www.cvi-rio.org.br\/site\/wp-content\/uploads\/2019\/09\/posts-CVI-Rio-2.png","articleSection":["Artigos","Not\u00edcias"],"inLanguage":"pt-BR"},{"@type":"WebPage","@id":"https:\/\/www.cvi-rio.org.br\/site\/cadeirantes-nao-conseguem-marcar-seus-assentos-pelo-site\/","url":"https:\/\/www.cvi-rio.org.br\/site\/cadeirantes-nao-conseguem-marcar-seus-assentos-pelo-site\/","name":"Cadeirantes n\u00e3o conseguem marcar seus assentos pelo site - CVI-Rio","isPartOf":{"@id":"https:\/\/www.cvi-rio.org.br\/site\/#website"},"primaryImageOfPage":{"@id":"https:\/\/www.cvi-rio.org.br\/site\/cadeirantes-nao-conseguem-marcar-seus-assentos-pelo-site\/#primaryimage"},"image":{"@id":"https:\/\/www.cvi-rio.org.br\/site\/cadeirantes-nao-conseguem-marcar-seus-assentos-pelo-site\/#primaryimage"},"thumbnailUrl":"https:\/\/www.cvi-rio.org.br\/site\/wp-content\/uploads\/2019\/09\/posts-CVI-Rio-2.png","datePublished":"2019-09-26T12:40:54+00:00","dateModified":"2019-09-26T12:42:15+00:00","author":{"@id":"https:\/\/www.cvi-rio.org.br\/site\/#\/schema\/person\/41c81e5eb29944f8144dd6d144627d3f"},"breadcrumb":{"@id":"https:\/\/www.cvi-rio.org.br\/site\/cadeirantes-nao-conseguem-marcar-seus-assentos-pelo-site\/#breadcrumb"},"inLanguage":"pt-BR","potentialAction":[{"@type":"ReadAction","target":["https:\/\/www.cvi-rio.org.br\/site\/cadeirantes-nao-conseguem-marcar-seus-assentos-pelo-site\/"]}]},{"@type":"ImageObject","inLanguage":"pt-BR","@id":"https:\/\/www.cvi-rio.org.br\/site\/cadeirantes-nao-conseguem-marcar-seus-assentos-pelo-site\/#primaryimage","url":"https:\/\/www.cvi-rio.org.br\/site\/wp-content\/uploads\/2019\/09\/posts-CVI-Rio-2.png","contentUrl":"https:\/\/www.cvi-rio.org.br\/site\/wp-content\/uploads\/2019\/09\/posts-CVI-Rio-2.png","width":1080,"height":1080},{"@type":"BreadcrumbList","@id":"https:\/\/www.cvi-rio.org.br\/site\/cadeirantes-nao-conseguem-marcar-seus-assentos-pelo-site\/#breadcrumb","itemListElement":[{"@type":"ListItem","position":1,"name":"In\u00edcio","item":"https:\/\/www.cvi-rio.org.br\/site\/"},{"@type":"ListItem","position":2,"name":"Cadeirantes n\u00e3o conseguem marcar seus assentos pelo site"}]},{"@type":"WebSite","@id":"https:\/\/www.cvi-rio.org.br\/site\/#website","url":"https:\/\/www.cvi-rio.org.br\/site\/","name":"CVI-Rio","description":"Sua limita\u00e7\u00e3o n\u00e3o \u00e9 o seu limite.","potentialAction":[{"@type":"SearchAction","target":{"@type":"EntryPoint","urlTemplate":"https:\/\/www.cvi-rio.org.br\/site\/?s={search_term_string}"},"query-input":{"@type":"PropertyValueSpecification","valueRequired":true,"valueName":"search_term_string"}}],"inLanguage":"pt-BR"},{"@type":"Person","@id":"https:\/\/www.cvi-rio.org.br\/site\/#\/schema\/person\/41c81e5eb29944f8144dd6d144627d3f","name":"cvi-rio","image":{"@type":"ImageObject","inLanguage":"pt-BR","@id":"https:\/\/www.cvi-rio.org.br\/site\/#\/schema\/person\/image\/","url":"https:\/\/secure.gravatar.com\/avatar\/5390358606d9f428f7de6d157423965d1225340234040c6f875c582d042db721?s=96&d=mm&r=g","contentUrl":"https:\/\/secure.gravatar.com\/avatar\/5390358606d9f428f7de6d157423965d1225340234040c6f875c582d042db721?s=96&d=mm&r=g","caption":"cvi-rio"},"sameAs":["http:\/\/www.cvi-rio.org.br\/site"],"url":"https:\/\/www.cvi-rio.org.br\/site\/author\/admin\/"}]}},"_links":{"self":[{"href":"https:\/\/www.cvi-rio.org.br\/site\/wp-json\/wp\/v2\/posts\/8471","targetHints":{"allow":["GET"]}}],"collection":[{"href":"https:\/\/www.cvi-rio.org.br\/site\/wp-json\/wp\/v2\/posts"}],"about":[{"href":"https:\/\/www.cvi-rio.org.br\/site\/wp-json\/wp\/v2\/types\/post"}],"author":[{"embeddable":true,"href":"https:\/\/www.cvi-rio.org.br\/site\/wp-json\/wp\/v2\/users\/2"}],"replies":[{"embeddable":true,"href":"https:\/\/www.cvi-rio.org.br\/site\/wp-json\/wp\/v2\/comments?post=8471"}],"version-history":[{"count":1,"href":"https:\/\/www.cvi-rio.org.br\/site\/wp-json\/wp\/v2\/posts\/8471\/revisions"}],"predecessor-version":[{"id":8473,"href":"https:\/\/www.cvi-rio.org.br\/site\/wp-json\/wp\/v2\/posts\/8471\/revisions\/8473"}],"wp:featuredmedia":[{"embeddable":true,"href":"https:\/\/www.cvi-rio.org.br\/site\/wp-json\/wp\/v2\/media\/8472"}],"wp:attachment":[{"href":"https:\/\/www.cvi-rio.org.br\/site\/wp-json\/wp\/v2\/media?parent=8471"}],"wp:term":[{"taxonomy":"category","embeddable":true,"href":"https:\/\/www.cvi-rio.org.br\/site\/wp-json\/wp\/v2\/categories?post=8471"},{"taxonomy":"post_tag","embeddable":true,"href":"https:\/\/www.cvi-rio.org.br\/site\/wp-json\/wp\/v2\/tags?post=8471"}],"curies":[{"name":"wp","href":"https:\/\/api.w.org\/{rel}","templated":true}]}}