{"id":4361,"date":"2016-04-13T13:32:20","date_gmt":"2016-04-13T16:32:20","guid":{"rendered":"http:\/\/www.cvi-rio.org.br\/site\/?p=4361"},"modified":"2016-04-13T13:33:19","modified_gmt":"2016-04-13T16:33:19","slug":"10-personagens-dos-quadrinhos-com-deficiencia","status":"publish","type":"post","link":"https:\/\/www.cvi-rio.org.br\/site\/10-personagens-dos-quadrinhos-com-deficiencia\/","title":{"rendered":"10 personagens dos quadrinhos com defici\u00eancia"},"content":{"rendered":"<p style=\"text-align: justify;\">Os quadrinhos est\u00e3o atualmente repletos de personagens com algum tipo de defici\u00eancia, desde Professor Xavier, nos X-Men at\u00e9 mesmo B\u00e1rbara Gordon, que teve de abandonar sua carreira como Bat-Girl para se tornar a Or\u00e1culo. Aqui vai uma lista com 10 personagens com\u00a0alguma defici\u00eancia.<\/p>\n<p style=\"text-align: center;\"><span style=\"color: #ff6600;\"><strong>SINA<\/strong><\/span><\/p>\n<p style=\"text-align: justify;\"><a href=\"http:\/\/www.cvi-rio.org.br\/site\/wp-content\/uploads\/2016\/04\/Sina-e1460561152557.jpg\"><img loading=\"lazy\" decoding=\"async\" class=\"aligncenter  wp-image-4362\" src=\"http:\/\/www.cvi-rio.org.br\/site\/wp-content\/uploads\/2016\/04\/Sina-e1460561152557.jpg\" alt=\"Personagem Sina\" width=\"504\" height=\"251\" \/><\/a><\/p>\n<p style=\"text-align: justify;\">A personagem tamb\u00e9m conhecida como Irene Adler, \u00e9 uma mutante cega com habilidades precognitivas e uma das \u00fanicas pessoas que a mutante Mistica j\u00e1 amou.\u00a0Os poderes dela permitem que ela veja probabilidades futuras e, consequentemente, interpret\u00e1-las como bem entender, ou manipul\u00e1-las o que acontece com mais frequ\u00eancia.<\/p>\n<p style=\"text-align: center;\"><span style=\"color: #ff6600;\"><strong>JERIC\u00d3<\/strong><\/span><\/p>\n<p style=\"text-align: justify;\"><a href=\"http:\/\/www.cvi-rio.org.br\/site\/wp-content\/uploads\/2016\/04\/Jeric\u00f3.jpg\"><img loading=\"lazy\" decoding=\"async\" class=\"aligncenter  wp-image-4363\" src=\"http:\/\/www.cvi-rio.org.br\/site\/wp-content\/uploads\/2016\/04\/Jeric\u00f3.jpg\" alt=\"Personagem Jeric\u00f3\" width=\"529\" height=\"257\" srcset=\"https:\/\/www.cvi-rio.org.br\/site\/wp-content\/uploads\/2016\/04\/Jeric\u00f3.jpg 600w, https:\/\/www.cvi-rio.org.br\/site\/wp-content\/uploads\/2016\/04\/Jeric\u00f3-300x145.jpg 300w\" sizes=\"auto, (max-width: 529px) 100vw, 529px\" \/><\/a><\/p>\n<p style=\"text-align: justify;\">Joseph Wilson \u00e9 filho do Exterminador ou Slade, um dos maiores vil\u00f5es dos Jovens Tit\u00e3s e da DC. Antes da renova\u00e7\u00e3o da DC, ele era um menino mudo gra\u00e7as a um inimigo de seu pai. Foi um membro dos Jovens Tit\u00e3s, com seu poder de, ao fazer contato visual com a pessoa, poder assumir o controle do corpo da mesma.<\/p>\n<p style=\"text-align: center;\"><span style=\"color: #ff6600;\"><strong>ECO<\/strong><\/span><\/p>\n<p style=\"text-align: justify;\"><a href=\"http:\/\/www.cvi-rio.org.br\/site\/wp-content\/uploads\/2016\/04\/Eco.jpg\"><img loading=\"lazy\" decoding=\"async\" class=\"aligncenter  wp-image-4365\" src=\"http:\/\/www.cvi-rio.org.br\/site\/wp-content\/uploads\/2016\/04\/Eco.jpg\" alt=\"Personagem Eco\" width=\"514\" height=\"256\" \/><\/a><\/p>\n<p style=\"text-align: justify;\">Maya Lopez j\u00e1 foi uma Vingadora e namorada do Demolidor. Representa os nativos americanos e os surdos. Tem a capacidade de copiar qualquer movimento de qualquer pessoa.<\/p>\n<p style=\"text-align: center;\"><span style=\"color: #ff6600;\"><strong>DOUTOR MEIA NOITE<\/strong><\/span><\/p>\n<p><a href=\"http:\/\/www.cvi-rio.org.br\/site\/wp-content\/uploads\/2016\/04\/DOUTOR-MEIA-NOITE.jpg\"><img loading=\"lazy\" decoding=\"async\" class=\"aligncenter  wp-image-4366\" src=\"http:\/\/www.cvi-rio.org.br\/site\/wp-content\/uploads\/2016\/04\/DOUTOR-MEIA-NOITE.jpg\" alt=\"Personagem Doutor Meia Noite\" width=\"501\" height=\"209\" \/><\/a><\/p>\n<p>Charles McNider, Elizabeth Chapel ou Pieter Cross, n\u00e3o importa qual das pessoas que j\u00e1 assumiram esse manto, todos eles tinham 2 coisas em comum: eram cegos e m\u00e9dicos.<\/p>\n<p style=\"text-align: center;\"><span style=\"color: #ff6600;\"><strong>PROFESSOR XAVIER<\/strong><\/span><\/p>\n<p><a href=\"http:\/\/www.cvi-rio.org.br\/site\/wp-content\/uploads\/2016\/04\/Professor-Xavier.jpg\"><img loading=\"lazy\" decoding=\"async\" class=\"aligncenter size-full wp-image-4367\" src=\"http:\/\/www.cvi-rio.org.br\/site\/wp-content\/uploads\/2016\/04\/Professor-Xavier.jpg\" alt=\"Personagem Professor Xavier\" width=\"500\" height=\"217\" srcset=\"https:\/\/www.cvi-rio.org.br\/site\/wp-content\/uploads\/2016\/04\/Professor-Xavier.jpg 500w, https:\/\/www.cvi-rio.org.br\/site\/wp-content\/uploads\/2016\/04\/Professor-Xavier-300x130.jpg 300w\" sizes=\"auto, (max-width: 500px) 100vw, 500px\" \/><\/a><\/p>\n<p>O fundador do X-MEN, Charles Xavier \u00e9 (normalmente) parapl\u00e9gico, e anda de cadeiras de rodas.\u00a0Xavier foi considerado um dos mais poderosos ps\u00edquicos do universo <a class=\"mw-redirect\" title=\"Marvel\" href=\"https:\/\/pt.wikipedia.org\/wiki\/Marvel\">Marvel<\/a>, tendo perdido seus poderes recentemente.<\/p>\n<p style=\"text-align: center;\"><span style=\"color: #ff6600;\"><strong>DEMOLIDOR<\/strong><\/span><\/p>\n<p><a href=\"http:\/\/www.cvi-rio.org.br\/site\/wp-content\/uploads\/2016\/04\/Demolidor.jpg\"><img loading=\"lazy\" decoding=\"async\" class=\"aligncenter  wp-image-4368\" src=\"http:\/\/www.cvi-rio.org.br\/site\/wp-content\/uploads\/2016\/04\/Demolidor.jpg\" alt=\"Personagem Demolidor\" width=\"518\" height=\"234\" \/><\/a><\/p>\n<p>Talvez o personagem cego mais famoso desta lista, Matt Murdock, tamb\u00e9m conhecido como O Demolidor, \u00e9 um her\u00f3i da Marvel que atua mais nas ruas, assim como Luke Cage por exemplo, e possui incr\u00edveis habilidades de combate. Ficou cego\u00a0por causa de um acidente com material radioativo, quando foi tentar salvar um velhinho. Mas ele tamb\u00e9m ganhou poderes com isso.<\/p>\n<p style=\"text-align: center;\"><span style=\"color: #ff6600;\"><strong>OR\u00c1CULO<\/strong><\/span><\/p>\n<p><a href=\"http:\/\/www.cvi-rio.org.br\/site\/wp-content\/uploads\/2016\/04\/Or\u00e1culo.jpg\"><img loading=\"lazy\" decoding=\"async\" class=\"aligncenter  wp-image-4369\" src=\"http:\/\/www.cvi-rio.org.br\/site\/wp-content\/uploads\/2016\/04\/Or\u00e1culo.jpg\" alt=\"Personagem Or\u00e1culo\" width=\"506\" height=\"233\" \/><\/a><\/p>\n<p>A DC pode ter feito ela voltar a ser Batgirl, mas Barbara Gordon sempre ter\u00e1 um lugar nos nossos cora\u00e7\u00f5es como Or\u00e1culo, a especialista em <a id=\"spiderWordFound0\" class=\"AdSpiderClass\" rel=\"nofollow\"><\/a>computadores de todos os her\u00f3is. Com esse nome, ela foi uma das personagens <a id=\"spiderWordFound1\" class=\"AdSpiderClass\" rel=\"nofollow\"><\/a>femininas mais legais de todos os tempos, provando que estar em uma cadeira de rodas n\u00e3o \u00e9 problema nenhum. Desde o tiro que tomou do Coringa, Barbara s\u00f3 cresceu, ganhando uma personalidade que jamais teria como uma simples Batgirl.<\/p>\n<p style=\"text-align: center;\"><span style=\"color: #ff6600;\"><strong>CYBORG<\/strong><\/span><\/p>\n<p><a href=\"http:\/\/www.cvi-rio.org.br\/site\/wp-content\/uploads\/2016\/04\/Cyborg.jpg\"><img loading=\"lazy\" decoding=\"async\" class=\"aligncenter  wp-image-4370\" src=\"http:\/\/www.cvi-rio.org.br\/site\/wp-content\/uploads\/2016\/04\/Cyborg.jpg\" alt=\"Personagem Cyborg\" width=\"541\" height=\"228\" srcset=\"https:\/\/www.cvi-rio.org.br\/site\/wp-content\/uploads\/2016\/04\/Cyborg.jpg 620w, https:\/\/www.cvi-rio.org.br\/site\/wp-content\/uploads\/2016\/04\/Cyborg-300x126.jpg 300w\" sizes=\"auto, (max-width: 541px) 100vw, 541px\" \/><\/a><\/p>\n<p>Na DC antiga, ele era meio homem, meio <a id=\"spiderWordFound2\" class=\"AdSpiderClass\" rel=\"nofollow\"><\/a>m\u00e1quina, gra\u00e7as a um acidente provocado por um experimento dos seus pais. Victor Stone perdeu todos os membros, mas com a sua intelig\u00eancia, ele luta contra o mal. Na DC atual, ele \u00e9 um dos membros fundadores da Liga da Justi\u00e7a.<\/p>\n<p style=\"text-align: center;\"><span style=\"color: #ff6600;\"><strong>O CHEFE<\/strong><\/span><\/p>\n<p><a href=\"http:\/\/www.cvi-rio.org.br\/site\/wp-content\/uploads\/2016\/04\/O-Chefe.jpg\"><img loading=\"lazy\" decoding=\"async\" class=\"aligncenter  wp-image-4371\" src=\"http:\/\/www.cvi-rio.org.br\/site\/wp-content\/uploads\/2016\/04\/O-Chefe.jpg\" alt=\"Personagem O Chefe\" width=\"570\" height=\"286\" \/><\/a><\/p>\n<p style=\"text-align: justify;\">Niles Caulder \u00e9 membro do primeiro grupo chamado Patrulha do Destino, ele \u00e9 parapl\u00e9gico e dono de um grande intelecto.\u00a0Caulder usa seus conhecimentos cient\u00edficos para desenvolver in\u00fameras inven\u00e7\u00f5es e inova\u00e7\u00f5es que o tornaram ricos.<\/p>\n<p style=\"text-align: center;\"><span style=\"color: #ff6600;\"><strong>CAPIT\u00c3O MARVEL JR<\/strong><\/span><\/p>\n<p><a href=\"http:\/\/www.cvi-rio.org.br\/site\/wp-content\/uploads\/2016\/04\/Capit\u00e3o-Marvel-Jr..jpg\"><img loading=\"lazy\" decoding=\"async\" class=\"aligncenter  wp-image-4372\" src=\"http:\/\/www.cvi-rio.org.br\/site\/wp-content\/uploads\/2016\/04\/Capit\u00e3o-Marvel-Jr..jpg\" alt=\"Personagem Capit\u00e3o Marvel Jr.\" width=\"543\" height=\"257\" \/><\/a><\/p>\n<p>Informa\u00e7\u00f5es de antes das mudan\u00e7as da DC. Pescando com seu av\u00f4, o jovem Freddie Freeman foi atacado pelo Capit\u00e3o Nazista, e desde ent\u00e3o manca de uma das pernas. Mas, ao falar \u201cCapit\u00e3o Marvel\u201d, ele fica muito poderoso. Freddie j\u00e1 foi tamb\u00e9m o pr\u00f3prio Capit\u00e3o Marvel.<\/p>\n<p><strong>Extras:\u00a0<\/strong><\/p>\n<p>\u2013 Batman e Homem de Ferro j\u00e1 ficaram parapl\u00e9gicos durante algum tempo.<\/p>\n<p>\u2013 Snake-eyes, do G.I. Joe, \u00e9 mudo.<\/p>\n<p>\u2013 Gavi\u00e3o Arqueiro j\u00e1 perdeu 80% da audi\u00e7\u00e3o. Mas recuperou.<\/p>\n<p>\u2013 Doutor Estranho n\u00e3o tem todos os movimentos das m\u00e3os, pois sofreu um acidente antes de ter poderes m\u00e1gicos.<\/p>\n<p style=\"text-align: justify;\"><strong>Fonte:<\/strong> Fanboys x Geeks<\/p>\n","protected":false},"excerpt":{"rendered":"<p>Os quadrinhos est\u00e3o atualmente repletos de personagens com algum tipo de defici\u00eancia, desde Professor Xavier, nos X-Men at\u00e9 mesmo B\u00e1rbara Gordon, que teve de abandonar sua carreira como Bat-Girl para se tornar a Or\u00e1culo. Aqui vai uma lista com 10 personagens com alguma defici\u00eancia. Os quadrinhos est\u00e3o atualmente repletos de personagens com algum tipo de defici\u00eancia, desde Professor Xavier, nos X-Men at\u00e9 mesmo B\u00e1rbara Gordon, que teve de abandonar sua carreira como Bat-Girl&#8230;Continua<\/p>\n","protected":false},"author":2,"featured_media":4374,"comment_status":"open","ping_status":"open","sticky":false,"template":"","format":"standard","meta":{"_acf_changed":false,"footnotes":""},"categories":[20],"tags":[23,117,118,24,25,119],"class_list":["post-4361","post","type-post","status-publish","format-standard","has-post-thumbnail","hentry","category-noticias-diferenciadas","tag-acessibilidade","tag-educacao","tag-esporte","tag-noticias-2","tag-o-que-acontece-no-cvi-rio","tag-tecnologia-assistiva"],"acf":[],"yoast_head":"<!-- This site is optimized with the Yoast SEO plugin v26.9 - https:\/\/yoast.com\/product\/yoast-seo-wordpress\/ -->\n<title>10 personagens dos quadrinhos com defici\u00eancia - CVI-Rio<\/title>\n<meta name=\"description\" content=\"10 personagens dos quadrinhos com defici\u00eancia\" \/>\n<meta name=\"robots\" content=\"index, follow, max-snippet:-1, max-image-preview:large, max-video-preview:-1\" \/>\n<link rel=\"canonical\" href=\"https:\/\/www.cvi-rio.org.br\/site\/10-personagens-dos-quadrinhos-com-deficiencia\/\" \/>\n<meta property=\"og:locale\" content=\"pt_BR\" \/>\n<meta property=\"og:type\" content=\"article\" \/>\n<meta property=\"og:title\" content=\"10 personagens dos quadrinhos com defici\u00eancia - CVI-Rio\" \/>\n<meta property=\"og:description\" content=\"10 personagens dos quadrinhos com defici\u00eancia\" \/>\n<meta property=\"og:url\" content=\"https:\/\/www.cvi-rio.org.br\/site\/10-personagens-dos-quadrinhos-com-deficiencia\/\" \/>\n<meta property=\"og:site_name\" content=\"CVI-Rio\" \/>\n<meta property=\"article:publisher\" content=\"https:\/\/www.facebook.com\/cvi.rio\" \/>\n<meta property=\"article:published_time\" content=\"2016-04-13T16:32:20+00:00\" \/>\n<meta property=\"article:modified_time\" content=\"2016-04-13T16:33:19+00:00\" \/>\n<meta property=\"og:image\" content=\"https:\/\/www.cvi-rio.org.br\/site\/wp-content\/uploads\/2016\/04\/Quadrinhos-255-x-270.png\" \/>\n\t<meta property=\"og:image:width\" content=\"255\" \/>\n\t<meta property=\"og:image:height\" content=\"270\" \/>\n\t<meta property=\"og:image:type\" content=\"image\/png\" \/>\n<meta name=\"author\" content=\"cvi-rio\" \/>\n<meta name=\"twitter:card\" content=\"summary_large_image\" \/>\n<meta name=\"twitter:creator\" content=\"@cvirio\" \/>\n<meta name=\"twitter:site\" content=\"@cvirio\" \/>\n<meta name=\"twitter:label1\" content=\"Escrito por\" \/>\n\t<meta name=\"twitter:data1\" content=\"cvi-rio\" \/>\n\t<meta name=\"twitter:label2\" content=\"Est. tempo de leitura\" \/>\n\t<meta name=\"twitter:data2\" content=\"3 minutos\" \/>\n<script type=\"application\/ld+json\" class=\"yoast-schema-graph\">{\"@context\":\"https:\/\/schema.org\",\"@graph\":[{\"@type\":\"Article\",\"@id\":\"https:\/\/www.cvi-rio.org.br\/site\/10-personagens-dos-quadrinhos-com-deficiencia\/#article\",\"isPartOf\":{\"@id\":\"https:\/\/www.cvi-rio.org.br\/site\/10-personagens-dos-quadrinhos-com-deficiencia\/\"},\"author\":{\"name\":\"cvi-rio\",\"@id\":\"https:\/\/www.cvi-rio.org.br\/site\/#\/schema\/person\/41c81e5eb29944f8144dd6d144627d3f\"},\"headline\":\"10 personagens dos quadrinhos com defici\u00eancia\",\"datePublished\":\"2016-04-13T16:32:20+00:00\",\"dateModified\":\"2016-04-13T16:33:19+00:00\",\"mainEntityOfPage\":{\"@id\":\"https:\/\/www.cvi-rio.org.br\/site\/10-personagens-dos-quadrinhos-com-deficiencia\/\"},\"wordCount\":615,\"commentCount\":0,\"image\":{\"@id\":\"https:\/\/www.cvi-rio.org.br\/site\/10-personagens-dos-quadrinhos-com-deficiencia\/#primaryimage\"},\"thumbnailUrl\":\"https:\/\/www.cvi-rio.org.br\/site\/wp-content\/uploads\/2016\/04\/Quadrinhos-255-x-270.png\",\"keywords\":[\"Acessibilidade\",\"Educa\u00e7\u00e3o\",\"Esporte\",\"not\u00edcias\",\"o-que-acontece-no-cvi-rio\",\"Tecnologia Assistiva\"],\"articleSection\":[\"Noticias Diferenciadas\"],\"inLanguage\":\"pt-BR\",\"potentialAction\":[{\"@type\":\"CommentAction\",\"name\":\"Comment\",\"target\":[\"https:\/\/www.cvi-rio.org.br\/site\/10-personagens-dos-quadrinhos-com-deficiencia\/#respond\"]}]},{\"@type\":\"WebPage\",\"@id\":\"https:\/\/www.cvi-rio.org.br\/site\/10-personagens-dos-quadrinhos-com-deficiencia\/\",\"url\":\"https:\/\/www.cvi-rio.org.br\/site\/10-personagens-dos-quadrinhos-com-deficiencia\/\",\"name\":\"10 personagens dos quadrinhos com defici\u00eancia - CVI-Rio\",\"isPartOf\":{\"@id\":\"https:\/\/www.cvi-rio.org.br\/site\/#website\"},\"primaryImageOfPage\":{\"@id\":\"https:\/\/www.cvi-rio.org.br\/site\/10-personagens-dos-quadrinhos-com-deficiencia\/#primaryimage\"},\"image\":{\"@id\":\"https:\/\/www.cvi-rio.org.br\/site\/10-personagens-dos-quadrinhos-com-deficiencia\/#primaryimage\"},\"thumbnailUrl\":\"https:\/\/www.cvi-rio.org.br\/site\/wp-content\/uploads\/2016\/04\/Quadrinhos-255-x-270.png\",\"datePublished\":\"2016-04-13T16:32:20+00:00\",\"dateModified\":\"2016-04-13T16:33:19+00:00\",\"author\":{\"@id\":\"https:\/\/www.cvi-rio.org.br\/site\/#\/schema\/person\/41c81e5eb29944f8144dd6d144627d3f\"},\"description\":\"10 personagens dos quadrinhos com defici\u00eancia\",\"breadcrumb\":{\"@id\":\"https:\/\/www.cvi-rio.org.br\/site\/10-personagens-dos-quadrinhos-com-deficiencia\/#breadcrumb\"},\"inLanguage\":\"pt-BR\",\"potentialAction\":[{\"@type\":\"ReadAction\",\"target\":[\"https:\/\/www.cvi-rio.org.br\/site\/10-personagens-dos-quadrinhos-com-deficiencia\/\"]}]},{\"@type\":\"ImageObject\",\"inLanguage\":\"pt-BR\",\"@id\":\"https:\/\/www.cvi-rio.org.br\/site\/10-personagens-dos-quadrinhos-com-deficiencia\/#primaryimage\",\"url\":\"https:\/\/www.cvi-rio.org.br\/site\/wp-content\/uploads\/2016\/04\/Quadrinhos-255-x-270.png\",\"contentUrl\":\"https:\/\/www.cvi-rio.org.br\/site\/wp-content\/uploads\/2016\/04\/Quadrinhos-255-x-270.png\",\"width\":255,\"height\":270,\"caption\":\"10 personagens dos quadrinhos com defici\u00eancia 255-x-270\"},{\"@type\":\"BreadcrumbList\",\"@id\":\"https:\/\/www.cvi-rio.org.br\/site\/10-personagens-dos-quadrinhos-com-deficiencia\/#breadcrumb\",\"itemListElement\":[{\"@type\":\"ListItem\",\"position\":1,\"name\":\"In\u00edcio\",\"item\":\"https:\/\/www.cvi-rio.org.br\/site\/\"},{\"@type\":\"ListItem\",\"position\":2,\"name\":\"10 personagens dos quadrinhos com defici\u00eancia\"}]},{\"@type\":\"WebSite\",\"@id\":\"https:\/\/www.cvi-rio.org.br\/site\/#website\",\"url\":\"https:\/\/www.cvi-rio.org.br\/site\/\",\"name\":\"CVI-Rio\",\"description\":\"Sua limita\u00e7\u00e3o n\u00e3o \u00e9 o seu limite.\",\"potentialAction\":[{\"@type\":\"SearchAction\",\"target\":{\"@type\":\"EntryPoint\",\"urlTemplate\":\"https:\/\/www.cvi-rio.org.br\/site\/?s={search_term_string}\"},\"query-input\":{\"@type\":\"PropertyValueSpecification\",\"valueRequired\":true,\"valueName\":\"search_term_string\"}}],\"inLanguage\":\"pt-BR\"},{\"@type\":\"Person\",\"@id\":\"https:\/\/www.cvi-rio.org.br\/site\/#\/schema\/person\/41c81e5eb29944f8144dd6d144627d3f\",\"name\":\"cvi-rio\",\"image\":{\"@type\":\"ImageObject\",\"inLanguage\":\"pt-BR\",\"@id\":\"https:\/\/www.cvi-rio.org.br\/site\/#\/schema\/person\/image\/\",\"url\":\"https:\/\/secure.gravatar.com\/avatar\/5390358606d9f428f7de6d157423965d1225340234040c6f875c582d042db721?s=96&d=mm&r=g\",\"contentUrl\":\"https:\/\/secure.gravatar.com\/avatar\/5390358606d9f428f7de6d157423965d1225340234040c6f875c582d042db721?s=96&d=mm&r=g\",\"caption\":\"cvi-rio\"},\"sameAs\":[\"http:\/\/www.cvi-rio.org.br\/site\"],\"url\":\"https:\/\/www.cvi-rio.org.br\/site\/author\/admin\/\"}]}<\/script>\n<!-- \/ Yoast SEO plugin. -->","yoast_head_json":{"title":"10 personagens dos quadrinhos com defici\u00eancia - CVI-Rio","description":"10 personagens dos quadrinhos com defici\u00eancia","robots":{"index":"index","follow":"follow","max-snippet":"max-snippet:-1","max-image-preview":"max-image-preview:large","max-video-preview":"max-video-preview:-1"},"canonical":"https:\/\/www.cvi-rio.org.br\/site\/10-personagens-dos-quadrinhos-com-deficiencia\/","og_locale":"pt_BR","og_type":"article","og_title":"10 personagens dos quadrinhos com defici\u00eancia - CVI-Rio","og_description":"10 personagens dos quadrinhos com defici\u00eancia","og_url":"https:\/\/www.cvi-rio.org.br\/site\/10-personagens-dos-quadrinhos-com-deficiencia\/","og_site_name":"CVI-Rio","article_publisher":"https:\/\/www.facebook.com\/cvi.rio","article_published_time":"2016-04-13T16:32:20+00:00","article_modified_time":"2016-04-13T16:33:19+00:00","og_image":[{"width":255,"height":270,"url":"https:\/\/www.cvi-rio.org.br\/site\/wp-content\/uploads\/2016\/04\/Quadrinhos-255-x-270.png","type":"image\/png"}],"author":"cvi-rio","twitter_card":"summary_large_image","twitter_creator":"@cvirio","twitter_site":"@cvirio","twitter_misc":{"Escrito por":"cvi-rio","Est. tempo de leitura":"3 minutos"},"schema":{"@context":"https:\/\/schema.org","@graph":[{"@type":"Article","@id":"https:\/\/www.cvi-rio.org.br\/site\/10-personagens-dos-quadrinhos-com-deficiencia\/#article","isPartOf":{"@id":"https:\/\/www.cvi-rio.org.br\/site\/10-personagens-dos-quadrinhos-com-deficiencia\/"},"author":{"name":"cvi-rio","@id":"https:\/\/www.cvi-rio.org.br\/site\/#\/schema\/person\/41c81e5eb29944f8144dd6d144627d3f"},"headline":"10 personagens dos quadrinhos com defici\u00eancia","datePublished":"2016-04-13T16:32:20+00:00","dateModified":"2016-04-13T16:33:19+00:00","mainEntityOfPage":{"@id":"https:\/\/www.cvi-rio.org.br\/site\/10-personagens-dos-quadrinhos-com-deficiencia\/"},"wordCount":615,"commentCount":0,"image":{"@id":"https:\/\/www.cvi-rio.org.br\/site\/10-personagens-dos-quadrinhos-com-deficiencia\/#primaryimage"},"thumbnailUrl":"https:\/\/www.cvi-rio.org.br\/site\/wp-content\/uploads\/2016\/04\/Quadrinhos-255-x-270.png","keywords":["Acessibilidade","Educa\u00e7\u00e3o","Esporte","not\u00edcias","o-que-acontece-no-cvi-rio","Tecnologia Assistiva"],"articleSection":["Noticias Diferenciadas"],"inLanguage":"pt-BR","potentialAction":[{"@type":"CommentAction","name":"Comment","target":["https:\/\/www.cvi-rio.org.br\/site\/10-personagens-dos-quadrinhos-com-deficiencia\/#respond"]}]},{"@type":"WebPage","@id":"https:\/\/www.cvi-rio.org.br\/site\/10-personagens-dos-quadrinhos-com-deficiencia\/","url":"https:\/\/www.cvi-rio.org.br\/site\/10-personagens-dos-quadrinhos-com-deficiencia\/","name":"10 personagens dos quadrinhos com defici\u00eancia - CVI-Rio","isPartOf":{"@id":"https:\/\/www.cvi-rio.org.br\/site\/#website"},"primaryImageOfPage":{"@id":"https:\/\/www.cvi-rio.org.br\/site\/10-personagens-dos-quadrinhos-com-deficiencia\/#primaryimage"},"image":{"@id":"https:\/\/www.cvi-rio.org.br\/site\/10-personagens-dos-quadrinhos-com-deficiencia\/#primaryimage"},"thumbnailUrl":"https:\/\/www.cvi-rio.org.br\/site\/wp-content\/uploads\/2016\/04\/Quadrinhos-255-x-270.png","datePublished":"2016-04-13T16:32:20+00:00","dateModified":"2016-04-13T16:33:19+00:00","author":{"@id":"https:\/\/www.cvi-rio.org.br\/site\/#\/schema\/person\/41c81e5eb29944f8144dd6d144627d3f"},"description":"10 personagens dos quadrinhos com defici\u00eancia","breadcrumb":{"@id":"https:\/\/www.cvi-rio.org.br\/site\/10-personagens-dos-quadrinhos-com-deficiencia\/#breadcrumb"},"inLanguage":"pt-BR","potentialAction":[{"@type":"ReadAction","target":["https:\/\/www.cvi-rio.org.br\/site\/10-personagens-dos-quadrinhos-com-deficiencia\/"]}]},{"@type":"ImageObject","inLanguage":"pt-BR","@id":"https:\/\/www.cvi-rio.org.br\/site\/10-personagens-dos-quadrinhos-com-deficiencia\/#primaryimage","url":"https:\/\/www.cvi-rio.org.br\/site\/wp-content\/uploads\/2016\/04\/Quadrinhos-255-x-270.png","contentUrl":"https:\/\/www.cvi-rio.org.br\/site\/wp-content\/uploads\/2016\/04\/Quadrinhos-255-x-270.png","width":255,"height":270,"caption":"10 personagens dos quadrinhos com defici\u00eancia 255-x-270"},{"@type":"BreadcrumbList","@id":"https:\/\/www.cvi-rio.org.br\/site\/10-personagens-dos-quadrinhos-com-deficiencia\/#breadcrumb","itemListElement":[{"@type":"ListItem","position":1,"name":"In\u00edcio","item":"https:\/\/www.cvi-rio.org.br\/site\/"},{"@type":"ListItem","position":2,"name":"10 personagens dos quadrinhos com defici\u00eancia"}]},{"@type":"WebSite","@id":"https:\/\/www.cvi-rio.org.br\/site\/#website","url":"https:\/\/www.cvi-rio.org.br\/site\/","name":"CVI-Rio","description":"Sua limita\u00e7\u00e3o n\u00e3o \u00e9 o seu limite.","potentialAction":[{"@type":"SearchAction","target":{"@type":"EntryPoint","urlTemplate":"https:\/\/www.cvi-rio.org.br\/site\/?s={search_term_string}"},"query-input":{"@type":"PropertyValueSpecification","valueRequired":true,"valueName":"search_term_string"}}],"inLanguage":"pt-BR"},{"@type":"Person","@id":"https:\/\/www.cvi-rio.org.br\/site\/#\/schema\/person\/41c81e5eb29944f8144dd6d144627d3f","name":"cvi-rio","image":{"@type":"ImageObject","inLanguage":"pt-BR","@id":"https:\/\/www.cvi-rio.org.br\/site\/#\/schema\/person\/image\/","url":"https:\/\/secure.gravatar.com\/avatar\/5390358606d9f428f7de6d157423965d1225340234040c6f875c582d042db721?s=96&d=mm&r=g","contentUrl":"https:\/\/secure.gravatar.com\/avatar\/5390358606d9f428f7de6d157423965d1225340234040c6f875c582d042db721?s=96&d=mm&r=g","caption":"cvi-rio"},"sameAs":["http:\/\/www.cvi-rio.org.br\/site"],"url":"https:\/\/www.cvi-rio.org.br\/site\/author\/admin\/"}]}},"_links":{"self":[{"href":"https:\/\/www.cvi-rio.org.br\/site\/wp-json\/wp\/v2\/posts\/4361","targetHints":{"allow":["GET"]}}],"collection":[{"href":"https:\/\/www.cvi-rio.org.br\/site\/wp-json\/wp\/v2\/posts"}],"about":[{"href":"https:\/\/www.cvi-rio.org.br\/site\/wp-json\/wp\/v2\/types\/post"}],"author":[{"embeddable":true,"href":"https:\/\/www.cvi-rio.org.br\/site\/wp-json\/wp\/v2\/users\/2"}],"replies":[{"embeddable":true,"href":"https:\/\/www.cvi-rio.org.br\/site\/wp-json\/wp\/v2\/comments?post=4361"}],"version-history":[{"count":4,"href":"https:\/\/www.cvi-rio.org.br\/site\/wp-json\/wp\/v2\/posts\/4361\/revisions"}],"predecessor-version":[{"id":4376,"href":"https:\/\/www.cvi-rio.org.br\/site\/wp-json\/wp\/v2\/posts\/4361\/revisions\/4376"}],"wp:featuredmedia":[{"embeddable":true,"href":"https:\/\/www.cvi-rio.org.br\/site\/wp-json\/wp\/v2\/media\/4374"}],"wp:attachment":[{"href":"https:\/\/www.cvi-rio.org.br\/site\/wp-json\/wp\/v2\/media?parent=4361"}],"wp:term":[{"taxonomy":"category","embeddable":true,"href":"https:\/\/www.cvi-rio.org.br\/site\/wp-json\/wp\/v2\/categories?post=4361"},{"taxonomy":"post_tag","embeddable":true,"href":"https:\/\/www.cvi-rio.org.br\/site\/wp-json\/wp\/v2\/tags?post=4361"}],"curies":[{"name":"wp","href":"https:\/\/api.w.org\/{rel}","templated":true}]}}