{"id":386,"date":"2015-02-26T14:54:11","date_gmt":"2015-02-26T17:54:11","guid":{"rendered":"http:\/\/www.cvi-rio.org.br\/site\/?p=386"},"modified":"2015-12-15T11:04:16","modified_gmt":"2015-12-15T14:04:16","slug":"aventuras-na-africa","status":"publish","type":"post","link":"https:\/\/www.cvi-rio.org.br\/site\/aventuras-na-africa\/","title":{"rendered":"Aventuras na \u00c1frica"},"content":{"rendered":"<p style=\"text-align: justify;\"><a href=\"http:\/\/www.cvi-rio.org.br\/site\/wp-content\/uploads\/2015\/02\/Viagem-a-\u00c1frica.jpg\"><img loading=\"lazy\" decoding=\"async\" class=\"aligncenter wp-image-390 size-full\" src=\"http:\/\/www.cvi-rio.org.br\/site\/wp-content\/uploads\/2015\/02\/Viagem-a-\u00c1frica.jpg\" alt=\"Aventuras na \u00c1frica\" width=\"620\" height=\"400\" srcset=\"https:\/\/www.cvi-rio.org.br\/site\/wp-content\/uploads\/2015\/02\/Viagem-a-\u00c1frica.jpg 620w, https:\/\/www.cvi-rio.org.br\/site\/wp-content\/uploads\/2015\/02\/Viagem-a-\u00c1frica-300x193.jpg 300w\" sizes=\"auto, (max-width: 620px) 100vw, 620px\" \/><\/a><\/p>\n<p style=\"text-align: justify;\">A defici\u00eancia nas pernas n\u00e3o impediu a jornalista goiana J\u00e9ssica Paula Prego, de 23 anos, de realizar o sonho de viajar sozinha por quatro pa\u00edses da \u00c1frica, durante dois meses. Agora, ela quer contar em um livro as hist\u00f3rias que escutou, aventuras e dificuldades superadas. O objetivo \u00e9 que a publica\u00e7\u00e3o seja feita at\u00e9 o final do ano.<\/p>\n<p style=\"text-align: justify;\">\u201c\u00c9 uma grande aventura e eu conto uma hist\u00f3ria de uma grande viagem. Eu acho que as pessoas podem se incentivar a fazer coisas diferentes, que elas t\u00eam vontade de fazer, mas n\u00e3o t\u00eam coragem\u201d, diz a jornalista.<\/p>\n<p style=\"text-align: justify;\">Moradora de Rio Verde, no sudoeste de Goi\u00e1s, J\u00e9ssica perdeu parte dos movimentos das pernas aos seis anos de idade devido a uma mielite, infec\u00e7\u00e3o na medula que provoca paralisia. A jovem conta com a ajuda de muletas para se locomover.<\/p>\n<p style=\"text-align: justify;\">Para ela, a defici\u00eancia ajudou nas descobertas que fez durante a viagem pela Eti\u00f3pia, Sud\u00e3o, Sud\u00e3o do Sul e Uganda, em 2013. \u201cAs pessoas eram muito receptivas. Com a defici\u00eancia f\u00edsica, eles se sentiam quase de igual a igual, n\u00e3o tinham receio, queriam me ajudar\u201d, conta J\u00e9ssica.<\/p>\n<p style=\"text-align: justify;\">Durante a aventura, ela contraiu mal\u00e1ria. Apesar de a enfermidade ser normal na regi\u00e3o, esta foi uma das principais dificuldades enfrentadas pela jovem.<\/p>\n<p style=\"text-align: justify;\">M\u00e3e da jornalista, a empres\u00e1ria Eliete Maria da Silva afirma que j\u00e1 passou noites sem dormir por causa da viagem da filha. Para ela, a determina\u00e7\u00e3o de J\u00e9ssica \u00e9 um exemplo. \u201cAcho que ela \u00e9 um exemplo de vida, de for\u00e7a, de determina\u00e7\u00e3o at\u00e9 para mim mesma, como m\u00e3e, pois, \u00e0s vezes, em vez de ela se espelhar em mim, eu me espelho nela\u201d, diz, orgulhosa.<\/p>\n<p><strong>Fonte: G1.<\/strong><\/p>\n","protected":false},"excerpt":{"rendered":"<p>A defici\u00eancia nas pernas n\u00e3o impediu a jornalista goiana J\u00e9ssica Paula Prego, de 23 anos, de realizar o sonho de viajar sozinha&#8230;Continua<\/p>\n","protected":false},"author":2,"featured_media":1431,"comment_status":"open","ping_status":"open","sticky":false,"template":"","format":"standard","meta":{"_acf_changed":false,"footnotes":""},"categories":[14],"tags":[23,117,118,24,25,119],"class_list":["post-386","post","type-post","status-publish","format-standard","has-post-thumbnail","hentry","category-turismo","tag-acessibilidade","tag-educacao","tag-esporte","tag-noticias-2","tag-o-que-acontece-no-cvi-rio","tag-tecnologia-assistiva"],"acf":[],"yoast_head":"<!-- This site is optimized with the Yoast SEO plugin v26.9 - https:\/\/yoast.com\/product\/yoast-seo-wordpress\/ -->\n<title>Aventuras na \u00c1frica - CVI-Rio<\/title>\n<meta name=\"description\" content=\"Aventuras na \u00c1frica\" \/>\n<meta name=\"robots\" content=\"index, follow, max-snippet:-1, max-image-preview:large, max-video-preview:-1\" \/>\n<link rel=\"canonical\" href=\"https:\/\/www.cvi-rio.org.br\/site\/aventuras-na-africa\/\" \/>\n<meta property=\"og:locale\" content=\"pt_BR\" \/>\n<meta property=\"og:type\" content=\"article\" \/>\n<meta property=\"og:title\" content=\"Aventuras na \u00c1frica - CVI-Rio\" \/>\n<meta property=\"og:description\" content=\"Aventuras na \u00c1frica\" \/>\n<meta property=\"og:url\" content=\"https:\/\/www.cvi-rio.org.br\/site\/aventuras-na-africa\/\" \/>\n<meta property=\"og:site_name\" content=\"CVI-Rio\" \/>\n<meta property=\"article:publisher\" content=\"https:\/\/www.facebook.com\/cvi.rio\" \/>\n<meta property=\"article:published_time\" content=\"2015-02-26T17:54:11+00:00\" \/>\n<meta property=\"article:modified_time\" content=\"2015-12-15T14:04:16+00:00\" \/>\n<meta property=\"og:image\" content=\"https:\/\/www.cvi-rio.org.br\/site\/wp-content\/uploads\/2015\/02\/Aventuras-na-Africa-368-x-122.png\" \/>\n\t<meta property=\"og:image:width\" content=\"368\" \/>\n\t<meta property=\"og:image:height\" content=\"122\" \/>\n\t<meta property=\"og:image:type\" content=\"image\/png\" \/>\n<meta name=\"author\" content=\"cvi-rio\" \/>\n<meta name=\"twitter:card\" content=\"summary_large_image\" \/>\n<meta name=\"twitter:creator\" content=\"@cvirio\" \/>\n<meta name=\"twitter:site\" content=\"@cvirio\" \/>\n<meta name=\"twitter:label1\" content=\"Escrito por\" \/>\n\t<meta name=\"twitter:data1\" content=\"cvi-rio\" \/>\n\t<meta name=\"twitter:label2\" content=\"Est. tempo de leitura\" \/>\n\t<meta name=\"twitter:data2\" content=\"1 minuto\" \/>\n<script type=\"application\/ld+json\" class=\"yoast-schema-graph\">{\"@context\":\"https:\/\/schema.org\",\"@graph\":[{\"@type\":\"Article\",\"@id\":\"https:\/\/www.cvi-rio.org.br\/site\/aventuras-na-africa\/#article\",\"isPartOf\":{\"@id\":\"https:\/\/www.cvi-rio.org.br\/site\/aventuras-na-africa\/\"},\"author\":{\"name\":\"cvi-rio\",\"@id\":\"https:\/\/www.cvi-rio.org.br\/site\/#\/schema\/person\/41c81e5eb29944f8144dd6d144627d3f\"},\"headline\":\"Aventuras na \u00c1frica\",\"datePublished\":\"2015-02-26T17:54:11+00:00\",\"dateModified\":\"2015-12-15T14:04:16+00:00\",\"mainEntityOfPage\":{\"@id\":\"https:\/\/www.cvi-rio.org.br\/site\/aventuras-na-africa\/\"},\"wordCount\":302,\"commentCount\":0,\"image\":{\"@id\":\"https:\/\/www.cvi-rio.org.br\/site\/aventuras-na-africa\/#primaryimage\"},\"thumbnailUrl\":\"https:\/\/www.cvi-rio.org.br\/site\/wp-content\/uploads\/2015\/02\/Aventuras-na-Africa-368-x-122.png\",\"keywords\":[\"Acessibilidade\",\"Educa\u00e7\u00e3o\",\"Esporte\",\"not\u00edcias\",\"o-que-acontece-no-cvi-rio\",\"Tecnologia Assistiva\"],\"articleSection\":[\"Turismo\"],\"inLanguage\":\"pt-BR\",\"potentialAction\":[{\"@type\":\"CommentAction\",\"name\":\"Comment\",\"target\":[\"https:\/\/www.cvi-rio.org.br\/site\/aventuras-na-africa\/#respond\"]}]},{\"@type\":\"WebPage\",\"@id\":\"https:\/\/www.cvi-rio.org.br\/site\/aventuras-na-africa\/\",\"url\":\"https:\/\/www.cvi-rio.org.br\/site\/aventuras-na-africa\/\",\"name\":\"Aventuras na \u00c1frica - CVI-Rio\",\"isPartOf\":{\"@id\":\"https:\/\/www.cvi-rio.org.br\/site\/#website\"},\"primaryImageOfPage\":{\"@id\":\"https:\/\/www.cvi-rio.org.br\/site\/aventuras-na-africa\/#primaryimage\"},\"image\":{\"@id\":\"https:\/\/www.cvi-rio.org.br\/site\/aventuras-na-africa\/#primaryimage\"},\"thumbnailUrl\":\"https:\/\/www.cvi-rio.org.br\/site\/wp-content\/uploads\/2015\/02\/Aventuras-na-Africa-368-x-122.png\",\"datePublished\":\"2015-02-26T17:54:11+00:00\",\"dateModified\":\"2015-12-15T14:04:16+00:00\",\"author\":{\"@id\":\"https:\/\/www.cvi-rio.org.br\/site\/#\/schema\/person\/41c81e5eb29944f8144dd6d144627d3f\"},\"description\":\"Aventuras na \u00c1frica\",\"breadcrumb\":{\"@id\":\"https:\/\/www.cvi-rio.org.br\/site\/aventuras-na-africa\/#breadcrumb\"},\"inLanguage\":\"pt-BR\",\"potentialAction\":[{\"@type\":\"ReadAction\",\"target\":[\"https:\/\/www.cvi-rio.org.br\/site\/aventuras-na-africa\/\"]}]},{\"@type\":\"ImageObject\",\"inLanguage\":\"pt-BR\",\"@id\":\"https:\/\/www.cvi-rio.org.br\/site\/aventuras-na-africa\/#primaryimage\",\"url\":\"https:\/\/www.cvi-rio.org.br\/site\/wp-content\/uploads\/2015\/02\/Aventuras-na-Africa-368-x-122.png\",\"contentUrl\":\"https:\/\/www.cvi-rio.org.br\/site\/wp-content\/uploads\/2015\/02\/Aventuras-na-Africa-368-x-122.png\",\"width\":368,\"height\":122,\"caption\":\"Aventuras-na-Africa-368-x-122\"},{\"@type\":\"BreadcrumbList\",\"@id\":\"https:\/\/www.cvi-rio.org.br\/site\/aventuras-na-africa\/#breadcrumb\",\"itemListElement\":[{\"@type\":\"ListItem\",\"position\":1,\"name\":\"In\u00edcio\",\"item\":\"https:\/\/www.cvi-rio.org.br\/site\/\"},{\"@type\":\"ListItem\",\"position\":2,\"name\":\"Aventuras na \u00c1frica\"}]},{\"@type\":\"WebSite\",\"@id\":\"https:\/\/www.cvi-rio.org.br\/site\/#website\",\"url\":\"https:\/\/www.cvi-rio.org.br\/site\/\",\"name\":\"CVI-Rio\",\"description\":\"Sua limita\u00e7\u00e3o n\u00e3o \u00e9 o seu limite.\",\"potentialAction\":[{\"@type\":\"SearchAction\",\"target\":{\"@type\":\"EntryPoint\",\"urlTemplate\":\"https:\/\/www.cvi-rio.org.br\/site\/?s={search_term_string}\"},\"query-input\":{\"@type\":\"PropertyValueSpecification\",\"valueRequired\":true,\"valueName\":\"search_term_string\"}}],\"inLanguage\":\"pt-BR\"},{\"@type\":\"Person\",\"@id\":\"https:\/\/www.cvi-rio.org.br\/site\/#\/schema\/person\/41c81e5eb29944f8144dd6d144627d3f\",\"name\":\"cvi-rio\",\"image\":{\"@type\":\"ImageObject\",\"inLanguage\":\"pt-BR\",\"@id\":\"https:\/\/www.cvi-rio.org.br\/site\/#\/schema\/person\/image\/\",\"url\":\"https:\/\/secure.gravatar.com\/avatar\/5390358606d9f428f7de6d157423965d1225340234040c6f875c582d042db721?s=96&d=mm&r=g\",\"contentUrl\":\"https:\/\/secure.gravatar.com\/avatar\/5390358606d9f428f7de6d157423965d1225340234040c6f875c582d042db721?s=96&d=mm&r=g\",\"caption\":\"cvi-rio\"},\"sameAs\":[\"http:\/\/www.cvi-rio.org.br\/site\"],\"url\":\"https:\/\/www.cvi-rio.org.br\/site\/author\/admin\/\"}]}<\/script>\n<!-- \/ Yoast SEO plugin. -->","yoast_head_json":{"title":"Aventuras na \u00c1frica - CVI-Rio","description":"Aventuras na \u00c1frica","robots":{"index":"index","follow":"follow","max-snippet":"max-snippet:-1","max-image-preview":"max-image-preview:large","max-video-preview":"max-video-preview:-1"},"canonical":"https:\/\/www.cvi-rio.org.br\/site\/aventuras-na-africa\/","og_locale":"pt_BR","og_type":"article","og_title":"Aventuras na \u00c1frica - CVI-Rio","og_description":"Aventuras na \u00c1frica","og_url":"https:\/\/www.cvi-rio.org.br\/site\/aventuras-na-africa\/","og_site_name":"CVI-Rio","article_publisher":"https:\/\/www.facebook.com\/cvi.rio","article_published_time":"2015-02-26T17:54:11+00:00","article_modified_time":"2015-12-15T14:04:16+00:00","og_image":[{"width":368,"height":122,"url":"https:\/\/www.cvi-rio.org.br\/site\/wp-content\/uploads\/2015\/02\/Aventuras-na-Africa-368-x-122.png","type":"image\/png"}],"author":"cvi-rio","twitter_card":"summary_large_image","twitter_creator":"@cvirio","twitter_site":"@cvirio","twitter_misc":{"Escrito por":"cvi-rio","Est. tempo de leitura":"1 minuto"},"schema":{"@context":"https:\/\/schema.org","@graph":[{"@type":"Article","@id":"https:\/\/www.cvi-rio.org.br\/site\/aventuras-na-africa\/#article","isPartOf":{"@id":"https:\/\/www.cvi-rio.org.br\/site\/aventuras-na-africa\/"},"author":{"name":"cvi-rio","@id":"https:\/\/www.cvi-rio.org.br\/site\/#\/schema\/person\/41c81e5eb29944f8144dd6d144627d3f"},"headline":"Aventuras na \u00c1frica","datePublished":"2015-02-26T17:54:11+00:00","dateModified":"2015-12-15T14:04:16+00:00","mainEntityOfPage":{"@id":"https:\/\/www.cvi-rio.org.br\/site\/aventuras-na-africa\/"},"wordCount":302,"commentCount":0,"image":{"@id":"https:\/\/www.cvi-rio.org.br\/site\/aventuras-na-africa\/#primaryimage"},"thumbnailUrl":"https:\/\/www.cvi-rio.org.br\/site\/wp-content\/uploads\/2015\/02\/Aventuras-na-Africa-368-x-122.png","keywords":["Acessibilidade","Educa\u00e7\u00e3o","Esporte","not\u00edcias","o-que-acontece-no-cvi-rio","Tecnologia Assistiva"],"articleSection":["Turismo"],"inLanguage":"pt-BR","potentialAction":[{"@type":"CommentAction","name":"Comment","target":["https:\/\/www.cvi-rio.org.br\/site\/aventuras-na-africa\/#respond"]}]},{"@type":"WebPage","@id":"https:\/\/www.cvi-rio.org.br\/site\/aventuras-na-africa\/","url":"https:\/\/www.cvi-rio.org.br\/site\/aventuras-na-africa\/","name":"Aventuras na \u00c1frica - CVI-Rio","isPartOf":{"@id":"https:\/\/www.cvi-rio.org.br\/site\/#website"},"primaryImageOfPage":{"@id":"https:\/\/www.cvi-rio.org.br\/site\/aventuras-na-africa\/#primaryimage"},"image":{"@id":"https:\/\/www.cvi-rio.org.br\/site\/aventuras-na-africa\/#primaryimage"},"thumbnailUrl":"https:\/\/www.cvi-rio.org.br\/site\/wp-content\/uploads\/2015\/02\/Aventuras-na-Africa-368-x-122.png","datePublished":"2015-02-26T17:54:11+00:00","dateModified":"2015-12-15T14:04:16+00:00","author":{"@id":"https:\/\/www.cvi-rio.org.br\/site\/#\/schema\/person\/41c81e5eb29944f8144dd6d144627d3f"},"description":"Aventuras na \u00c1frica","breadcrumb":{"@id":"https:\/\/www.cvi-rio.org.br\/site\/aventuras-na-africa\/#breadcrumb"},"inLanguage":"pt-BR","potentialAction":[{"@type":"ReadAction","target":["https:\/\/www.cvi-rio.org.br\/site\/aventuras-na-africa\/"]}]},{"@type":"ImageObject","inLanguage":"pt-BR","@id":"https:\/\/www.cvi-rio.org.br\/site\/aventuras-na-africa\/#primaryimage","url":"https:\/\/www.cvi-rio.org.br\/site\/wp-content\/uploads\/2015\/02\/Aventuras-na-Africa-368-x-122.png","contentUrl":"https:\/\/www.cvi-rio.org.br\/site\/wp-content\/uploads\/2015\/02\/Aventuras-na-Africa-368-x-122.png","width":368,"height":122,"caption":"Aventuras-na-Africa-368-x-122"},{"@type":"BreadcrumbList","@id":"https:\/\/www.cvi-rio.org.br\/site\/aventuras-na-africa\/#breadcrumb","itemListElement":[{"@type":"ListItem","position":1,"name":"In\u00edcio","item":"https:\/\/www.cvi-rio.org.br\/site\/"},{"@type":"ListItem","position":2,"name":"Aventuras na \u00c1frica"}]},{"@type":"WebSite","@id":"https:\/\/www.cvi-rio.org.br\/site\/#website","url":"https:\/\/www.cvi-rio.org.br\/site\/","name":"CVI-Rio","description":"Sua limita\u00e7\u00e3o n\u00e3o \u00e9 o seu limite.","potentialAction":[{"@type":"SearchAction","target":{"@type":"EntryPoint","urlTemplate":"https:\/\/www.cvi-rio.org.br\/site\/?s={search_term_string}"},"query-input":{"@type":"PropertyValueSpecification","valueRequired":true,"valueName":"search_term_string"}}],"inLanguage":"pt-BR"},{"@type":"Person","@id":"https:\/\/www.cvi-rio.org.br\/site\/#\/schema\/person\/41c81e5eb29944f8144dd6d144627d3f","name":"cvi-rio","image":{"@type":"ImageObject","inLanguage":"pt-BR","@id":"https:\/\/www.cvi-rio.org.br\/site\/#\/schema\/person\/image\/","url":"https:\/\/secure.gravatar.com\/avatar\/5390358606d9f428f7de6d157423965d1225340234040c6f875c582d042db721?s=96&d=mm&r=g","contentUrl":"https:\/\/secure.gravatar.com\/avatar\/5390358606d9f428f7de6d157423965d1225340234040c6f875c582d042db721?s=96&d=mm&r=g","caption":"cvi-rio"},"sameAs":["http:\/\/www.cvi-rio.org.br\/site"],"url":"https:\/\/www.cvi-rio.org.br\/site\/author\/admin\/"}]}},"_links":{"self":[{"href":"https:\/\/www.cvi-rio.org.br\/site\/wp-json\/wp\/v2\/posts\/386","targetHints":{"allow":["GET"]}}],"collection":[{"href":"https:\/\/www.cvi-rio.org.br\/site\/wp-json\/wp\/v2\/posts"}],"about":[{"href":"https:\/\/www.cvi-rio.org.br\/site\/wp-json\/wp\/v2\/types\/post"}],"author":[{"embeddable":true,"href":"https:\/\/www.cvi-rio.org.br\/site\/wp-json\/wp\/v2\/users\/2"}],"replies":[{"embeddable":true,"href":"https:\/\/www.cvi-rio.org.br\/site\/wp-json\/wp\/v2\/comments?post=386"}],"version-history":[{"count":10,"href":"https:\/\/www.cvi-rio.org.br\/site\/wp-json\/wp\/v2\/posts\/386\/revisions"}],"predecessor-version":[{"id":2982,"href":"https:\/\/www.cvi-rio.org.br\/site\/wp-json\/wp\/v2\/posts\/386\/revisions\/2982"}],"wp:featuredmedia":[{"embeddable":true,"href":"https:\/\/www.cvi-rio.org.br\/site\/wp-json\/wp\/v2\/media\/1431"}],"wp:attachment":[{"href":"https:\/\/www.cvi-rio.org.br\/site\/wp-json\/wp\/v2\/media?parent=386"}],"wp:term":[{"taxonomy":"category","embeddable":true,"href":"https:\/\/www.cvi-rio.org.br\/site\/wp-json\/wp\/v2\/categories?post=386"},{"taxonomy":"post_tag","embeddable":true,"href":"https:\/\/www.cvi-rio.org.br\/site\/wp-json\/wp\/v2\/tags?post=386"}],"curies":[{"name":"wp","href":"https:\/\/api.w.org\/{rel}","templated":true}]}}