{"id":3205,"date":"2016-02-03T08:13:35","date_gmt":"2016-02-03T11:13:35","guid":{"rendered":"http:\/\/www.cvi-rio.org.br\/site\/?p=3205"},"modified":"2016-02-03T08:30:28","modified_gmt":"2016-02-03T11:30:28","slug":"lugares-acessiveis-para-viajar-neste-verao","status":"publish","type":"post","link":"https:\/\/www.cvi-rio.org.br\/site\/lugares-acessiveis-para-viajar-neste-verao\/","title":{"rendered":"Lugares onde \u00e9 poss\u00edvel fazer turismo acess\u00edvel"},"content":{"rendered":"<figure id=\"attachment_3216\" class=\"thumbnail wp-caption alignleft\" style=\"width: 462px\"><a href=\"http:\/\/www.cvi-rio.org.br\/site\/wp-content\/uploads\/2016\/02\/Turismo.jpg\"><img loading=\"lazy\" decoding=\"async\" class=\" wp-image-3216\" src=\"http:\/\/www.cvi-rio.org.br\/site\/wp-content\/uploads\/2016\/02\/Turismo.jpg\" alt=\"No local, \u00e9 poss\u00edvel fazer um passeio sensorial, com pessoas cegas acompanhando os visitantes, que ficam de olhos vendados Foto: Alexandre Rotenberg \/ Shutterstock\" width=\"452\" height=\"273\" \/><\/a><figcaption class=\"caption wp-caption-text\">No local, \u00e9 poss\u00edvel fazer um passeio sensorial, com pessoas cegas acompanhando os visitantes, que ficam de olhos vendados<br \/>Foto: Alexandre Rotenberg \/ Shutterstock<\/figcaption><\/figure>\n<p style=\"text-align: justify;\"><em>O Brasil tem 45,6 milh\u00f5es de pessoas com defici\u00eancia, mas nem todos os destinos est\u00e3o preparados para receber este p\u00fablico<\/em><\/p>\n<p style=\"text-align: justify;\">Cerca de 45,6 milh\u00f5es de brasileiros t\u00eam\u00a0alguma defici\u00eancia, segundo o Censo 2010 \u2013 o que corresponde a quase 24% da popula\u00e7\u00e3o. Considerando que a ideia de inclus\u00e3o social tamb\u00e9m passa pela atividade tur\u00edstica, \u00e9 fundamental a adapta\u00e7\u00e3o de espa\u00e7os p\u00fablicos e privados para que um n\u00famero cada vez maior de pessoas com defici\u00eancia e mobilidade reduzida tenham autonomia e possibilidade de viajar.<\/p>\n<p class=\"text\" style=\"text-align: justify;\">Conhe\u00e7a lugares no pa\u00eds onde o direito \u00e0 acessibilidade \u00e9 garantido na pr\u00e1tica.<\/p>\n<p class=\"text\" style=\"text-align: justify;\"><strong>Praia de Ponta Negra, Natal (RN) &#8211; <\/strong>Cadeiras de rodas anf\u00edbias e salva-vidas habilitados para ajudar no banho assistido d\u00e3o a certeza de que praia pode ser, sim, um lugar amig\u00e1vel para pessoas com defici\u00eancia.<\/p>\n<p class=\"text\" style=\"text-align: justify;\"><strong>Shopping Pa\u00e7o Alf\u00e2ndega, Recife (PE) &#8211; <\/strong>A decora\u00e7\u00e3o \u00e9 inspirada nos desenhos do escritor Ariano Suassuna. Adaptado a partir de uma constru\u00e7\u00e3o de 1732, o edif\u00edcio tem sinaliza\u00e7\u00e3o em braile nos elevadores e banheiros acess\u00edveis.<\/p>\n<p class=\"text\" style=\"text-align: justify;\"><strong>Beach Park, Fortaleza (CE) &#8211; <\/strong>Pessoas com defici\u00eancia t\u00eam direito a 80% de descontos nos ingressos e a um atendimento especial de funcion\u00e1rios e salva-vidas, preparados para ajudar no uso dos brinquedos adequados para cada caso.<\/p>\n<p class=\"text\" style=\"text-align: justify;\"><strong>Museu de Arte Sacra, Salvador (BA) &#8211; <\/strong>Instalado no antigo Convento de Santa Teresa D\u2019\u00c1vila, \u00e9 especializado em esculturas dos s\u00e9culos 17 e 18. O acesso para idosos e cadeirantes \u00e9 facilitado por elevadores bem instalados e corredores amplos.<\/p>\n<p class=\"text\" style=\"text-align: justify;\"><strong>Socorro (SP) &#8211; <\/strong>Localizada a aproximadamente 132 km da capital paulista, Socorro tem entre seus pontos fortes a natureza. No munic\u00edpio, que est\u00e1 na Serra da Mantiqueira, h\u00e1 fontes de \u00e1gua mineral, rios e cachoeiras, al\u00e9m de centro hist\u00f3rico, hot\u00e9is fazenda e bons restaurantes. Mas o que chama a aten\u00e7\u00e3o \u00e9 o fato de a cidade ser refer\u00eancia no turismo acess\u00edvel, com atra\u00e7\u00f5es adaptadas para portadores de defici\u00eancia. O Lugar foi premiado internacionalmente por isso.<\/p>\n<p class=\"text\" style=\"text-align: justify;\"><strong>Congresso Nacional, Bras\u00edlia (DF) &#8211; <\/strong>A casa, que abriga a C\u00e2mara dos Deputados e o Senado Federal, oferece visitas guiadas em libras e acesso amig\u00e1vel para cadeirantes \u2013 assim como acontece nas visitas guiadas ao Pal\u00e1cio da Alvorada e ao Pal\u00e1cio do Itamaraty.<\/p>\n<p class=\"text\" style=\"text-align: justify;\"><strong>Bonito (MS) &#8211; <\/strong>Muitos dos locais s\u00e3o de dif\u00edcil acesso. Mas h\u00e1 rios e cachoeiras perfeitos para idosos e pessoas com defici\u00eancia. Em boa parte dos passeios, existem guias tur\u00edsticos preparados para atender a situa\u00e7\u00f5es especiais.<\/p>\n<p class=\"text\" style=\"text-align: justify;\"><strong>Chapada do Guimar\u00e3es (MT) &#8211; <\/strong>Existe uma trilha para defici\u00eancias visuais, com cord\u00f5es e sinaliza\u00e7\u00e3o t\u00e1til que ajuda a conhecer as esp\u00e9cies nativas que habitam a regi\u00e3o. A rede hoteleira tamb\u00e9m est\u00e1 preparada para atender a este p\u00fablico.<\/p>\n<p class=\"text\" style=\"text-align: justify;\"><strong>Aqu\u00e1rio S\u00e3o Paulo, S\u00e3o Paulo (SP) &#8211; <\/strong>Oferece meia-entrada para idosos e acesso amig\u00e1vel para cadeirantes. Mas todos, de qualquer idade, t\u00eam algo a aprender com o maior aqu\u00e1rio da Am\u00e9rica do Sul.<\/p>\n<p class=\"text\" style=\"text-align: justify;\"><strong>Museu de Arte de S\u00e3o Paulo, S\u00e3o Paulo (SP) &#8211; <\/strong>Gratuito para menores de 10 anos e maiores de 60, com entrada franca as ter\u00e7as-feiras e excelente acesso para deficientes, \u00e9 um dos mais populares e importantes museus de arte moderna e contempor\u00e2nea do Brasil.<\/p>\n<p class=\"text\" style=\"text-align: justify;\"><strong>Museu do Futebol, S\u00e3o Paulo (SP) &#8211; <\/strong>Um dos museus mais amig\u00e1veis para pessoas com defici\u00eancia visual, apresenta pain\u00e9is em braile e jogos t\u00e1teis interativos. Com apresenta\u00e7\u00f5es multim\u00eddia, explora a hist\u00f3ria do esporte mais famoso do pa\u00eds.<\/p>\n<p class=\"text\" style=\"text-align: justify;\"><strong>Brotas (SP) &#8211; <\/strong>Um dos mais importantes centros de turismo de aventura do Brasil est\u00e1 preparado para oferecer op\u00e7\u00f5es de esportes radicais para pessoas com dificuldades de locomo\u00e7\u00e3o, incluindo balonismo, rafting e tirolesa para cadeirantes.<\/p>\n<p class=\"text\" style=\"text-align: justify;\"><strong>Biblioteca Nacional, Rio de Janeiro (RJ) &#8211; <\/strong>A maior da Am\u00e9rica Latina oferece dois ampliadores eletr\u00f4nicos para cegos. Fica na Pra\u00e7a Marechal Floriano &#8211; que, por si s\u00f3, \u00e9 uma atra\u00e7\u00e3o -, lugar cercado de edif\u00edcios hist\u00f3ricos, incluindo o Museu Nacional de Belas Artes.<\/p>\n<p class=\"text\" style=\"text-align: justify;\"><strong>Centro Cultural Banco do Brasil, Rio de Janeiro (RJ) &#8211; <\/strong>Uma vez por semana, apresenta sess\u00f5es de cinema nacional com \u00e1udio-descri\u00e7\u00e3o para pessoas com vis\u00e3o limitada. Os frequentadores s\u00e3o atendidos por um funcion\u00e1rio que conhece a linguagem de libras.<\/p>\n<p class=\"text\" style=\"text-align: justify;\"><strong>Jardim Bot\u00e2nico, Rio de Janeiro (RJ) &#8211; <\/strong>No jardim fundado por Dom Jo\u00e3o VI h\u00e1 dois s\u00e9culos, \u00e9 poss\u00edvel fazer um passeio sensorial, com pessoas cegas acompanhando os visitantes, que ficam de olhos vendados e sentem o tato e os odores das plantas do local.<\/p>\n<p class=\"text\" style=\"text-align: justify;\"><strong>Lagoa da Concei\u00e7\u00e3o, Florian\u00f3polis (SC) &#8211; <\/strong>O bairro bo\u00eamio da capital catarinense tem ruas de f\u00e1cil acesso, com sonorizadores e guias rebaixadas.<\/p>\n<p class=\"text\" style=\"text-align: justify;\"><strong>Fonte: Terra.<\/strong><\/p>\n","protected":false},"excerpt":{"rendered":"<p>Fevereiro, para muitos, ainda \u00e9 m\u00eas de f\u00e9rias, e se tratando de ver\u00e3o, fica mais prop\u00edcio para aquele passeio! O que pode &#8230;Continua<\/p>\n","protected":false},"author":2,"featured_media":3215,"comment_status":"open","ping_status":"open","sticky":false,"template":"","format":"standard","meta":{"_acf_changed":false,"footnotes":""},"categories":[14],"tags":[23,117,118,24,25,119],"class_list":["post-3205","post","type-post","status-publish","format-standard","has-post-thumbnail","hentry","category-turismo","tag-acessibilidade","tag-educacao","tag-esporte","tag-noticias-2","tag-o-que-acontece-no-cvi-rio","tag-tecnologia-assistiva"],"acf":[],"yoast_head":"<!-- This site is optimized with the Yoast SEO plugin v26.9 - https:\/\/yoast.com\/product\/yoast-seo-wordpress\/ -->\n<title>Lugares onde \u00e9 poss\u00edvel fazer turismo acess\u00edvel - CVI-Rio<\/title>\n<meta name=\"description\" content=\"Lugares acess\u00edveis para viajar neste ver\u00e3o\" \/>\n<meta name=\"robots\" content=\"index, follow, max-snippet:-1, max-image-preview:large, max-video-preview:-1\" \/>\n<link rel=\"canonical\" href=\"https:\/\/www.cvi-rio.org.br\/site\/lugares-acessiveis-para-viajar-neste-verao\/\" \/>\n<meta property=\"og:locale\" content=\"pt_BR\" \/>\n<meta property=\"og:type\" content=\"article\" \/>\n<meta property=\"og:title\" content=\"Lugares onde \u00e9 poss\u00edvel fazer turismo acess\u00edvel - CVI-Rio\" \/>\n<meta property=\"og:description\" content=\"Lugares acess\u00edveis para viajar neste ver\u00e3o\" \/>\n<meta property=\"og:url\" content=\"https:\/\/www.cvi-rio.org.br\/site\/lugares-acessiveis-para-viajar-neste-verao\/\" \/>\n<meta property=\"og:site_name\" content=\"CVI-Rio\" \/>\n<meta property=\"article:publisher\" content=\"https:\/\/www.facebook.com\/cvi.rio\" \/>\n<meta property=\"article:published_time\" content=\"2016-02-03T11:13:35+00:00\" \/>\n<meta property=\"article:modified_time\" content=\"2016-02-03T11:30:28+00:00\" \/>\n<meta property=\"og:image\" content=\"https:\/\/www.cvi-rio.org.br\/site\/wp-content\/uploads\/2016\/02\/JB-368-x-122.png\" \/>\n\t<meta property=\"og:image:width\" content=\"368\" \/>\n\t<meta property=\"og:image:height\" content=\"122\" \/>\n\t<meta property=\"og:image:type\" content=\"image\/png\" \/>\n<meta name=\"author\" content=\"cvi-rio\" \/>\n<meta name=\"twitter:card\" content=\"summary_large_image\" \/>\n<meta name=\"twitter:creator\" content=\"@cvirio\" \/>\n<meta name=\"twitter:site\" content=\"@cvirio\" \/>\n<meta name=\"twitter:label1\" content=\"Escrito por\" \/>\n\t<meta name=\"twitter:data1\" content=\"cvi-rio\" \/>\n\t<meta name=\"twitter:label2\" content=\"Est. tempo de leitura\" \/>\n\t<meta name=\"twitter:data2\" content=\"4 minutos\" \/>\n<script type=\"application\/ld+json\" class=\"yoast-schema-graph\">{\"@context\":\"https:\/\/schema.org\",\"@graph\":[{\"@type\":\"Article\",\"@id\":\"https:\/\/www.cvi-rio.org.br\/site\/lugares-acessiveis-para-viajar-neste-verao\/#article\",\"isPartOf\":{\"@id\":\"https:\/\/www.cvi-rio.org.br\/site\/lugares-acessiveis-para-viajar-neste-verao\/\"},\"author\":{\"name\":\"cvi-rio\",\"@id\":\"https:\/\/www.cvi-rio.org.br\/site\/#\/schema\/person\/41c81e5eb29944f8144dd6d144627d3f\"},\"headline\":\"Lugares onde \u00e9 poss\u00edvel fazer turismo acess\u00edvel\",\"datePublished\":\"2016-02-03T11:13:35+00:00\",\"dateModified\":\"2016-02-03T11:30:28+00:00\",\"mainEntityOfPage\":{\"@id\":\"https:\/\/www.cvi-rio.org.br\/site\/lugares-acessiveis-para-viajar-neste-verao\/\"},\"wordCount\":853,\"commentCount\":0,\"image\":{\"@id\":\"https:\/\/www.cvi-rio.org.br\/site\/lugares-acessiveis-para-viajar-neste-verao\/#primaryimage\"},\"thumbnailUrl\":\"https:\/\/www.cvi-rio.org.br\/site\/wp-content\/uploads\/2016\/02\/JB-368-x-122.png\",\"keywords\":[\"Acessibilidade\",\"Educa\u00e7\u00e3o\",\"Esporte\",\"not\u00edcias\",\"o-que-acontece-no-cvi-rio\",\"Tecnologia Assistiva\"],\"articleSection\":[\"Turismo\"],\"inLanguage\":\"pt-BR\",\"potentialAction\":[{\"@type\":\"CommentAction\",\"name\":\"Comment\",\"target\":[\"https:\/\/www.cvi-rio.org.br\/site\/lugares-acessiveis-para-viajar-neste-verao\/#respond\"]}]},{\"@type\":\"WebPage\",\"@id\":\"https:\/\/www.cvi-rio.org.br\/site\/lugares-acessiveis-para-viajar-neste-verao\/\",\"url\":\"https:\/\/www.cvi-rio.org.br\/site\/lugares-acessiveis-para-viajar-neste-verao\/\",\"name\":\"Lugares onde \u00e9 poss\u00edvel fazer turismo acess\u00edvel - CVI-Rio\",\"isPartOf\":{\"@id\":\"https:\/\/www.cvi-rio.org.br\/site\/#website\"},\"primaryImageOfPage\":{\"@id\":\"https:\/\/www.cvi-rio.org.br\/site\/lugares-acessiveis-para-viajar-neste-verao\/#primaryimage\"},\"image\":{\"@id\":\"https:\/\/www.cvi-rio.org.br\/site\/lugares-acessiveis-para-viajar-neste-verao\/#primaryimage\"},\"thumbnailUrl\":\"https:\/\/www.cvi-rio.org.br\/site\/wp-content\/uploads\/2016\/02\/JB-368-x-122.png\",\"datePublished\":\"2016-02-03T11:13:35+00:00\",\"dateModified\":\"2016-02-03T11:30:28+00:00\",\"author\":{\"@id\":\"https:\/\/www.cvi-rio.org.br\/site\/#\/schema\/person\/41c81e5eb29944f8144dd6d144627d3f\"},\"description\":\"Lugares acess\u00edveis para viajar neste ver\u00e3o\",\"breadcrumb\":{\"@id\":\"https:\/\/www.cvi-rio.org.br\/site\/lugares-acessiveis-para-viajar-neste-verao\/#breadcrumb\"},\"inLanguage\":\"pt-BR\",\"potentialAction\":[{\"@type\":\"ReadAction\",\"target\":[\"https:\/\/www.cvi-rio.org.br\/site\/lugares-acessiveis-para-viajar-neste-verao\/\"]}]},{\"@type\":\"ImageObject\",\"inLanguage\":\"pt-BR\",\"@id\":\"https:\/\/www.cvi-rio.org.br\/site\/lugares-acessiveis-para-viajar-neste-verao\/#primaryimage\",\"url\":\"https:\/\/www.cvi-rio.org.br\/site\/wp-content\/uploads\/2016\/02\/JB-368-x-122.png\",\"contentUrl\":\"https:\/\/www.cvi-rio.org.br\/site\/wp-content\/uploads\/2016\/02\/JB-368-x-122.png\",\"width\":368,\"height\":122,\"caption\":\"No local, \u00e9 poss\u00edvel fazer um passeio sensorial, com pessoas cegas acompanhando os visitantes, que ficam de olhos vendados Foto: Alexandre Rotenberg \/ Shutterstock\"},{\"@type\":\"BreadcrumbList\",\"@id\":\"https:\/\/www.cvi-rio.org.br\/site\/lugares-acessiveis-para-viajar-neste-verao\/#breadcrumb\",\"itemListElement\":[{\"@type\":\"ListItem\",\"position\":1,\"name\":\"In\u00edcio\",\"item\":\"https:\/\/www.cvi-rio.org.br\/site\/\"},{\"@type\":\"ListItem\",\"position\":2,\"name\":\"Lugares onde \u00e9 poss\u00edvel fazer turismo acess\u00edvel\"}]},{\"@type\":\"WebSite\",\"@id\":\"https:\/\/www.cvi-rio.org.br\/site\/#website\",\"url\":\"https:\/\/www.cvi-rio.org.br\/site\/\",\"name\":\"CVI-Rio\",\"description\":\"Sua limita\u00e7\u00e3o n\u00e3o \u00e9 o seu limite.\",\"potentialAction\":[{\"@type\":\"SearchAction\",\"target\":{\"@type\":\"EntryPoint\",\"urlTemplate\":\"https:\/\/www.cvi-rio.org.br\/site\/?s={search_term_string}\"},\"query-input\":{\"@type\":\"PropertyValueSpecification\",\"valueRequired\":true,\"valueName\":\"search_term_string\"}}],\"inLanguage\":\"pt-BR\"},{\"@type\":\"Person\",\"@id\":\"https:\/\/www.cvi-rio.org.br\/site\/#\/schema\/person\/41c81e5eb29944f8144dd6d144627d3f\",\"name\":\"cvi-rio\",\"image\":{\"@type\":\"ImageObject\",\"inLanguage\":\"pt-BR\",\"@id\":\"https:\/\/www.cvi-rio.org.br\/site\/#\/schema\/person\/image\/\",\"url\":\"https:\/\/secure.gravatar.com\/avatar\/5390358606d9f428f7de6d157423965d1225340234040c6f875c582d042db721?s=96&d=mm&r=g\",\"contentUrl\":\"https:\/\/secure.gravatar.com\/avatar\/5390358606d9f428f7de6d157423965d1225340234040c6f875c582d042db721?s=96&d=mm&r=g\",\"caption\":\"cvi-rio\"},\"sameAs\":[\"http:\/\/www.cvi-rio.org.br\/site\"],\"url\":\"https:\/\/www.cvi-rio.org.br\/site\/author\/admin\/\"}]}<\/script>\n<!-- \/ Yoast SEO plugin. -->","yoast_head_json":{"title":"Lugares onde \u00e9 poss\u00edvel fazer turismo acess\u00edvel - CVI-Rio","description":"Lugares acess\u00edveis para viajar neste ver\u00e3o","robots":{"index":"index","follow":"follow","max-snippet":"max-snippet:-1","max-image-preview":"max-image-preview:large","max-video-preview":"max-video-preview:-1"},"canonical":"https:\/\/www.cvi-rio.org.br\/site\/lugares-acessiveis-para-viajar-neste-verao\/","og_locale":"pt_BR","og_type":"article","og_title":"Lugares onde \u00e9 poss\u00edvel fazer turismo acess\u00edvel - CVI-Rio","og_description":"Lugares acess\u00edveis para viajar neste ver\u00e3o","og_url":"https:\/\/www.cvi-rio.org.br\/site\/lugares-acessiveis-para-viajar-neste-verao\/","og_site_name":"CVI-Rio","article_publisher":"https:\/\/www.facebook.com\/cvi.rio","article_published_time":"2016-02-03T11:13:35+00:00","article_modified_time":"2016-02-03T11:30:28+00:00","og_image":[{"width":368,"height":122,"url":"https:\/\/www.cvi-rio.org.br\/site\/wp-content\/uploads\/2016\/02\/JB-368-x-122.png","type":"image\/png"}],"author":"cvi-rio","twitter_card":"summary_large_image","twitter_creator":"@cvirio","twitter_site":"@cvirio","twitter_misc":{"Escrito por":"cvi-rio","Est. tempo de leitura":"4 minutos"},"schema":{"@context":"https:\/\/schema.org","@graph":[{"@type":"Article","@id":"https:\/\/www.cvi-rio.org.br\/site\/lugares-acessiveis-para-viajar-neste-verao\/#article","isPartOf":{"@id":"https:\/\/www.cvi-rio.org.br\/site\/lugares-acessiveis-para-viajar-neste-verao\/"},"author":{"name":"cvi-rio","@id":"https:\/\/www.cvi-rio.org.br\/site\/#\/schema\/person\/41c81e5eb29944f8144dd6d144627d3f"},"headline":"Lugares onde \u00e9 poss\u00edvel fazer turismo acess\u00edvel","datePublished":"2016-02-03T11:13:35+00:00","dateModified":"2016-02-03T11:30:28+00:00","mainEntityOfPage":{"@id":"https:\/\/www.cvi-rio.org.br\/site\/lugares-acessiveis-para-viajar-neste-verao\/"},"wordCount":853,"commentCount":0,"image":{"@id":"https:\/\/www.cvi-rio.org.br\/site\/lugares-acessiveis-para-viajar-neste-verao\/#primaryimage"},"thumbnailUrl":"https:\/\/www.cvi-rio.org.br\/site\/wp-content\/uploads\/2016\/02\/JB-368-x-122.png","keywords":["Acessibilidade","Educa\u00e7\u00e3o","Esporte","not\u00edcias","o-que-acontece-no-cvi-rio","Tecnologia Assistiva"],"articleSection":["Turismo"],"inLanguage":"pt-BR","potentialAction":[{"@type":"CommentAction","name":"Comment","target":["https:\/\/www.cvi-rio.org.br\/site\/lugares-acessiveis-para-viajar-neste-verao\/#respond"]}]},{"@type":"WebPage","@id":"https:\/\/www.cvi-rio.org.br\/site\/lugares-acessiveis-para-viajar-neste-verao\/","url":"https:\/\/www.cvi-rio.org.br\/site\/lugares-acessiveis-para-viajar-neste-verao\/","name":"Lugares onde \u00e9 poss\u00edvel fazer turismo acess\u00edvel - CVI-Rio","isPartOf":{"@id":"https:\/\/www.cvi-rio.org.br\/site\/#website"},"primaryImageOfPage":{"@id":"https:\/\/www.cvi-rio.org.br\/site\/lugares-acessiveis-para-viajar-neste-verao\/#primaryimage"},"image":{"@id":"https:\/\/www.cvi-rio.org.br\/site\/lugares-acessiveis-para-viajar-neste-verao\/#primaryimage"},"thumbnailUrl":"https:\/\/www.cvi-rio.org.br\/site\/wp-content\/uploads\/2016\/02\/JB-368-x-122.png","datePublished":"2016-02-03T11:13:35+00:00","dateModified":"2016-02-03T11:30:28+00:00","author":{"@id":"https:\/\/www.cvi-rio.org.br\/site\/#\/schema\/person\/41c81e5eb29944f8144dd6d144627d3f"},"description":"Lugares acess\u00edveis para viajar neste ver\u00e3o","breadcrumb":{"@id":"https:\/\/www.cvi-rio.org.br\/site\/lugares-acessiveis-para-viajar-neste-verao\/#breadcrumb"},"inLanguage":"pt-BR","potentialAction":[{"@type":"ReadAction","target":["https:\/\/www.cvi-rio.org.br\/site\/lugares-acessiveis-para-viajar-neste-verao\/"]}]},{"@type":"ImageObject","inLanguage":"pt-BR","@id":"https:\/\/www.cvi-rio.org.br\/site\/lugares-acessiveis-para-viajar-neste-verao\/#primaryimage","url":"https:\/\/www.cvi-rio.org.br\/site\/wp-content\/uploads\/2016\/02\/JB-368-x-122.png","contentUrl":"https:\/\/www.cvi-rio.org.br\/site\/wp-content\/uploads\/2016\/02\/JB-368-x-122.png","width":368,"height":122,"caption":"No local, \u00e9 poss\u00edvel fazer um passeio sensorial, com pessoas cegas acompanhando os visitantes, que ficam de olhos vendados Foto: Alexandre Rotenberg \/ Shutterstock"},{"@type":"BreadcrumbList","@id":"https:\/\/www.cvi-rio.org.br\/site\/lugares-acessiveis-para-viajar-neste-verao\/#breadcrumb","itemListElement":[{"@type":"ListItem","position":1,"name":"In\u00edcio","item":"https:\/\/www.cvi-rio.org.br\/site\/"},{"@type":"ListItem","position":2,"name":"Lugares onde \u00e9 poss\u00edvel fazer turismo acess\u00edvel"}]},{"@type":"WebSite","@id":"https:\/\/www.cvi-rio.org.br\/site\/#website","url":"https:\/\/www.cvi-rio.org.br\/site\/","name":"CVI-Rio","description":"Sua limita\u00e7\u00e3o n\u00e3o \u00e9 o seu limite.","potentialAction":[{"@type":"SearchAction","target":{"@type":"EntryPoint","urlTemplate":"https:\/\/www.cvi-rio.org.br\/site\/?s={search_term_string}"},"query-input":{"@type":"PropertyValueSpecification","valueRequired":true,"valueName":"search_term_string"}}],"inLanguage":"pt-BR"},{"@type":"Person","@id":"https:\/\/www.cvi-rio.org.br\/site\/#\/schema\/person\/41c81e5eb29944f8144dd6d144627d3f","name":"cvi-rio","image":{"@type":"ImageObject","inLanguage":"pt-BR","@id":"https:\/\/www.cvi-rio.org.br\/site\/#\/schema\/person\/image\/","url":"https:\/\/secure.gravatar.com\/avatar\/5390358606d9f428f7de6d157423965d1225340234040c6f875c582d042db721?s=96&d=mm&r=g","contentUrl":"https:\/\/secure.gravatar.com\/avatar\/5390358606d9f428f7de6d157423965d1225340234040c6f875c582d042db721?s=96&d=mm&r=g","caption":"cvi-rio"},"sameAs":["http:\/\/www.cvi-rio.org.br\/site"],"url":"https:\/\/www.cvi-rio.org.br\/site\/author\/admin\/"}]}},"_links":{"self":[{"href":"https:\/\/www.cvi-rio.org.br\/site\/wp-json\/wp\/v2\/posts\/3205","targetHints":{"allow":["GET"]}}],"collection":[{"href":"https:\/\/www.cvi-rio.org.br\/site\/wp-json\/wp\/v2\/posts"}],"about":[{"href":"https:\/\/www.cvi-rio.org.br\/site\/wp-json\/wp\/v2\/types\/post"}],"author":[{"embeddable":true,"href":"https:\/\/www.cvi-rio.org.br\/site\/wp-json\/wp\/v2\/users\/2"}],"replies":[{"embeddable":true,"href":"https:\/\/www.cvi-rio.org.br\/site\/wp-json\/wp\/v2\/comments?post=3205"}],"version-history":[{"count":8,"href":"https:\/\/www.cvi-rio.org.br\/site\/wp-json\/wp\/v2\/posts\/3205\/revisions"}],"predecessor-version":[{"id":3220,"href":"https:\/\/www.cvi-rio.org.br\/site\/wp-json\/wp\/v2\/posts\/3205\/revisions\/3220"}],"wp:featuredmedia":[{"embeddable":true,"href":"https:\/\/www.cvi-rio.org.br\/site\/wp-json\/wp\/v2\/media\/3215"}],"wp:attachment":[{"href":"https:\/\/www.cvi-rio.org.br\/site\/wp-json\/wp\/v2\/media?parent=3205"}],"wp:term":[{"taxonomy":"category","embeddable":true,"href":"https:\/\/www.cvi-rio.org.br\/site\/wp-json\/wp\/v2\/categories?post=3205"},{"taxonomy":"post_tag","embeddable":true,"href":"https:\/\/www.cvi-rio.org.br\/site\/wp-json\/wp\/v2\/tags?post=3205"}],"curies":[{"name":"wp","href":"https:\/\/api.w.org\/{rel}","templated":true}]}}