{"id":3133,"date":"2016-02-03T12:32:42","date_gmt":"2016-02-03T15:32:42","guid":{"rendered":"http:\/\/www.cvi-rio.org.br\/site\/?p=3133"},"modified":"2016-02-03T14:31:20","modified_gmt":"2016-02-03T17:31:20","slug":"hoteis-acessiveis","status":"publish","type":"post","link":"https:\/\/www.cvi-rio.org.br\/site\/hoteis-acessiveis\/","title":{"rendered":"Hot\u00e9is Acess\u00edveis"},"content":{"rendered":"<h4><span style=\"color: #ff6600;\"><a href=\"http:\/\/www.cvi-rio.org.br\/site\/wp-content\/uploads\/2016\/02\/Am\u00e9ricas-Hot\u00e9is.png\"><img loading=\"lazy\" decoding=\"async\" class=\"alignright wp-image-3162\" src=\"http:\/\/www.cvi-rio.org.br\/site\/wp-content\/uploads\/2016\/02\/Am\u00e9ricas-Hot\u00e9is.png\" alt=\"Am\u00e9ricas Hot\u00e9is\" width=\"159\" height=\"105\" \/><\/a>Am\u00e9ricas Barra<\/span><\/h4>\n<p><a href=\"http:\/\/www.americashoteis.com.br\" target=\"_blank\">www.americashoteis.com.br<\/a><br \/>\nAv. das Am\u00e9ricas, 10500- Recreio dos Bandeirantes<br \/>\nRio de Janeiro\/22631-003<br \/>\n(21) 2107-2000<br \/>\nQuartos acessiveis: 15<br \/>\nA entrada do hotel \u00e9 acess\u00edvel; h\u00e1 estacionamento com motorista no local;\u00a0sem funcion\u00e1rios com conhecimento de LIBRAS; n\u00e3o h\u00e1 card\u00e1pio em braille;\u00a0os banheiros dos quartos acess\u00edveis n\u00e3o possuem ducha acoplada ao chuveiro;\u00a0h\u00e1 piscina acess\u00edvel.<\/p>\n<hr \/>\n<p><a href=\"http:\/\/www.americashoteis.com.br\" target=\"_blank\">www.americashoteis.com.br<\/a><\/p>\n<p>Av. das Am\u00e9ricas, 10500- Recreio dos Bandeirantes<br \/>\nRio de Janeiro\/22631-003<br \/>\nPhone: +55(21) 2107-2000<br \/>\nAccessible rooms: 15<br \/>\nThe main entrance is accessible; there is parking with vallet;\u00a0no staff with LIBRAS skills; no braille menu; no accessible shower;\u00a0the swimming pool is accessible.<\/p>\n<hr \/>\n<h4><span style=\"color: #ff6600;\"><a href=\"http:\/\/www.cvi-rio.org.br\/site\/wp-content\/uploads\/2016\/02\/Arosa-Rio-Hoteis.png\"><img loading=\"lazy\" decoding=\"async\" class=\"alignright size-thumbnail wp-image-3184\" src=\"http:\/\/www.cvi-rio.org.br\/site\/wp-content\/uploads\/2016\/02\/Arosa-Rio-Hoteis-150x150.png\" alt=\"Arosa Rio Hoteis\" width=\"150\" height=\"150\" \/><\/a>Arosa Rio<\/span><\/h4>\n<p><a href=\"http:\/\/www.arosariohotel.com\" target=\"_blank\">www.arosariohotel.com<\/a><br \/>\nAv. Henrique Valadares, 150 &#8211; Centro<br \/>\nRio de Janeiro\/20231-031<br \/>\n(21) 3529-1216<br \/>\nQuartos acessiveis: 6<br \/>\nA entrada do hotel \u00e9 acess\u00edvel; h\u00e1 estacionamento com motorista no local;\u00a0sem funcion\u00e1rios com conhecimento de LIBRAS; n\u00e3o h\u00e1 card\u00e1pio em braille;\u00a0os banheiros dos quartos acess\u00edveis n\u00e3o possuem ducha acoplada ao chuveiro,\u00a0possuem cadeira retr\u00e1til ou cadeira de banho no chuveiro; n\u00e3o h\u00e1 piscina.<\/p>\n<hr \/>\n<p><a href=\"http:\/\/www.arosariohotel.com\" target=\"_blank\">www.arosariohotel.com<\/a><\/p>\n<p>Av. Henrique Valadares, 150 &#8211; Centro<br \/>\nRio de Janeiro\/22631-004<br \/>\nPhone: +55(21) 3529-1216<br \/>\nAccessible rooms: 6<br \/>\nThe main entrance is accessible; there is parking with vallet;\u00a0no staff with LIBRAS skills; no braille menu; no accessible shower;\u00a0no swimming pool.<\/p>\n<hr \/>\n<h4><span style=\"color: #ff6600;\">Atl\u00e2ntico Sul Hotel<a href=\"http:\/\/www.cvi-rio.org.br\/site\/wp-content\/uploads\/2016\/02\/Atlantico-Sul-Hoteis1.png\"><img loading=\"lazy\" decoding=\"async\" class=\"alignright wp-image-3289\" src=\"http:\/\/www.cvi-rio.org.br\/site\/wp-content\/uploads\/2016\/02\/Atlantico-Sul-Hoteis1.png\" alt=\"Atlantico Sul Hoteis\" width=\"225\" height=\"95\" \/><\/a><\/span><\/h4>\n<p><a href=\"http:\/\/www.atlanticosulhotel.com.br\" target=\"_blank\">www.atlanticosulhotel.com.br<\/a><br \/>\nAv. Lucio Costa, 1800, Recreio, Rio de Janeiro<br \/>\nRio de Janeiro\/22795-030<br \/>\n(21) 3418-9100<br \/>\nQuartos acessiveis: 7<br \/>\nA entrada do hotel \u00e9 acess\u00edvel; h\u00e1 estacionamento por\u00e9m sem motorista no local; sem funcion\u00e1rios com conhecimento de LIBRAS; n\u00e3o h\u00e1 card\u00e1pio em braille; os banheiros dos quartos acess\u00edveis n\u00e3o possuem ducha acoplada ao chuveiro; h\u00e1 piscina acess\u00edvel.<\/p>\n<hr \/>\n<p><a href=\"http:\/\/www.atlanticosulhotel.com.br\" target=\"_blank\">www.atlanticosulhotel.com.br<\/a><\/p>\n<p>Av. Lucio Costa, 1800, Recreio, Rio de Janeiro<br \/>\nRio de Janeiro\/22631-005<br \/>\nPhone: +55(21) 3418-9100<br \/>\nAccessible rooms: 7<br \/>\nThe main entrance is accessible; there is parking but no vallet; no staff with LIBRAS skills; no braille menu; no accessible shower; the swimming pool is accessible.<\/p>\n<hr \/>\n<h4><span style=\"color: #ff6600;\">Copacabana Palace Hotel<a href=\"http:\/\/www.cvi-rio.org.br\/site\/wp-content\/uploads\/2016\/02\/Copacabana-Palace1.png\"><img loading=\"lazy\" decoding=\"async\" class=\"alignright wp-image-3292\" src=\"http:\/\/www.cvi-rio.org.br\/site\/wp-content\/uploads\/2016\/02\/Copacabana-Palace1.png\" alt=\"Copacabana Palace\" width=\"256\" height=\"85\" srcset=\"https:\/\/www.cvi-rio.org.br\/site\/wp-content\/uploads\/2016\/02\/Copacabana-Palace1.png 482w, https:\/\/www.cvi-rio.org.br\/site\/wp-content\/uploads\/2016\/02\/Copacabana-Palace1-300x99.png 300w\" sizes=\"auto, (max-width: 256px) 100vw, 256px\" \/><\/a><\/span><\/h4>\n<p><a href=\"http:\/\/www.belmond.com\/copacabana-palace-rio-de-janeiro\" target=\"_blank\">www.belmond.com\/copacabana-palace-rio-de-janeiro<\/a><br \/>\nAv. Atl\u00e2ntica, 1702, Copacabana<br \/>\nRio de Janeiro\/22021-001<br \/>\n(21) 2548-7070<br \/>\nQuartos acessiveis: 10<br \/>\nA entrada do hotel \u00e9 acess\u00edvel; n\u00e3o h\u00e1 estacionamento; sem funcion\u00e1rios com conhecimento de LIBRAS; h\u00e1 card\u00e1pio em braille; os banheiros dos quartos acess\u00edveis possuem ducha acoplada ao chuveiro; h\u00e1 piscina acess\u00edvel.<\/p>\n<hr \/>\n<p><a href=\"http:\/\/www.belmond.com\/copacabana-palace-rio-de-janeiro\" target=\"_blank\">www.belmond.com\/copacabana-palace-rio-de-janeiro<\/a><\/p>\n<p>Av. Atl\u00e2ntica, 1702, Copacabana<br \/>\nRio de Janeiro\/22631-006<br \/>\nPhone: +55(21) 2548-7070<br \/>\nAccessible rooms: 10<br \/>\nThe main entrance is accessible; no parking; no staff with LIBRAS skills; braille menu available; accessible shower available; the swimming pool is accessible.<\/p>\n<hr \/>\n<h4><span style=\"color: #ff6600;\"><a href=\"http:\/\/www.cvi-rio.org.br\/site\/wp-content\/uploads\/2016\/02\/Golden-Tulip-Hotel.png\"><img loading=\"lazy\" decoding=\"async\" class=\"alignright wp-image-3200\" src=\"http:\/\/www.cvi-rio.org.br\/site\/wp-content\/uploads\/2016\/02\/Golden-Tulip-Hotel.png\" alt=\"Golden Tulip Hotel\" width=\"204\" height=\"85\" \/><\/a>Golden Tulip Regente<\/span><\/h4>\n<p><a href=\"http:\/\/www.goldentulipregente.com\" target=\"_blank\">www.goldentulipregente.com<\/a><br \/>\nAv. Atl\u00e2ntica, 3716 &#8211; Copacabana<br \/>\nRio de Janeiro\/22070-001<br \/>\n21) 3545-5400<br \/>\nQuartos acessiveis: 5<br \/>\nA entrada do hotel \u00e9 acess\u00edvel; n\u00e3o h\u00e1 estacionamento; sem funcion\u00e1rios com conhecimento de LIBRAS; n\u00e3o h\u00e1 card\u00e1pio em braille; os banheiros dos quartos acess\u00edveis n\u00e3o possuem ducha acoplada ao chuveiro, possuem cadeira retr\u00e1til ou cadeira de banho no chuveiro; h\u00e1 piscina acess\u00edvel.<\/p>\n<hr \/>\n<p><a href=\"http:\/\/www.goldentulipregente.com\" target=\"_blank\">www.goldentulipregente.com<\/a><\/p>\n<p>Av. Atl\u00e2ntica, 3716 &#8211; Copacabana<br \/>\nRio de Janeiro\/22631-007<br \/>\nPhone: +5521) 3545-5400<br \/>\nAccessible rooms: 5<br \/>\nThe main entrance is accessible; no parking; no staff with LIBRAS skills; no braille menu; no accessible shower, but accessible shower chair available; the swimming pool is accessible.<\/p>\n<hr \/>\n<h4><span style=\"color: #ff6600;\"><a href=\"http:\/\/www.cvi-rio.org.br\/site\/wp-content\/uploads\/2016\/02\/Grand-Mercure-Hotel.png\"><img loading=\"lazy\" decoding=\"async\" class=\"alignright size-full wp-image-3201\" src=\"http:\/\/www.cvi-rio.org.br\/site\/wp-content\/uploads\/2016\/02\/Grand-Mercure-Hotel.png\" alt=\"Grand Mercure Hotel\" width=\"215\" height=\"116\" \/><\/a>Grand Mercure Riocentro<\/span><\/h4>\n<p><a href=\"http:\/\/www.accorhotels.com\" target=\"_blank\">www.accorhotels.com<\/a><br \/>\nAv. Salvador Allende, 6555<br \/>\nRio de Janeiro\/<br \/>\n(21) 2153-1814<br \/>\nQuartos acessiveis: 16<br \/>\nA entrada do hotel \u00e9 acess\u00edvel; h\u00e1 estacionamento com motorista no local; sem funcion\u00e1rios com conhecimento de LIBRAS; n\u00e3o h\u00e1 card\u00e1pio em braille; os banheiros dos quartos acess\u00edveis possuem ducha acoplada ao chuveiro, possuem cadeira retr\u00e1til ou cadeira de banho no chuveiro; h\u00e1 piscina acess\u00edvel.<\/p>\n<hr \/>\n<p><a href=\"http:\/\/www.accorhotels.com\" target=\"_blank\">www.accorhotels.com<\/a><\/p>\n<p>Av. Salvador Allende, 6555<br \/>\nRio de Janeiro\/22631-008<br \/>\nPhone: +55(21) 2153-1814<br \/>\nAccessible rooms: 16<br \/>\nThe main entrance is accessible; there is parking with vallet; no staff with LIBRAS skills; no braille menu; accessible shower and accessible shower chair available; the swimming pool is accessible.<\/p>\n<hr \/>\n<h4><span style=\"color: #ff6600;\"><a href=\"http:\/\/www.cvi-rio.org.br\/site\/wp-content\/uploads\/2016\/02\/Hilton-Hoteis.png\"><img loading=\"lazy\" decoding=\"async\" class=\"alignright size-full wp-image-3203\" src=\"http:\/\/www.cvi-rio.org.br\/site\/wp-content\/uploads\/2016\/02\/Hilton-Hoteis.png\" alt=\"Hilton Hoteis\" width=\"150\" height=\"115\" \/><\/a>Hilton Barra<\/span><\/h4>\n<p><a href=\"http:\/\/www.hiltonhotels.com\" target=\"_blank\">www.hiltonhotels.com<\/a><br \/>\nAv. Embaixador Abelardo Bueno, 505<br \/>\nRio de Janeiro\/22775-040<br \/>\n(21) 3348-1000<br \/>\nQuartos acessiveis: 16<br \/>\nA entrada do hotel \u00e9 acess\u00edvel; h\u00e1 estacionamento com motorista no local; funcion\u00e1rios com conhecimento de LIBRAS; h\u00e1 card\u00e1pio em braille; os banheiros dos quartos acess\u00edveis possuem ducha acoplada ao chuveiro, possuem cadeira retr\u00e1til ou cadeira de banho no chuveiro; h\u00e1 piscina acess\u00edvel.<\/p>\n<hr \/>\n<p><a href=\"http:\/\/www.hiltonhotels.com\" target=\"_blank\">www.hiltonhotels.com<\/a><\/p>\n<p>Av. Embaixador Abelardo Bueno, 505<br \/>\nRio de Janeiro\/22631-009<br \/>\nPhone: +55(21) 3348-1000<br \/>\nAccessible rooms: 16<br \/>\nThe main entrance is accessible; there is parking with vallet; there is staff with LIBRAS skills; braille menu available; accessible shower and accessible shower chair available; the swimming pool is accessible.<\/p>\n<hr \/>\n<h4><span style=\"color: #ff6600;\"><a href=\"http:\/\/www.cvi-rio.org.br\/site\/wp-content\/uploads\/2016\/02\/Ibis-Budget.jpg\"><img loading=\"lazy\" decoding=\"async\" class=\"alignright size-thumbnail wp-image-3189\" src=\"http:\/\/www.cvi-rio.org.br\/site\/wp-content\/uploads\/2016\/02\/Ibis-Budget-150x150.jpg\" alt=\"Ibis Budget\" width=\"150\" height=\"150\" \/><\/a>Ibis Budget<\/span><\/h4>\n<p><a href=\"http:\/\/www.ibis.com\" target=\"_blank\">www.ibis.com<\/a><br \/>\nRua Silva Jardim, 32, Centro, Rio de Janeiro RJ<br \/>\nRio de Janeiro\/20050-060<br \/>\n(21) 3511-8500<br \/>\nQuartos acessiveis: 10<br \/>\nA entrada do hotel \u00e9 acess\u00edvel; h\u00e1 estacionamento com motorista no local; sem funcion\u00e1rios com conhecimento de LIBRAS; n\u00e3o h\u00e1 card\u00e1pio em braille; os banheiros dos quartos acess\u00edveis possuem ducha acoplada ao chuveiro, possuem cadeira retr\u00e1til ou cadeira de banho no chuveiro; n\u00e3o h\u00e1 piscina.<\/p>\n<hr \/>\n<p><a href=\"http:\/\/www.ibis.com\" target=\"_blank\">www.ibis.com<\/a><\/p>\n<p>Rua Silva Jardim, 32, Centro, Rio de Janeiro RJ<br \/>\nRio de Janeiro\/22631-010<br \/>\nPhone: +55(21) 3511-8500<br \/>\nAccessible rooms: 10<br \/>\nThe main entrance is accessible; there is parking with vallet; no staff with LIBRAS skills; no braille menu; accessible shower and accessible shower chair avilable; no swimming pool.<\/p>\n<hr \/>\n<h4><span style=\"color: #ff6600;\"><a href=\"http:\/\/www.cvi-rio.org.br\/site\/wp-content\/uploads\/2016\/02\/Ibis-Budget.jpg\"><img loading=\"lazy\" decoding=\"async\" class=\"alignright size-thumbnail wp-image-3189\" src=\"http:\/\/www.cvi-rio.org.br\/site\/wp-content\/uploads\/2016\/02\/Ibis-Budget-150x150.jpg\" alt=\"Ibis Budget\" width=\"150\" height=\"150\" \/><\/a>Ibis Budget RJ Nova Am\u00e9rica<\/span><\/h4>\n<p><a href=\"http:\/\/www.ibis.com\" target=\"_blank\">www.ibis.com<\/a><br \/>\nAv. Pastor Martin Luther King Jr., 126 Bloco 11 Torre 4, Del Castilho<br \/>\nRio de Janeiro\/20765-971<br \/>\n(21) 3184-6161<br \/>\nQuartos acessiveis: 10<br \/>\nA entrada do hotel \u00e9 acess\u00edvel; h\u00e1 estacionamento por\u00e9m sem motorista no local; sem funcion\u00e1rios com conhecimento de LIBRAS; n\u00e3o h\u00e1 card\u00e1pio em braille; os banheiros dos quartos acess\u00edveis possuem ducha acoplada ao chuveiro, possuem cadeira retr\u00e1til ou cadeira de banho no chuveiro; n\u00e3o h\u00e1 piscina.<\/p>\n<hr \/>\n<p><a href=\"http:\/\/www.ibis.com\" target=\"_blank\">www.ibis.com<\/a><\/p>\n<p>Av. Pastor Martin Luther King Jr., 126 Bloco 11 Torre 4, Del Castilho<br \/>\nRio de Janeiro\/22631-011<br \/>\nPhone: +55(21) 3184-6161<br \/>\nAccessible rooms: 10<br \/>\nThe main entrance is accessible; there is parking but no vallet; no staff with LIBRAS skills; no braille menu; accessible shower and accessible shower chair avilable; no swimming pool.<\/p>\n<hr \/>\n<h4><span style=\"color: #ff6600;\"><a href=\"http:\/\/www.cvi-rio.org.br\/site\/wp-content\/uploads\/2016\/02\/Ibis-Hotels.png\"><img loading=\"lazy\" decoding=\"async\" class=\"alignright size-thumbnail wp-image-3192\" src=\"http:\/\/www.cvi-rio.org.br\/site\/wp-content\/uploads\/2016\/02\/Ibis-Hotels-150x150.png\" alt=\"Ibis Hotels\" width=\"150\" height=\"150\" srcset=\"https:\/\/www.cvi-rio.org.br\/site\/wp-content\/uploads\/2016\/02\/Ibis-Hotels-150x150.png 150w, https:\/\/www.cvi-rio.org.br\/site\/wp-content\/uploads\/2016\/02\/Ibis-Hotels-300x300.png 300w, https:\/\/www.cvi-rio.org.br\/site\/wp-content\/uploads\/2016\/02\/Ibis-Hotels.png 864w\" sizes=\"auto, (max-width: 150px) 100vw, 150px\" \/><\/a>Ibis RJ Centro<\/span><\/h4>\n<p><a href=\"http:\/\/www.ibis.com\" target=\"_blank\">www.ibis.com<\/a><br \/>\nRua Silva Jardim,32, Centro, Rio de Janeiro<br \/>\nRio de Janeiro\/20050-060<br \/>\n(21) 3511-8500<br \/>\nQuartos acessiveis: 10<br \/>\nA entrada do hotel \u00e9 acess\u00edvel; h\u00e1 estacionamento com motorista no local; sem funcion\u00e1rios com conhecimento de LIBRAS; n\u00e3o h\u00e1 card\u00e1pio em braille; os banheiros dos quartos acess\u00edveis possuem ducha acoplada ao chuveiro, possuem cadeira retr\u00e1til ou cadeira de banho no chuveiro; n\u00e3o h\u00e1 piscina.<\/p>\n<hr \/>\n<p><a href=\"http:\/\/www.ibis.com\" target=\"_blank\">www.ibis.com<\/a><\/p>\n<p>Rua Silva Jardim,32, Centro, Rio de Janeiro<br \/>\nRio de Janeiro\/22631-012<br \/>\nPhone: +55(21) 3511-8500<br \/>\nAccessible rooms: 10<br \/>\nThe main entrance is accessible; there is parking with vallet; no staff with LIBRAS skills; no braille menu; accessible shower and accessible shower chair avilable; no swimming pool.<\/p>\n<hr \/>\n<h4><span style=\"color: #ff6600;\"><a href=\"http:\/\/www.cvi-rio.org.br\/site\/wp-content\/uploads\/2016\/02\/Ibis-Geral.png\"><img loading=\"lazy\" decoding=\"async\" class=\"alignright size-thumbnail wp-image-3194\" src=\"http:\/\/www.cvi-rio.org.br\/site\/wp-content\/uploads\/2016\/02\/Ibis-Geral-150x150.png\" alt=\"Ibis Geral\" width=\"150\" height=\"150\" srcset=\"https:\/\/www.cvi-rio.org.br\/site\/wp-content\/uploads\/2016\/02\/Ibis-Geral-150x150.png 150w, https:\/\/www.cvi-rio.org.br\/site\/wp-content\/uploads\/2016\/02\/Ibis-Geral-300x300.png 300w, https:\/\/www.cvi-rio.org.br\/site\/wp-content\/uploads\/2016\/02\/Ibis-Geral.png 1024w\" sizes=\"auto, (max-width: 150px) 100vw, 150px\" \/><\/a>Ibis RJ Botafogo<\/span><\/h4>\n<p><a href=\"http:\/\/www.ibis.com\" target=\"_blank\">www.ibis.com<\/a><br \/>\nRua Paulino Fernandes, 39 &#8211; Botafogo<br \/>\nRio de Janeiro\/22270-050<br \/>\n(21) 3515-2999<br \/>\nQuartos acessiveis: 14<br \/>\nA entrada do hotel \u00e9 acess\u00edvel; h\u00e1 estacionamento com motorista no local; sem funcion\u00e1rios com conhecimento de LIBRAS; h\u00e1 card\u00e1pio em braille; os banheiros dos quartos acess\u00edveis possuem ducha acoplada ao chuveiro, possuem cadeira retr\u00e1til ou cadeira de banho no chuveiro; n\u00e3o h\u00e1 piscina.<\/p>\n<hr \/>\n<p><a href=\"http:\/\/www.ibis.com\" target=\"_blank\">www.ibis.com<\/a><\/p>\n<p>Rua Paulino Fernandes, 39 &#8211; Botafogo<br \/>\nRio de Janeiro\/22631-013<br \/>\nPhone: +55(21) 3515-2999<br \/>\nAccessible rooms: 14<br \/>\nThe main entrance is accessible; there is parking with vallet; no staff with LIBRAS skills; braille menu avilable; accessible shower and accessible shower chair available; no swimming pool.<\/p>\n<hr \/>\n<h4><span style=\"color: #ff6600;\"><a href=\"http:\/\/www.cvi-rio.org.br\/site\/wp-content\/uploads\/2016\/02\/Ibis-Hotels.png\"><img loading=\"lazy\" decoding=\"async\" class=\"alignright size-thumbnail wp-image-3192\" src=\"http:\/\/www.cvi-rio.org.br\/site\/wp-content\/uploads\/2016\/02\/Ibis-Hotels-150x150.png\" alt=\"Ibis Hotels\" width=\"150\" height=\"150\" srcset=\"https:\/\/www.cvi-rio.org.br\/site\/wp-content\/uploads\/2016\/02\/Ibis-Hotels-150x150.png 150w, https:\/\/www.cvi-rio.org.br\/site\/wp-content\/uploads\/2016\/02\/Ibis-Hotels-300x300.png 300w, https:\/\/www.cvi-rio.org.br\/site\/wp-content\/uploads\/2016\/02\/Ibis-Hotels.png 864w\" sizes=\"auto, (max-width: 150px) 100vw, 150px\" \/><\/a>Ibis RJ Copacabana<\/span><\/h4>\n<p><a href=\"http:\/\/www.ibis.com\" target=\"_blank\">www.ibis.com<\/a><br \/>\nR. Ministro Viveiro de Castro, 134 , Copacabana<br \/>\nRio de Janeiro\/22021-010<br \/>\n(21) 3218-1150<br \/>\nQuartos acessiveis: 6<br \/>\nA entrada do hotel \u00e9 acess\u00edvel; n\u00e3o h\u00e1 estacionamento; sem funcion\u00e1rios com conhecimento de LIBRAS; h\u00e1 card\u00e1pio em braille; os banheiros dos quartos acess\u00edveis possuem ducha acoplada ao chuveiro, possuem cadeira retr\u00e1til ou cadeira de banho no chuveiro; n\u00e3o h\u00e1 piscina.<\/p>\n<hr \/>\n<p><a href=\"http:\/\/www.ibis.com\" target=\"_blank\">www.ibis.com<\/a><\/p>\n<p>R. Ministro Viveiro de Castro, 134 , Copacabana<br \/>\nRio de Janeiro\/22631-014<br \/>\nPhone: +55(21) 3218-1150<br \/>\nAccessible rooms: 6<br \/>\nThe main entrance is accessible; no parking; no staff with LIBRAS skills; braille menu avilable; accessible shower and accessible shower chair avilable; no swimming pool.<\/p>\n<hr \/>\n<h4><span style=\"color: #ff6600;\"><a href=\"http:\/\/www.cvi-rio.org.br\/site\/wp-content\/uploads\/2016\/02\/Ibis-Geral.png\"><img loading=\"lazy\" decoding=\"async\" class=\"alignright size-thumbnail wp-image-3194\" src=\"http:\/\/www.cvi-rio.org.br\/site\/wp-content\/uploads\/2016\/02\/Ibis-Geral-150x150.png\" alt=\"Ibis Geral\" width=\"150\" height=\"150\" srcset=\"https:\/\/www.cvi-rio.org.br\/site\/wp-content\/uploads\/2016\/02\/Ibis-Geral-150x150.png 150w, https:\/\/www.cvi-rio.org.br\/site\/wp-content\/uploads\/2016\/02\/Ibis-Geral-300x300.png 300w, https:\/\/www.cvi-rio.org.br\/site\/wp-content\/uploads\/2016\/02\/Ibis-Geral.png 1024w\" sizes=\"auto, (max-width: 150px) 100vw, 150px\" \/><\/a>Ibis RJ Nova Am\u00e9rica<\/span><\/h4>\n<p><a href=\"http:\/\/www.ibis.com\" target=\"_blank\">www.ibis.com<\/a><br \/>\nAv. Pastor Martin Luther King Jr., 126 Bloco 11 Torre 4, Del Castilho<br \/>\nRio de Janeiro\/20765-971<br \/>\n(21) 3184-6161<br \/>\nQuartos acessiveis: 12<br \/>\nA entrada do hotel \u00e9 acess\u00edvel; h\u00e1 estacionamento por\u00e9m sem motorista no local; sem funcion\u00e1rios com conhecimento de LIBRAS; n\u00e3o h\u00e1 card\u00e1pio em braille; os banheiros dos quartos acess\u00edveis possuem ducha acoplada ao chuveiro, possuem cadeira retr\u00e1til ou cadeira de banho no chuveiro; n\u00e3o h\u00e1 piscina.<\/p>\n<hr \/>\n<p><a href=\"http:\/\/www.ibis.com\" target=\"_blank\">www.ibis.com<\/a><\/p>\n<p>Av. Pastor Martin Luther King Jr., 126 Bloco 11 Torre 4, Del Castilho<br \/>\nRio de Janeiro\/22631-015<br \/>\nPhone: +55(21) 3184-6161<br \/>\nAccessible rooms: 12<br \/>\nThe main entrance is accessible; there is parking but no vallet; no staff with LIBRAS skills; no braille menu; accessible shower and accessible shower chair avilable; no swimming pool.<\/p>\n<hr \/>\n<h4><span style=\"color: #ff6600;\"><a href=\"http:\/\/www.cvi-rio.org.br\/site\/wp-content\/uploads\/2016\/02\/Ibis-Hotels.png\"><img loading=\"lazy\" decoding=\"async\" class=\"alignright size-thumbnail wp-image-3192\" src=\"http:\/\/www.cvi-rio.org.br\/site\/wp-content\/uploads\/2016\/02\/Ibis-Hotels-150x150.png\" alt=\"Ibis Hotels\" width=\"150\" height=\"150\" srcset=\"https:\/\/www.cvi-rio.org.br\/site\/wp-content\/uploads\/2016\/02\/Ibis-Hotels-150x150.png 150w, https:\/\/www.cvi-rio.org.br\/site\/wp-content\/uploads\/2016\/02\/Ibis-Hotels-300x300.png 300w, https:\/\/www.cvi-rio.org.br\/site\/wp-content\/uploads\/2016\/02\/Ibis-Hotels.png 864w\" sizes=\"auto, (max-width: 150px) 100vw, 150px\" \/><\/a>Ibis RJ Parque Ol\u00edmpico<\/span><\/h4>\n<p><a href=\"http:\/\/www.ibis.com\" target=\"_blank\">www.ibis.com<\/a><br \/>\nAv Embaixador Abelardo Bueno, 1511 Barra da Tijuca<br \/>\nRio de Janeiro\/22775-039<br \/>\n(21) 3721-7700<br \/>\nQuartos acessiveis: 12<br \/>\nA entrada do hotel \u00e9 acess\u00edvel; h\u00e1 estacionamento com motorista no local; sem funcion\u00e1rios com conhecimento de LIBRAS; n\u00e3o h\u00e1 card\u00e1pio em braille; os banheiros dos quartos acess\u00edveis possuem ducha acoplada ao chuveiro, possuem cadeira retr\u00e1til ou cadeira de banho no chuveiro; n\u00e3o h\u00e1 piscina.<\/p>\n<hr \/>\n<p><a href=\"http:\/\/www.ibis.com\" target=\"_blank\">www.ibis.com<\/a><\/p>\n<p>Av Embaixador Abelardo Bueno, 1511 Barra da Tijuca<br \/>\nRio de Janeiro\/22631-016<br \/>\nPhone: +55(21) 3721-7700<br \/>\nAccessible rooms: 12<br \/>\nThe main entrance is accessible; there is parking with vallet; no staff with LIBRAS skills; no braille menu; accessible shower and accessible shower chair avilable; no swimming pool.<\/p>\n<hr \/>\n<h4><span style=\"color: #ff6600;\"><a href=\"http:\/\/www.cvi-rio.org.br\/site\/wp-content\/uploads\/2016\/02\/Ibis-Geral.png\"><img loading=\"lazy\" decoding=\"async\" class=\"alignright size-thumbnail wp-image-3194\" src=\"http:\/\/www.cvi-rio.org.br\/site\/wp-content\/uploads\/2016\/02\/Ibis-Geral-150x150.png\" alt=\"Ibis Geral\" width=\"150\" height=\"150\" srcset=\"https:\/\/www.cvi-rio.org.br\/site\/wp-content\/uploads\/2016\/02\/Ibis-Geral-150x150.png 150w, https:\/\/www.cvi-rio.org.br\/site\/wp-content\/uploads\/2016\/02\/Ibis-Geral-300x300.png 300w, https:\/\/www.cvi-rio.org.br\/site\/wp-content\/uploads\/2016\/02\/Ibis-Geral.png 1024w\" sizes=\"auto, (max-width: 150px) 100vw, 150px\" \/><\/a>Ibis RJ Praia da Barra<\/span><\/h4>\n<p><a href=\"http:\/\/www.ibis.com\" target=\"_blank\">www.ibis.com<\/a><br \/>\nAv. do Pep\u00ea, 56-A Barra da Tijuca<br \/>\nRio de Janeiro\/22620-061<br \/>\n21) 3721-7560<br \/>\nQuartos acessiveis: 15<br \/>\nA entrada do hotel \u00e9 acess\u00edvel; h\u00e1 estacionamento com motorista no local; sem funcion\u00e1rios com conhecimento de LIBRAS; h\u00e1 card\u00e1pio em braille; os banheiros dos quartos acess\u00edveis possuem ducha acoplada ao chuveiro, possuem cadeira retr\u00e1til ou cadeira de banho no chuveiro; n\u00e3o h\u00e1 piscina.<\/p>\n<hr \/>\n<p><a href=\"http:\/\/www.ibis.com\" target=\"_blank\">www.ibis.com<\/a><\/p>\n<p>Av. do Pep\u00ea, 56-A Barra da Tijuca<br \/>\nRio de Janeiro\/22631-017<br \/>\nPhone: +5521) 3721-7560<br \/>\nAccessible rooms: 15<br \/>\nThe main entrance is accessible; there is parking with vallet; no staff with LIBRAS skills; braille menu available; accessible shower and accessible shower chair avilable; no swimming pool.<\/p>\n<hr \/>\n<h4><span style=\"color: #ff6600;\">Mercure RJ Praia da Barra<a href=\"http:\/\/www.cvi-rio.org.br\/site\/wp-content\/uploads\/2016\/02\/Mercure-Hotel.png\"><img loading=\"lazy\" decoding=\"async\" class=\"alignright wp-image-3298\" src=\"http:\/\/www.cvi-rio.org.br\/site\/wp-content\/uploads\/2016\/02\/Mercure-Hotel.png\" alt=\"Mercure Hotel\" width=\"182\" height=\"100\" \/><\/a><\/span><\/h4>\n<p><a href=\"http:\/\/www.mercure.com\" target=\"_blank\">www.mercure.com<\/a><br \/>\nAv. do Pep\u00ea, 56-A Barra da Tijuca<br \/>\nRio de Janeiro\/22620-170<br \/>\n(21) 2153-1200<br \/>\nQuartos acessiveis: 4<br \/>\nA entrada do hotel \u00e9 acess\u00edvel; h\u00e1 estacionamento com motorista no local; sem funcion\u00e1rios com conhecimento de LIBRAS; n\u00e3o h\u00e1 card\u00e1pio em braille; os banheiros dos quartos acess\u00edveis possuem ducha acoplada ao chuveiro, possuem cadeira retr\u00e1til ou cadeira de banho no chuveiro; h\u00e1 piscina acess\u00edvel.<\/p>\n<hr \/>\n<p><a href=\"http:\/\/www.mercure.com\" target=\"_blank\">www.mercure.com<\/a><\/p>\n<p>Av. do Pep\u00ea, 56-A Barra da Tijuca<br \/>\nRio de Janeiro\/22631-018<br \/>\nPhone: +55(21) 2153-1200<br \/>\nAccessible rooms: 4<br \/>\nThe main entrance is accessible; there is parking with vallet; no staff with LIBRAS skills; no braille menu; accessible shower and accessible shower chair available; the swimming pool is accessible.<\/p>\n<hr \/>\n<h4><span style=\"color: #ff6600;\"><a href=\"http:\/\/www.cvi-rio.org.br\/site\/wp-content\/uploads\/2016\/02\/Metropole-Rio-Hotel.png\"><img loading=\"lazy\" decoding=\"async\" class=\"alignright wp-image-3222\" src=\"http:\/\/www.cvi-rio.org.br\/site\/wp-content\/uploads\/2016\/02\/Metropole-Rio-Hotel.png\" alt=\"Metropole Rio Hotel\" width=\"119\" height=\"130\" \/><\/a>Metropole Rio Hotel<\/span><\/h4>\n<p><a href=\"http:\/\/www.metropoleriohotel.com.br\" target=\"_blank\">www.metropoleriohotel.com.br<\/a><br \/>\nR. Santo Amaro, 11 &#8211; Gl\u00f3ria<br \/>\nRio de Janeiro\/22211-230<br \/>\n(21) 2507-2037<br \/>\nQuartos acessiveis: 7<br \/>\nA entrada do hotel \u00e9 acess\u00edvel; h\u00e1 estacionamento com motorista no local; sem funcion\u00e1rios com conhecimento de LIBRAS; n\u00e3o h\u00e1 card\u00e1pio em braille; os banheiros dos quartos acess\u00edveis possuem ducha acoplada ao chuveiro; n\u00e3o h\u00e1 piscina.<\/p>\n<hr \/>\n<p><a href=\"http:\/\/www.metropoleriohotel.com.br\" target=\"_blank\">www.metropoleriohotel.com.br<\/a><\/p>\n<p>R. Santo Amaro, 11 &#8211; Gl\u00f3ria<br \/>\nRio de Janeiro\/22631-019<br \/>\nPhone: +55(21) 2507-2037<br \/>\nAccessible rooms: 7<br \/>\nThe main entrance is accessible; there is parking with vallet; no staff with LIBRAS skills; no braille menu; accessible shower avilable; no swimming pool.<\/p>\n<hr \/>\n<h4><span style=\"color: #ff6600;\"><a href=\"http:\/\/www.cvi-rio.org.br\/site\/wp-content\/uploads\/2016\/02\/Miramar-by-Windsor.png\"><img loading=\"lazy\" decoding=\"async\" class=\"alignright wp-image-3223\" src=\"http:\/\/www.cvi-rio.org.br\/site\/wp-content\/uploads\/2016\/02\/Miramar-by-Windsor.png\" alt=\"Miramar by Windsor\" width=\"195\" height=\"82\" \/><\/a>Miramar by Windsor<\/span><\/h4>\n<p><a href=\"http:\/\/miramarhotelbywindsor.com.br\" target=\"_blank\">miramarhotelbywindsor.com.br<\/a><br \/>\nRua S\u00e1 Ferreira, 09 Copacabana<br \/>\nRio de Janeiro\/22070-001<br \/>\n(21) 2195-6200<br \/>\nQuartos acessiveis: 5<br \/>\nA entrada do hotel \u00e9 acess\u00edvel; h\u00e1 estacionamento com motorista no local; sem funcion\u00e1rios com conhecimento de LIBRAS; h\u00e1 card\u00e1pio em braille; os banheiros dos quartos acess\u00edveis n\u00e3o possuem ducha acoplada ao chuveiro; h\u00e1 piscina acess\u00edvel.<\/p>\n<hr \/>\n<p><a href=\"http:\/\/miramarhotelbywindsor.com.br\" target=\"_blank\">miramarhotelbywindsor.com.br<\/a><\/p>\n<p>Rua S\u00e1 Ferreira, 09 Copacabana<br \/>\nRio de Janeiro\/22631-020<br \/>\nPhone: +55(21) 2195-6200<br \/>\nAccessible rooms: 5<br \/>\nThe main entrance is accessible; there is parking with vallet; no staff with LIBRAS skills; no braille menu; no accessible shower; the swimming pool is accessible.<\/p>\n<hr \/>\n<h4><span style=\"color: #ff6600;\"><a href=\"http:\/\/www.cvi-rio.org.br\/site\/wp-content\/uploads\/2016\/02\/Novotel-Hoteis.png\"><img loading=\"lazy\" decoding=\"async\" class=\"alignright wp-image-3224\" src=\"http:\/\/www.cvi-rio.org.br\/site\/wp-content\/uploads\/2016\/02\/Novotel-Hoteis.png\" alt=\"Novotel Hoteis\" width=\"198\" height=\"74\" \/><\/a>Novotel Rio de Janeiro Santos Dumont<\/span><\/h4>\n<p><a href=\"http:\/\/www.novotel.com\" target=\"_blank\">www.novotel.com<\/a><br \/>\nRua Marechal C\u00e2mara, 300, Centro,Rio de Janeiro<br \/>\nRio de Janeiro\/20020-080<br \/>\n(21) 3506-8500<br \/>\nQuartos acessiveis: 8<br \/>\nA entrada do hotel \u00e9 acess\u00edvel; h\u00e1 estacionamento com motorista no local; sem funcion\u00e1rios com conhecimento de LIBRAS; n\u00e3o h\u00e1 card\u00e1pio em braille; os banheiros dos quartos acess\u00edveis possuem ducha acoplada ao chuveiro, possuem cadeira retr\u00e1til ou cadeira de banho no chuveiro; n\u00e3o h\u00e1 piscina.<\/p>\n<hr \/>\n<p><a href=\"http:\/\/www.novotel.com\" target=\"_blank\">www.novotel.com<\/a><\/p>\n<p>Rua Marechal C\u00e2mara, 300, Centro,Rio de Janeiro<br \/>\nRio de Janeiro\/22631-021<br \/>\nPhone: +55(21) 3506-8500<br \/>\nAccessible rooms: 8<br \/>\nThe main entrance is accessible; there is parking with vallet; no staff with LIBRAS skills; no braille menu; accessible shower and accessible shower chair available; no swimming pool.<\/p>\n<hr \/>\n<h4><span style=\"color: #ff6600;\"><a href=\"http:\/\/www.cvi-rio.org.br\/site\/wp-content\/uploads\/2016\/02\/Novotel-Hoteis.png\"><img loading=\"lazy\" decoding=\"async\" class=\"alignright wp-image-3224\" src=\"http:\/\/www.cvi-rio.org.br\/site\/wp-content\/uploads\/2016\/02\/Novotel-Hoteis.png\" alt=\"Novotel Hoteis\" width=\"198\" height=\"74\" \/><\/a>Novotel RJ Barra<\/span><\/h4>\n<p><a href=\"http:\/\/www.novotel.com\" target=\"_blank\">www.novotel.com<\/a><br \/>\nAvn L\u00facio Costa 5210 Barra da Tijuca<br \/>\nRio de Janeiro\/22630-012<br \/>\n(21) 3504-3000<br \/>\nQuartos acessiveis: 12<br \/>\nA entrada do hotel \u00e9 acess\u00edvel; h\u00e1 estacionamento com motorista no local; sem funcion\u00e1rios com conhecimento de LIBRAS; n\u00e3o h\u00e1 card\u00e1pio em braille; os banheiros dos quartos acess\u00edveis possuem ducha acoplada ao chuveiro, possuem cadeira retr\u00e1til ou cadeira de banho no chuveiro; h\u00e1 piscina acess\u00edvel.<\/p>\n<hr \/>\n<p><a href=\"http:\/\/www.novotel.com\" target=\"_blank\">www.novotel.com<\/a><\/p>\n<p>Avn L\u00facio Costa 5210 Barra da Tijuca<br \/>\nRio de Janeiro\/22631-022<br \/>\nPhone: +55(21) 3504-3000<br \/>\nAccessible rooms: 12<br \/>\nThe main entrance is accessible; there is parking with vallet; no staff with LIBRAS skills; no braille menu; accessible shower and accessible shower chair available; the swimming pool is accessible.<\/p>\n<hr \/>\n<h4><span style=\"color: #ff6600;\"><a href=\"http:\/\/www.cvi-rio.org.br\/site\/wp-content\/uploads\/2016\/02\/Novotel-Hoteis.png\"><img loading=\"lazy\" decoding=\"async\" class=\"alignright wp-image-3224\" src=\"http:\/\/www.cvi-rio.org.br\/site\/wp-content\/uploads\/2016\/02\/Novotel-Hoteis.png\" alt=\"Novotel Hoteis\" width=\"198\" height=\"74\" \/><\/a>Novotel RJ Parque Ol\u00edmpico<\/span><\/h4>\n<p><a href=\"http:\/\/www.novotel.com\" target=\"_blank\">www.novotel.com<\/a><br \/>\nAv Embaixador Abelardo Bueno, 1511 Barra da Tijuca<br \/>\nRio de Janeiro\/22775-040<br \/>\n(21) 3478-4900<br \/>\nQuartos acessiveis: 9<br \/>\nA entrada do hotel \u00e9 acess\u00edvel; h\u00e1 estacionamento com motorista no local; sem funcion\u00e1rios com conhecimento de LIBRAS; n\u00e3o h\u00e1 card\u00e1pio em braille; os banheiros dos quartos acess\u00edveis possuem ducha acoplada ao chuveiro, possuem cadeira retr\u00e1til ou cadeira de banho no chuveiro; h\u00e1 piscina acess\u00edvel.<\/p>\n<hr \/>\n<p><a href=\"http:\/\/www.novotel.com\" target=\"_blank\">www.novotel.com<\/a><\/p>\n<p>Av Embaixador Abelardo Bueno, 1511 Barra da Tijuca<br \/>\nRio de Janeiro\/22631-023<br \/>\nPhone: +55(21) 3478-4900<br \/>\nAccessible rooms: 9<br \/>\nThe main entrance is accessible; there is parking with vallet; no staff with LIBRAS skills; no braille menu; accessible shower and accessible shower chair available; the swimming pool is accessible.<\/p>\n<hr \/>\n<h4><span style=\"color: #ff6600;\"><a href=\"http:\/\/www.cvi-rio.org.br\/site\/wp-content\/uploads\/2016\/02\/Pestana-Hotel.png\"><img loading=\"lazy\" decoding=\"async\" class=\"alignright wp-image-3225\" src=\"http:\/\/www.cvi-rio.org.br\/site\/wp-content\/uploads\/2016\/02\/Pestana-Hotel.png\" alt=\"Pestana Hotel\" width=\"159\" height=\"100\" \/><\/a>Pestana Rio Atlantica<\/span><\/h4>\n<p><a href=\"http:\/\/www.pestana.com\/en\/pestana-rio-atlantica\" target=\"_blank\">www.pestana.com\/en\/pestana-rio-atlantica<\/a><br \/>\nAvenida Atl\u00e2ntica, 2964 &#8211; Copacabana<br \/>\nRio de Janeiro\/22070-000<br \/>\n(11) 4130-2822<br \/>\nQuartos acessiveis: 4<br \/>\nA entrada do hotel \u00e9 acess\u00edvel; h\u00e1 estacionamento com motorista no local; sem funcion\u00e1rios com conhecimento de LIBRAS; n\u00e3o h\u00e1 card\u00e1pio em braille; os banheiros dos quartos acess\u00edveis possuem ducha acoplada ao chuveiro, possuem cadeira retr\u00e1til ou cadeira de banho no chuveiro; h\u00e1 piscina acess\u00edvel.<\/p>\n<hr \/>\n<p><a href=\"http:\/\/www.pestana.com\/en\/pestana-rio-atlantica\" target=\"_blank\">www.pestana.com\/en\/pestana-rio-atlantica<\/a><\/p>\n<p>Avenida Atl\u00e2ntica, 2964 &#8211; Copacabana<br \/>\nRio de Janeiro\/22631-024<br \/>\nPhone: +55(11) 4130-2822<br \/>\nAccessible rooms: 4<br \/>\nThe main entrance is accessible; there is parking with vallet; no staff with LIBRAS skills; no braille menu; accessible shower and accessible shower chair available; the swimming pool is accessible.<\/p>\n<hr \/>\n<h4><span style=\"color: #ff6600;\">Rio Othon Palace<a href=\"http:\/\/www.cvi-rio.org.br\/site\/wp-content\/uploads\/2016\/02\/Othon-Palace-Rio.png\"><img loading=\"lazy\" decoding=\"async\" class=\"alignright wp-image-3227\" src=\"http:\/\/www.cvi-rio.org.br\/site\/wp-content\/uploads\/2016\/02\/Othon-Palace-Rio.png\" alt=\"Othon Palace Rio\" width=\"238\" height=\"65\" \/><\/a><\/span><\/h4>\n<p><a href=\"http:\/\/othon.com.br\/rioothonpalace\/\" target=\"_blank\">othon.com.br\/rioothonpalace\/<\/a><br \/>\nAv Atlantica 3264 Copacabana<br \/>\nRio de Janeiro\/22070-001<br \/>\n(21) 2106-1500<br \/>\nQuartos acessiveis: 6<br \/>\nAcessibilidade assitida na entrada do hotel; h\u00e1 estacionamento com motorista no local; sem funcion\u00e1rios com conhecimento de LIBRAS; n\u00e3o h\u00e1 card\u00e1pio em braille; os banheiros dos quartos acess\u00edveis possuem ducha acoplada ao chuveiro, possuem cadeira retr\u00e1til ou cadeira de banho no chuveiro; h\u00e1 piscina acess\u00edvel.<\/p>\n<hr \/>\n<p><a href=\"http:\/\/othon.com.br\/rioothonpalace\/\" target=\"_blank\">othon.com.br\/rioothonpalace\/<\/a><\/p>\n<p>Av Atlantica 3264 Copacabana<br \/>\nRio de Janeiro\/22631-025<br \/>\nPhone: +55(21) 2106-1500<br \/>\nAccessible rooms: 6<br \/>\nAssisted mobility needed in the main entrance; there is parking with vallet; no staff with LIBRAS skills; no braille menu; accessible shower and accessible shower chair available; the swimming pool is accessible.<\/p>\n<hr \/>\n<h4><span style=\"color: #ff6600;\">Sheraton<a href=\"http:\/\/www.cvi-rio.org.br\/site\/wp-content\/uploads\/2016\/02\/Sheraton-Rio.png\"><img loading=\"lazy\" decoding=\"async\" class=\"alignright wp-image-3252\" src=\"http:\/\/www.cvi-rio.org.br\/site\/wp-content\/uploads\/2016\/02\/Sheraton-Rio.png\" alt=\"Sheraton Rio\" width=\"230\" height=\"90\" \/><\/a><\/span><\/h4>\n<p><a href=\"http:\/\/www.sheraton-rio.com.br\" target=\"_blank\">www.sheraton-rio.com.br<\/a><br \/>\nAv Niemeyer, 121 , Leblon, Rio de Janeiro<br \/>\nRio de Janeiro\/22450-220<br \/>\n(21) 2529-1122<br \/>\nQuartos acessiveis: 8<br \/>\nA entrada do hotel \u00e9 acess\u00edvel; h\u00e1 estacionamento por\u00e9m sem motorista no local; sem funcion\u00e1rios com conhecimento de LIBRAS; n\u00e3o h\u00e1 card\u00e1pio em braille; os banheiros dos quartos acess\u00edveis possuem ducha acoplada ao chuveiro, possuem cadeira retr\u00e1til ou cadeira de banho no chuveiro; h\u00e1 piscina acess\u00edvel.<\/p>\n<hr \/>\n<p><a href=\"http:\/\/www.sheraton-rio.com.br\" target=\"_blank\">www.sheraton-rio.com.br<\/a><\/p>\n<p>Av Niemeyer, 121 , Leblon, Rio de Janeiro<br \/>\nRio de Janeiro\/22631-026<br \/>\nPhone: +55(21) 2529-1122<br \/>\nAccessible rooms: 8<br \/>\nThe main entrance is accessible; there is parking but no vallet; no staff with LIBRAS skills; no braille menu; accessible shower and accessible shower chair available; the swimming pool is accessible.<\/p>\n<hr \/>\n<h4><span style=\"color: #ff6600;\">Sofitel Copacabana Rio de Janeiro<a href=\"http:\/\/www.cvi-rio.org.br\/site\/wp-content\/uploads\/2016\/02\/Sofitel-Copacabana.png\"><img loading=\"lazy\" decoding=\"async\" class=\"alignright wp-image-3254\" src=\"http:\/\/www.cvi-rio.org.br\/site\/wp-content\/uploads\/2016\/02\/Sofitel-Copacabana.png\" alt=\"Sofitel Copacabana\" width=\"284\" height=\"70\" \/><\/a><\/span><\/h4>\n<p><a href=\"http:\/\/www.accorhotels.com\" target=\"_blank\">www.accorhotels.com<\/a><br \/>\nAv. Atl\u00e2ntica, 4240, Copacabana, Rio de Janeiro<br \/>\nRio de Janeiro\/22070-002<br \/>\n(21) 2525-1232<br \/>\nQuartos acessiveis: 7<br \/>\nA entrada do hotel \u00e9 acess\u00edvel; n\u00e3o h\u00e1 estacionamento; sem funcion\u00e1rios com conhecimento de LIBRAS; n\u00e3o h\u00e1 card\u00e1pio em braille; os banheiros dos quartos acess\u00edveis possuem ducha acoplada ao chuveiro, possuem cadeira retr\u00e1til ou cadeira de banho no chuveiro; h\u00e1 piscina acess\u00edvel.<\/p>\n<hr \/>\n<p><a href=\"http:\/\/www.accorhotels.com\" target=\"_blank\">www.accorhotels.com<\/a><\/p>\n<p>Av. Atl\u00e2ntica, 4240, Copacabana, Rio de Janeiro<br \/>\nRio de Janeiro\/22631-027<br \/>\nPhone: +55(21) 2525-1232<br \/>\nAccessible rooms: 7<br \/>\nThe main entrance is accessible; no parking; no staff with LIBRAS skills; no braille menu; accessible shower and accessible shower chair available; the swimming pool is accessible.<\/p>\n<hr \/>\n<h4><span style=\"color: #ff6600;\">Vila Gal\u00e9<a href=\"http:\/\/www.cvi-rio.org.br\/site\/wp-content\/uploads\/2016\/02\/Vila-Gal\u00e9-Rio1.png\"><img loading=\"lazy\" decoding=\"async\" class=\"alignright wp-image-3265\" src=\"http:\/\/www.cvi-rio.org.br\/site\/wp-content\/uploads\/2016\/02\/Vila-Gal\u00e9-Rio1.png\" alt=\"Vila Gal\u00e9 Rio\" width=\"145\" height=\"146\" \/><\/a><\/span><\/h4>\n<p><a href=\"http:\/\/www.vilagale.com\/pt\/hoteis\/brasil\/vila-gale-rio-de-janeiro\" target=\"_blank\">www.vilagale.com\/pt\/hoteis\/brasil\/vila-gale-rio-de-janeiro<\/a><br \/>\nRua Riachuelo, 124 &#8211; Lapa<br \/>\nRio de Janeiro\/20230-014<br \/>\n(21) 2460-4500<br \/>\nQuartos acessiveis: 15<br \/>\nA entrada do hotel \u00e9 acess\u00edvel; h\u00e1 estacionamento com motorista no local; sem funcion\u00e1rios com conhecimento de LIBRAS; n\u00e3o h\u00e1 card\u00e1pio em braille; os banheiros dos quartos acess\u00edveis possuem ducha acoplada ao chuveiro, possuem cadeira retr\u00e1til ou cadeira de banho no chuveiro; h\u00e1 piscina acess\u00edvel.<\/p>\n<hr \/>\n<p><a href=\"http:\/\/www.vilagale.com\/pt\/hoteis\/brasil\/vila-gale-rio-de-janeiro\" target=\"_blank\">www.vilagale.com\/pt\/hoteis\/brasil\/vila-gale-rio-de-janeiro<\/a><\/p>\n<p>Rua Riachuelo, 124 &#8211; Lapa<br \/>\nRio de Janeiro\/22631-028<br \/>\nPhone: +55(21) 2460-4500<br \/>\nAccessible rooms: 15<br \/>\nThe main entrance is accessible; there is parking with vallet; no staff with LIBRAS skills; no braille menu; accessible shower and accessible shower chair available; the swimming pool is accessible.<\/p>\n<hr \/>\n<h4><span style=\"color: #ff6600;\">Vi\u00f1a del Mar<a href=\"http:\/\/www.cvi-rio.org.br\/site\/wp-content\/uploads\/2016\/02\/Vi\u00e3-del-Mar.gif\"><img loading=\"lazy\" decoding=\"async\" class=\"alignright size-full wp-image-3268\" src=\"http:\/\/www.cvi-rio.org.br\/site\/wp-content\/uploads\/2016\/02\/Vi\u00e3-del-Mar.gif\" alt=\"Vi\u00e3 del Mar\" width=\"200\" height=\"146\" \/><\/a><\/span><\/h4>\n<p><a href=\"http:\/\/www.vinadelmar.com.br\" target=\"_blank\">www.vinadelmar.com.br<\/a><br \/>\nRua Joaquim Silva, 57, Lapa, Rio de Janeiro, RJ<br \/>\nRio de Janeiro\/20241-110<br \/>\n(21) 2509-1857<br \/>\nQuartos acessiveis: 5<br \/>\nA entrada do hotel \u00e9 acess\u00edvel; h\u00e1 estacionamento por\u00e9m sem motorista no local; sem funcion\u00e1rios com conhecimento de LIBRAS; n\u00e3o h\u00e1 card\u00e1pio em braille; os banheiros dos quartos acess\u00edveis possuem ducha acoplada ao chuveiro, possuem cadeira retr\u00e1til ou cadeira de banho no chuveiro; n\u00e3o h\u00e1 piscina.<\/p>\n<hr \/>\n<p><a href=\"http:\/\/www.vinadelmar.com.br\" target=\"_blank\">www.vinadelmar.com.br<\/a><\/p>\n<p>Rua Joaquim Silva, 57, Lapa, Rio de Janeiro, RJ<br \/>\nRio de Janeiro\/22631-029<br \/>\nPhone: +55(21) 2509-1857<br \/>\nAccessible rooms: 5<br \/>\nThe main entrance is accessible; there is parking but no vallet; no staff with LIBRAS skills; no braille menu; accessible shower and accessible shower chair available; no swimming pool.<\/p>\n<hr \/>\n<h4><span style=\"color: #ff6600;\">Windsor Atl\u00e2ntica<a href=\"http:\/\/www.cvi-rio.org.br\/site\/wp-content\/uploads\/2016\/02\/Windsor-Atlantica-Hotel.png\"><img loading=\"lazy\" decoding=\"async\" class=\"alignright wp-image-3277\" src=\"http:\/\/www.cvi-rio.org.br\/site\/wp-content\/uploads\/2016\/02\/Windsor-Atlantica-Hotel.png\" alt=\"Windsor Atlantica Hotel\" width=\"265\" height=\"84\" \/><\/a><\/span><\/h4>\n<p><a href=\"http:\/\/windsorhoteis.com\/hotel\/windsor-atlantica\/\" target=\"_blank\">windsorhoteis.com\/hotel\/windsor-atlantica\/<\/a><br \/>\nAv. Atl\u00e2ntica, 1020, Copacabana<br \/>\nRio de Janeiro\/22010-000<br \/>\n(21) 2195-7800<br \/>\nQuartos acessiveis: 10<br \/>\nA entrada do hotel \u00e9 acess\u00edvel; h\u00e1 estacionamento com motorista no local; sem funcion\u00e1rios com conhecimento de LIBRAS; h\u00e1 card\u00e1pio em braille; os banheiros dos quartos acess\u00edveis n\u00e3o possuem ducha acoplada ao chuveiro; h\u00e1 piscina acess\u00edvel.<\/p>\n<hr \/>\n<p><a href=\"http:\/\/windsorhoteis.com\/hotel\/windsor-atlantica\/\" target=\"_blank\">windsorhoteis.com\/hotel\/windsor-atlantica\/<\/a><\/p>\n<p>Av. Atl\u00e2ntica, 1020, Copacabana<br \/>\nRio de Janeiro\/22631-030<br \/>\nPhone: +55(21) 2195-7800<br \/>\nAccessible rooms: 10<br \/>\nThe main entrance is accessible; there is parking with vallet; no staff with LIBRAS skills; braille menu avilable; no accessible shower; the swimming pool is accessible.<\/p>\n<hr \/>\n<h4><span style=\"color: #ff6600;\">Windsor Barra<a href=\"http:\/\/www.cvi-rio.org.br\/site\/wp-content\/uploads\/2016\/02\/Windsor-Barra-Hotel.png\"><img loading=\"lazy\" decoding=\"async\" class=\"alignright wp-image-3273\" src=\"http:\/\/www.cvi-rio.org.br\/site\/wp-content\/uploads\/2016\/02\/Windsor-Barra-Hotel.png\" alt=\"Windsor Barra Hotel\" width=\"312\" height=\"70\" \/><\/a><\/span><\/h4>\n<p><a href=\"http:\/\/windsorhoteis.com\/hotel\/windsor-barra\" target=\"_blank\">windsorhoteis.com\/hotel\/windsor-barra<\/a><br \/>\nAv Sernambetiba, 2630, Barra, Rio de Janeiro<br \/>\nRio de Janeiro\/20031-204<br \/>\n(21) 2195-5000<br \/>\nQuartos acessiveis: 12<br \/>\nA entrada do hotel \u00e9 acess\u00edvel; h\u00e1 estacionamento com motorista no local; sem funcion\u00e1rios com conhecimento de LIBRAS; h\u00e1 card\u00e1pio em braille; os banheiros dos quartos acess\u00edveis n\u00e3o possuem ducha acoplada ao chuveiro; h\u00e1 piscina por\u00e9m a mesma n\u00e3o \u00e9 acess\u00edvel.<\/p>\n<hr \/>\n<p><a href=\"http:\/\/windsorhoteis.com\/hotel\/windsor-barra\" target=\"_blank\">windsorhoteis.com\/hotel\/windsor-barra<\/a><\/p>\n<p>Av Sernambetiba, 2630, Barra, Rio de Janeiro<br \/>\nRio de Janeiro\/22631-031<br \/>\nPhone: +55(21) 2195-5000<br \/>\nAccessible rooms: 12<br \/>\nThe main entrance is accessible; there is parking with vallet; no staff with LIBRAS skills; braille menu available; no accessible shower; the swimming pool is not accessible.<\/p>\n<hr \/>\n<h4><span style=\"color: #ff6600;\">Windsor Copa Hotel<a href=\"http:\/\/www.cvi-rio.org.br\/site\/wp-content\/uploads\/2016\/02\/Windsor-Copa-Hotel.png\"><img loading=\"lazy\" decoding=\"async\" class=\"alignright wp-image-3274\" src=\"http:\/\/www.cvi-rio.org.br\/site\/wp-content\/uploads\/2016\/02\/Windsor-Copa-Hotel.png\" alt=\"Windsor Copa Hotel\" width=\"221\" height=\"100\" \/><\/a><\/span><\/h4>\n<p><a href=\"http:\/\/windsorhoteis.com\/hotel\/windsor-copa-hotel\/\" target=\"_blank\">windsorhoteis.com\/hotel\/windsor-copa-hotel\/<\/a><br \/>\nAv. Nossa Senhora de Copacabana, 335 &#8211; Copacabana<br \/>\nRio de Janeiro\/22020-002<br \/>\n(21) 2195-5300<br \/>\nQuartos acessiveis: 4<br \/>\nA entrada do hotel \u00e9 acess\u00edvel; h\u00e1 estacionamento com motorista no local; sem funcion\u00e1rios com conhecimento de LIBRAS; n\u00e3o h\u00e1 card\u00e1pio em braille; os banheiros dos quartos acess\u00edveis possuem ducha acoplada ao chuveiro; n\u00e3o h\u00e1 piscina.<\/p>\n<hr \/>\n<p><a href=\"http:\/\/windsorhoteis.com\/hotel\/windsor-copa-hotel\/\" target=\"_blank\">windsorhoteis.com\/hotel\/windsor-copa-hotel\/<\/a><\/p>\n<p>Av. Nossa Senhora de Copacabana, 335 &#8211; Copacabana<br \/>\nRio de Janeiro\/22631-032<br \/>\nPhone: +55(21) 2195-5300<br \/>\nAccessible rooms: 4<br \/>\nThe main entrance is accessible; there is parking with vallet; no staff with LIBRAS skills; no braille menu; accessible shower available; no swimming pool.<\/p>\n<hr \/>\n<h4><span style=\"color: #ff6600;\">Windsor Fl\u00f3rida<a href=\"http:\/\/www.cvi-rio.org.br\/site\/wp-content\/uploads\/2016\/02\/Windsor-Florida-Hotel.png\"><img loading=\"lazy\" decoding=\"async\" class=\"alignright wp-image-3281\" src=\"http:\/\/www.cvi-rio.org.br\/site\/wp-content\/uploads\/2016\/02\/Windsor-Florida-Hotel.png\" alt=\"Windsor Florida Hotel\" width=\"246\" height=\"85\" \/><\/a><\/span><\/h4>\n<p><a href=\"http:\/\/windsorhoteis.com\/hotel\/windsor-florida\/\" target=\"_blank\">windsorhoteis.com\/hotel\/windsor-florida\/<\/a><br \/>\nRua Ferreira Viana,81, Flamengo, Rio de Janeiro<br \/>\nRio de Janeiro\/22210-040<br \/>\n(21) 2195-6800<br \/>\nQuartos acessiveis: 8<br \/>\nA entrada do hotel \u00e9 acess\u00edvel; h\u00e1 estacionamento com motorista no local; sem funcion\u00e1rios com conhecimento de LIBRAS; h\u00e1 card\u00e1pio em braille; os banheiros dos quartos acess\u00edveis n\u00e3o possuem ducha acoplada ao chuveiro; h\u00e1 piscina acess\u00edvel.<\/p>\n<hr \/>\n<p><a href=\"http:\/\/windsorhoteis.com\/hotel\/windsor-florida\/\" target=\"_blank\">windsorhoteis.com\/hotel\/windsor-florida\/<\/a><\/p>\n<p>Rua Ferreira Viana,81, Flamengo, Rio de Janeiro<br \/>\nRio de Janeiro\/22631-033<br \/>\nPhone: +55(21) 2195-6800<br \/>\nAccessible rooms: 8<br \/>\nThe main entrance is accessible; there is parking with vallet; no staff with LIBRAS skills; braille menu available; no accessible shower; the swimming pool is accessible.<\/p>\n<hr \/>\n<h4><span style=\"color: #ff6600;\">Windsor Fl\u00f3rida (amplia\u00e7\u00e3o)<a href=\"http:\/\/www.cvi-rio.org.br\/site\/wp-content\/uploads\/2016\/02\/Windsor-Florida-Hotel.png\"><img loading=\"lazy\" decoding=\"async\" class=\"alignright wp-image-3281\" src=\"http:\/\/www.cvi-rio.org.br\/site\/wp-content\/uploads\/2016\/02\/Windsor-Florida-Hotel.png\" alt=\"Windsor Florida Hotel\" width=\"246\" height=\"85\" \/><\/a><\/span><\/h4>\n<p><a href=\"http:\/\/windsorhoteis.com\/hotel\/windsor-florida\/\" target=\"_blank\">windsorhoteis.com\/hotel\/windsor-florida\/<\/a><br \/>\nRua Ferreira Viana,81, Flamengo, Rio de Janeiro<br \/>\nRio de Janeiro\/22210-040<br \/>\n(21) 2195-6800<br \/>\nQuartos acessiveis: 8<br \/>\nA entrada do hotel \u00e9 acess\u00edvel; h\u00e1 estacionamento com motorista no local; sem funcion\u00e1rios com conhecimento de LIBRAS; h\u00e1 card\u00e1pio em braille; os banheiros dos quartos acess\u00edveis n\u00e3o possuem ducha acoplada ao chuveiro; h\u00e1 piscina acess\u00edvel.<\/p>\n<hr \/>\n<p><a href=\"http:\/\/windsorhoteis.com\/hotel\/windsor-florida\/\" target=\"_blank\">windsorhoteis.com\/hotel\/windsor-florida\/<\/a><\/p>\n<p>Rua Ferreira Viana,81, Flamengo, Rio de Janeiro<br \/>\nRio de Janeiro\/22631-034<br \/>\nPhone: +55(21) 2195-6800<br \/>\nAccessible rooms: 8<br \/>\nThe main entrance is accessible; there is parking with vallet; no staff with LIBRAS skills; braille menu available; no accessible shower; the swimming pool is accessible.<\/p>\n<hr \/>\n<h4><span style=\"color: #ff6600;\">Windsor Guanabara Palace Hotel<a href=\"http:\/\/www.cvi-rio.org.br\/site\/wp-content\/uploads\/2016\/02\/Windsor-Guanabara-Hotel.png\"><img loading=\"lazy\" decoding=\"async\" class=\"alignright wp-image-3286\" src=\"http:\/\/www.cvi-rio.org.br\/site\/wp-content\/uploads\/2016\/02\/Windsor-Guanabara-Hotel.png\" alt=\"Windsor Guanabara Hotel\" width=\"312\" height=\"70\" \/><\/a><\/span><\/h4>\n<p><a href=\"http:\/\/windsorhoteis.com\/hotel\/windsor-guanabara\" target=\"_blank\">windsorhoteis.com\/hotel\/windsor-guanabara<\/a><br \/>\nAv. Pres Vargas, 392, Centro, Rio de Janeiro<br \/>\nRio de Janeiro\/20071-000<br \/>\n(21) 2195-6000<br \/>\nQuartos acessiveis: 10<br \/>\nA entrada do hotel \u00e9 acess\u00edvel; h\u00e1 estacionamento por\u00e9m sem motorista no local; sem funcion\u00e1rios com conhecimento de LIBRAS; h\u00e1 card\u00e1pio em braille; os banheiros dos quartos acess\u00edveis possuem ducha acoplada ao chuveiro; h\u00e1 piscina acess\u00edvel.<\/p>\n<hr \/>\n<p><a href=\"http:\/\/windsorhoteis.com\/hotel\/windsor-guanabara\" target=\"_blank\">windsorhoteis.com\/hotel\/windsor-guanabara<\/a><\/p>\n<p>Av. Pres Vargas, 392, Centro, Rio de Janeiro<br \/>\nRio de Janeiro\/22631-035<br \/>\nPhone: +55(21) 2195-6000<br \/>\nAccessible rooms: 10<br \/>\nThe main entrance is accessible; there is parking but no vallet; no staff with LIBRAS skills; braille menu available; accessible shower available; the swimming pool is accessible.<\/p>\n<p>&nbsp;<\/p>\n","protected":false},"excerpt":{"rendered":"<p>A entrada do hotel \u00e9 acess\u00edvel; h\u00e1 estacionamento com motorista no local; sem funcion\u00e1rios com conhecimento de LIBRAS&#8230;Continua<\/p>\n","protected":false},"author":2,"featured_media":3304,"comment_status":"open","ping_status":"open","sticky":false,"template":"","format":"standard","meta":{"_acf_changed":false,"footnotes":""},"categories":[14],"tags":[23,117,118,24,25,119],"class_list":["post-3133","post","type-post","status-publish","format-standard","has-post-thumbnail","hentry","category-turismo","tag-acessibilidade","tag-educacao","tag-esporte","tag-noticias-2","tag-o-que-acontece-no-cvi-rio","tag-tecnologia-assistiva"],"acf":[],"yoast_head":"<!-- This site is optimized with the Yoast SEO plugin v26.9 - https:\/\/yoast.com\/product\/yoast-seo-wordpress\/ -->\n<title>Hot\u00e9is Acess\u00edveis - CVI-Rio<\/title>\n<meta name=\"description\" content=\"Hot\u00e9is Acess\u00edveis\" \/>\n<meta name=\"robots\" content=\"index, follow, max-snippet:-1, max-image-preview:large, max-video-preview:-1\" \/>\n<link rel=\"canonical\" href=\"https:\/\/www.cvi-rio.org.br\/site\/hoteis-acessiveis\/\" \/>\n<meta property=\"og:locale\" content=\"pt_BR\" \/>\n<meta property=\"og:type\" content=\"article\" \/>\n<meta property=\"og:title\" content=\"Hot\u00e9is Acess\u00edveis - CVI-Rio\" \/>\n<meta property=\"og:description\" content=\"Hot\u00e9is Acess\u00edveis\" \/>\n<meta property=\"og:url\" content=\"https:\/\/www.cvi-rio.org.br\/site\/hoteis-acessiveis\/\" \/>\n<meta property=\"og:site_name\" content=\"CVI-Rio\" \/>\n<meta property=\"article:publisher\" content=\"https:\/\/www.facebook.com\/cvi.rio\" \/>\n<meta property=\"article:published_time\" content=\"2016-02-03T15:32:42+00:00\" \/>\n<meta property=\"article:modified_time\" content=\"2016-02-03T17:31:20+00:00\" \/>\n<meta property=\"og:image\" content=\"https:\/\/www.cvi-rio.org.br\/site\/wp-content\/uploads\/2016\/02\/Rio-368-x-122.png\" \/>\n\t<meta property=\"og:image:width\" content=\"368\" \/>\n\t<meta property=\"og:image:height\" content=\"122\" \/>\n\t<meta property=\"og:image:type\" content=\"image\/png\" \/>\n<meta name=\"author\" content=\"cvi-rio\" \/>\n<meta name=\"twitter:card\" content=\"summary_large_image\" \/>\n<meta name=\"twitter:creator\" content=\"@cvirio\" \/>\n<meta name=\"twitter:site\" content=\"@cvirio\" \/>\n<meta name=\"twitter:label1\" content=\"Escrito por\" \/>\n\t<meta name=\"twitter:data1\" content=\"cvi-rio\" \/>\n\t<meta name=\"twitter:label2\" content=\"Est. tempo de leitura\" \/>\n\t<meta name=\"twitter:data2\" content=\"19 minutos\" \/>\n<script type=\"application\/ld+json\" class=\"yoast-schema-graph\">{\"@context\":\"https:\/\/schema.org\",\"@graph\":[{\"@type\":\"Article\",\"@id\":\"https:\/\/www.cvi-rio.org.br\/site\/hoteis-acessiveis\/#article\",\"isPartOf\":{\"@id\":\"https:\/\/www.cvi-rio.org.br\/site\/hoteis-acessiveis\/\"},\"author\":{\"name\":\"cvi-rio\",\"@id\":\"https:\/\/www.cvi-rio.org.br\/site\/#\/schema\/person\/41c81e5eb29944f8144dd6d144627d3f\"},\"headline\":\"Hot\u00e9is Acess\u00edveis\",\"datePublished\":\"2016-02-03T15:32:42+00:00\",\"dateModified\":\"2016-02-03T17:31:20+00:00\",\"mainEntityOfPage\":{\"@id\":\"https:\/\/www.cvi-rio.org.br\/site\/hoteis-acessiveis\/\"},\"wordCount\":3755,\"commentCount\":0,\"image\":{\"@id\":\"https:\/\/www.cvi-rio.org.br\/site\/hoteis-acessiveis\/#primaryimage\"},\"thumbnailUrl\":\"https:\/\/www.cvi-rio.org.br\/site\/wp-content\/uploads\/2016\/02\/Rio-368-x-122.png\",\"keywords\":[\"Acessibilidade\",\"Educa\u00e7\u00e3o\",\"Esporte\",\"not\u00edcias\",\"o-que-acontece-no-cvi-rio\",\"Tecnologia Assistiva\"],\"articleSection\":[\"Turismo\"],\"inLanguage\":\"pt-BR\",\"potentialAction\":[{\"@type\":\"CommentAction\",\"name\":\"Comment\",\"target\":[\"https:\/\/www.cvi-rio.org.br\/site\/hoteis-acessiveis\/#respond\"]}]},{\"@type\":\"WebPage\",\"@id\":\"https:\/\/www.cvi-rio.org.br\/site\/hoteis-acessiveis\/\",\"url\":\"https:\/\/www.cvi-rio.org.br\/site\/hoteis-acessiveis\/\",\"name\":\"Hot\u00e9is Acess\u00edveis - CVI-Rio\",\"isPartOf\":{\"@id\":\"https:\/\/www.cvi-rio.org.br\/site\/#website\"},\"primaryImageOfPage\":{\"@id\":\"https:\/\/www.cvi-rio.org.br\/site\/hoteis-acessiveis\/#primaryimage\"},\"image\":{\"@id\":\"https:\/\/www.cvi-rio.org.br\/site\/hoteis-acessiveis\/#primaryimage\"},\"thumbnailUrl\":\"https:\/\/www.cvi-rio.org.br\/site\/wp-content\/uploads\/2016\/02\/Rio-368-x-122.png\",\"datePublished\":\"2016-02-03T15:32:42+00:00\",\"dateModified\":\"2016-02-03T17:31:20+00:00\",\"author\":{\"@id\":\"https:\/\/www.cvi-rio.org.br\/site\/#\/schema\/person\/41c81e5eb29944f8144dd6d144627d3f\"},\"description\":\"Hot\u00e9is Acess\u00edveis\",\"breadcrumb\":{\"@id\":\"https:\/\/www.cvi-rio.org.br\/site\/hoteis-acessiveis\/#breadcrumb\"},\"inLanguage\":\"pt-BR\",\"potentialAction\":[{\"@type\":\"ReadAction\",\"target\":[\"https:\/\/www.cvi-rio.org.br\/site\/hoteis-acessiveis\/\"]}]},{\"@type\":\"ImageObject\",\"inLanguage\":\"pt-BR\",\"@id\":\"https:\/\/www.cvi-rio.org.br\/site\/hoteis-acessiveis\/#primaryimage\",\"url\":\"https:\/\/www.cvi-rio.org.br\/site\/wp-content\/uploads\/2016\/02\/Rio-368-x-122.png\",\"contentUrl\":\"https:\/\/www.cvi-rio.org.br\/site\/wp-content\/uploads\/2016\/02\/Rio-368-x-122.png\",\"width\":368,\"height\":122,\"caption\":\"Vista Rio de Janeiro\"},{\"@type\":\"BreadcrumbList\",\"@id\":\"https:\/\/www.cvi-rio.org.br\/site\/hoteis-acessiveis\/#breadcrumb\",\"itemListElement\":[{\"@type\":\"ListItem\",\"position\":1,\"name\":\"In\u00edcio\",\"item\":\"https:\/\/www.cvi-rio.org.br\/site\/\"},{\"@type\":\"ListItem\",\"position\":2,\"name\":\"Hot\u00e9is Acess\u00edveis\"}]},{\"@type\":\"WebSite\",\"@id\":\"https:\/\/www.cvi-rio.org.br\/site\/#website\",\"url\":\"https:\/\/www.cvi-rio.org.br\/site\/\",\"name\":\"CVI-Rio\",\"description\":\"Sua limita\u00e7\u00e3o n\u00e3o \u00e9 o seu limite.\",\"potentialAction\":[{\"@type\":\"SearchAction\",\"target\":{\"@type\":\"EntryPoint\",\"urlTemplate\":\"https:\/\/www.cvi-rio.org.br\/site\/?s={search_term_string}\"},\"query-input\":{\"@type\":\"PropertyValueSpecification\",\"valueRequired\":true,\"valueName\":\"search_term_string\"}}],\"inLanguage\":\"pt-BR\"},{\"@type\":\"Person\",\"@id\":\"https:\/\/www.cvi-rio.org.br\/site\/#\/schema\/person\/41c81e5eb29944f8144dd6d144627d3f\",\"name\":\"cvi-rio\",\"image\":{\"@type\":\"ImageObject\",\"inLanguage\":\"pt-BR\",\"@id\":\"https:\/\/www.cvi-rio.org.br\/site\/#\/schema\/person\/image\/\",\"url\":\"https:\/\/secure.gravatar.com\/avatar\/5390358606d9f428f7de6d157423965d1225340234040c6f875c582d042db721?s=96&d=mm&r=g\",\"contentUrl\":\"https:\/\/secure.gravatar.com\/avatar\/5390358606d9f428f7de6d157423965d1225340234040c6f875c582d042db721?s=96&d=mm&r=g\",\"caption\":\"cvi-rio\"},\"sameAs\":[\"http:\/\/www.cvi-rio.org.br\/site\"],\"url\":\"https:\/\/www.cvi-rio.org.br\/site\/author\/admin\/\"}]}<\/script>\n<!-- \/ Yoast SEO plugin. -->","yoast_head_json":{"title":"Hot\u00e9is Acess\u00edveis - CVI-Rio","description":"Hot\u00e9is Acess\u00edveis","robots":{"index":"index","follow":"follow","max-snippet":"max-snippet:-1","max-image-preview":"max-image-preview:large","max-video-preview":"max-video-preview:-1"},"canonical":"https:\/\/www.cvi-rio.org.br\/site\/hoteis-acessiveis\/","og_locale":"pt_BR","og_type":"article","og_title":"Hot\u00e9is Acess\u00edveis - CVI-Rio","og_description":"Hot\u00e9is Acess\u00edveis","og_url":"https:\/\/www.cvi-rio.org.br\/site\/hoteis-acessiveis\/","og_site_name":"CVI-Rio","article_publisher":"https:\/\/www.facebook.com\/cvi.rio","article_published_time":"2016-02-03T15:32:42+00:00","article_modified_time":"2016-02-03T17:31:20+00:00","og_image":[{"width":368,"height":122,"url":"https:\/\/www.cvi-rio.org.br\/site\/wp-content\/uploads\/2016\/02\/Rio-368-x-122.png","type":"image\/png"}],"author":"cvi-rio","twitter_card":"summary_large_image","twitter_creator":"@cvirio","twitter_site":"@cvirio","twitter_misc":{"Escrito por":"cvi-rio","Est. tempo de leitura":"19 minutos"},"schema":{"@context":"https:\/\/schema.org","@graph":[{"@type":"Article","@id":"https:\/\/www.cvi-rio.org.br\/site\/hoteis-acessiveis\/#article","isPartOf":{"@id":"https:\/\/www.cvi-rio.org.br\/site\/hoteis-acessiveis\/"},"author":{"name":"cvi-rio","@id":"https:\/\/www.cvi-rio.org.br\/site\/#\/schema\/person\/41c81e5eb29944f8144dd6d144627d3f"},"headline":"Hot\u00e9is Acess\u00edveis","datePublished":"2016-02-03T15:32:42+00:00","dateModified":"2016-02-03T17:31:20+00:00","mainEntityOfPage":{"@id":"https:\/\/www.cvi-rio.org.br\/site\/hoteis-acessiveis\/"},"wordCount":3755,"commentCount":0,"image":{"@id":"https:\/\/www.cvi-rio.org.br\/site\/hoteis-acessiveis\/#primaryimage"},"thumbnailUrl":"https:\/\/www.cvi-rio.org.br\/site\/wp-content\/uploads\/2016\/02\/Rio-368-x-122.png","keywords":["Acessibilidade","Educa\u00e7\u00e3o","Esporte","not\u00edcias","o-que-acontece-no-cvi-rio","Tecnologia Assistiva"],"articleSection":["Turismo"],"inLanguage":"pt-BR","potentialAction":[{"@type":"CommentAction","name":"Comment","target":["https:\/\/www.cvi-rio.org.br\/site\/hoteis-acessiveis\/#respond"]}]},{"@type":"WebPage","@id":"https:\/\/www.cvi-rio.org.br\/site\/hoteis-acessiveis\/","url":"https:\/\/www.cvi-rio.org.br\/site\/hoteis-acessiveis\/","name":"Hot\u00e9is Acess\u00edveis - CVI-Rio","isPartOf":{"@id":"https:\/\/www.cvi-rio.org.br\/site\/#website"},"primaryImageOfPage":{"@id":"https:\/\/www.cvi-rio.org.br\/site\/hoteis-acessiveis\/#primaryimage"},"image":{"@id":"https:\/\/www.cvi-rio.org.br\/site\/hoteis-acessiveis\/#primaryimage"},"thumbnailUrl":"https:\/\/www.cvi-rio.org.br\/site\/wp-content\/uploads\/2016\/02\/Rio-368-x-122.png","datePublished":"2016-02-03T15:32:42+00:00","dateModified":"2016-02-03T17:31:20+00:00","author":{"@id":"https:\/\/www.cvi-rio.org.br\/site\/#\/schema\/person\/41c81e5eb29944f8144dd6d144627d3f"},"description":"Hot\u00e9is Acess\u00edveis","breadcrumb":{"@id":"https:\/\/www.cvi-rio.org.br\/site\/hoteis-acessiveis\/#breadcrumb"},"inLanguage":"pt-BR","potentialAction":[{"@type":"ReadAction","target":["https:\/\/www.cvi-rio.org.br\/site\/hoteis-acessiveis\/"]}]},{"@type":"ImageObject","inLanguage":"pt-BR","@id":"https:\/\/www.cvi-rio.org.br\/site\/hoteis-acessiveis\/#primaryimage","url":"https:\/\/www.cvi-rio.org.br\/site\/wp-content\/uploads\/2016\/02\/Rio-368-x-122.png","contentUrl":"https:\/\/www.cvi-rio.org.br\/site\/wp-content\/uploads\/2016\/02\/Rio-368-x-122.png","width":368,"height":122,"caption":"Vista Rio de Janeiro"},{"@type":"BreadcrumbList","@id":"https:\/\/www.cvi-rio.org.br\/site\/hoteis-acessiveis\/#breadcrumb","itemListElement":[{"@type":"ListItem","position":1,"name":"In\u00edcio","item":"https:\/\/www.cvi-rio.org.br\/site\/"},{"@type":"ListItem","position":2,"name":"Hot\u00e9is Acess\u00edveis"}]},{"@type":"WebSite","@id":"https:\/\/www.cvi-rio.org.br\/site\/#website","url":"https:\/\/www.cvi-rio.org.br\/site\/","name":"CVI-Rio","description":"Sua limita\u00e7\u00e3o n\u00e3o \u00e9 o seu limite.","potentialAction":[{"@type":"SearchAction","target":{"@type":"EntryPoint","urlTemplate":"https:\/\/www.cvi-rio.org.br\/site\/?s={search_term_string}"},"query-input":{"@type":"PropertyValueSpecification","valueRequired":true,"valueName":"search_term_string"}}],"inLanguage":"pt-BR"},{"@type":"Person","@id":"https:\/\/www.cvi-rio.org.br\/site\/#\/schema\/person\/41c81e5eb29944f8144dd6d144627d3f","name":"cvi-rio","image":{"@type":"ImageObject","inLanguage":"pt-BR","@id":"https:\/\/www.cvi-rio.org.br\/site\/#\/schema\/person\/image\/","url":"https:\/\/secure.gravatar.com\/avatar\/5390358606d9f428f7de6d157423965d1225340234040c6f875c582d042db721?s=96&d=mm&r=g","contentUrl":"https:\/\/secure.gravatar.com\/avatar\/5390358606d9f428f7de6d157423965d1225340234040c6f875c582d042db721?s=96&d=mm&r=g","caption":"cvi-rio"},"sameAs":["http:\/\/www.cvi-rio.org.br\/site"],"url":"https:\/\/www.cvi-rio.org.br\/site\/author\/admin\/"}]}},"_links":{"self":[{"href":"https:\/\/www.cvi-rio.org.br\/site\/wp-json\/wp\/v2\/posts\/3133","targetHints":{"allow":["GET"]}}],"collection":[{"href":"https:\/\/www.cvi-rio.org.br\/site\/wp-json\/wp\/v2\/posts"}],"about":[{"href":"https:\/\/www.cvi-rio.org.br\/site\/wp-json\/wp\/v2\/types\/post"}],"author":[{"embeddable":true,"href":"https:\/\/www.cvi-rio.org.br\/site\/wp-json\/wp\/v2\/users\/2"}],"replies":[{"embeddable":true,"href":"https:\/\/www.cvi-rio.org.br\/site\/wp-json\/wp\/v2\/comments?post=3133"}],"version-history":[{"count":119,"href":"https:\/\/www.cvi-rio.org.br\/site\/wp-json\/wp\/v2\/posts\/3133\/revisions"}],"predecessor-version":[{"id":3314,"href":"https:\/\/www.cvi-rio.org.br\/site\/wp-json\/wp\/v2\/posts\/3133\/revisions\/3314"}],"wp:featuredmedia":[{"embeddable":true,"href":"https:\/\/www.cvi-rio.org.br\/site\/wp-json\/wp\/v2\/media\/3304"}],"wp:attachment":[{"href":"https:\/\/www.cvi-rio.org.br\/site\/wp-json\/wp\/v2\/media?parent=3133"}],"wp:term":[{"taxonomy":"category","embeddable":true,"href":"https:\/\/www.cvi-rio.org.br\/site\/wp-json\/wp\/v2\/categories?post=3133"},{"taxonomy":"post_tag","embeddable":true,"href":"https:\/\/www.cvi-rio.org.br\/site\/wp-json\/wp\/v2\/tags?post=3133"}],"curies":[{"name":"wp","href":"https:\/\/api.w.org\/{rel}","templated":true}]}}