{"id":3103,"date":"2016-01-13T11:03:00","date_gmt":"2016-01-13T14:03:00","guid":{"rendered":"http:\/\/www.cvi-rio.org.br\/site\/?p=3103"},"modified":"2016-01-13T15:38:02","modified_gmt":"2016-01-13T18:38:02","slug":"brasileira-viaja-pelo-mundo-e-divide-suas-experiencias","status":"publish","type":"post","link":"https:\/\/www.cvi-rio.org.br\/site\/brasileira-viaja-pelo-mundo-e-divide-suas-experiencias\/","title":{"rendered":"Brasileira viaja pelo mundo e divide suas experi\u00eancias"},"content":{"rendered":"<p style=\"text-align: justify;\"><em>D\u00e9bora Pedroso vive em Miami (EUA) e lan\u00e7ou o site viagemacessivel.com<\/em><\/p>\n<figure id=\"attachment_3104\" class=\"thumbnail wp-caption alignleft\" style=\"width: 412px\"><a href=\"http:\/\/www.cvi-rio.org.br\/site\/wp-content\/uploads\/2016\/01\/D\u00e9bora-compartilha-experi\u00eancias-pelo-mundo-atrav\u00e9s-do-portal-viagemacessivel.com-Foto-Globo.jpg\"><img loading=\"lazy\" decoding=\"async\" class=\"wp-image-3104\" src=\"http:\/\/www.cvi-rio.org.br\/site\/wp-content\/uploads\/2016\/01\/D\u00e9bora-compartilha-experi\u00eancias-pelo-mundo-atrav\u00e9s-do-portal-viagemacessivel.com-Foto-Globo.jpg\" alt=\"D\u00e9bora compartilha experi\u00eancias pelo mundo atrav\u00e9s do portal viagemacessivel.com (Foto Globo)\" width=\"402\" height=\"324\" \/><\/a><figcaption class=\"caption wp-caption-text\">D\u00e9bora compartilha experi\u00eancias pelo mundo atrav\u00e9s do portal viagemacessivel.com (Foto Globo)<\/figcaption><\/figure>\n<p style=\"text-align: justify;\">D\u00e9bora Pedroso \u00e9 brasileira e mora h\u00e1 d\u00e9cadas nos Estados Unidos. Ela perdeu o movimento das pernas aos 10 anos de idade, por conta da S\u00edndrome de Guillain-Barr\u00e9, uma doen\u00e7a autoimune que ocorre quando o sistema imunol\u00f3gico do corpo ataca parte do pr\u00f3prio sistema nervoso por engano. Isso leva a uma inflama\u00e7\u00e3o dos nervos, que provoca fraqueza dos movimentos.<\/p>\n<p style=\"text-align: justify;\">Gra\u00e7as ao esporte, ela se reencontrou, e, no basquete, conseguiu as respostas para algumas d\u00favidas que come\u00e7avam a incomod\u00e1-la.<\/p>\n<p style=\"text-align: justify;\">\u2014 O esporte abriu novos horizontes na minha vida. Foi um divisor de \u00e1guas mesmo. O que eu via nesse momento de intera\u00e7\u00e3o com outros cadeirantes eram pessoas casadas, mulheres com filhos, gente dirigindo, guardando cadeira de rodas, viajando, etc. \u2014 conta D\u00e9bora.<\/p>\n<p style=\"text-align: justify;\">Ela sempre fez de tudo e chegou um momento que resolveu compartilhar isso com todos atrav\u00e9s da Internet. D\u00e9bora publica suas aventuras no portal\u00a0<a href=\"http:\/\/viagemacessivel.com\/\" target=\"_blank\">ViagemAcessivel.com<\/a>, em que mostra lugares tur\u00edsticos onde a acessibilidade \u00e9 regra, e n\u00e3o excess\u00e3o.<\/p>\n<p style=\"text-align: justify;\">\u2014 Minha \u00faltima viagem foi para o Canad\u00e1, onde eu conseguia andar de \u00f4nibus e metr\u00f4 sozinha. \u00c9 o direito de ir e vir ao p\u00e9 da letra. Tudo \u00e9 pensado para todos conseguirem acessar \u2014 conta.<\/p>\n<p style=\"text-align: justify;\">Segundo ela, no Brasil, ainda n\u00e3o existe essa consci\u00eancia generalizada.<\/p>\n<p style=\"text-align: justify;\">\u2014 Na \u00faltima vez que estive em B\u00fazios, eu detestei. A Rua das Pedras n\u00e3o oferecia a m\u00ednima condi\u00e7\u00e3o para o meu tr\u00e2nsito na cadeira de rodas. E quando visitei a cidade do Rio, fui enganada pelas empresas de \u00f4nibus, que adesivaram todos os ve\u00edculos para cadeirantes, por\u00e9m, os equipamentos instalados (a maioria) n\u00e3o funcionam ou os motoristas n\u00e3o sabem manusear \u2014 finaliza D\u00e9bora.<\/p>\n<p style=\"text-align: justify;\"><strong>Fonte: Como ser\u00e1?<\/strong><\/p>\n","protected":false},"excerpt":{"rendered":"<p>D\u00e9bora Pedroso \u00e9 brasileira e mora h\u00e1 d\u00e9cadas nos Estados Unidos. Ela perdeu o movimento das pernas aos 10 anos de idade&#8230;Continua<\/p>\n","protected":false},"author":2,"featured_media":3108,"comment_status":"open","ping_status":"open","sticky":false,"template":"","format":"standard","meta":{"_acf_changed":false,"footnotes":""},"categories":[14],"tags":[23,117,118,24,25,119],"class_list":["post-3103","post","type-post","status-publish","format-standard","has-post-thumbnail","hentry","category-turismo","tag-acessibilidade","tag-educacao","tag-esporte","tag-noticias-2","tag-o-que-acontece-no-cvi-rio","tag-tecnologia-assistiva"],"acf":[],"yoast_head":"<!-- This site is optimized with the Yoast SEO plugin v26.9 - https:\/\/yoast.com\/product\/yoast-seo-wordpress\/ -->\n<title>Brasileira viaja pelo mundo e divide suas experi\u00eancias  - CVI-Rio<\/title>\n<meta name=\"description\" content=\"Brasileira viaja pelo mundo e divide suas experi\u00eancias\" \/>\n<meta name=\"robots\" content=\"index, follow, max-snippet:-1, max-image-preview:large, max-video-preview:-1\" \/>\n<link rel=\"canonical\" href=\"https:\/\/www.cvi-rio.org.br\/site\/brasileira-viaja-pelo-mundo-e-divide-suas-experiencias\/\" \/>\n<meta property=\"og:locale\" content=\"pt_BR\" \/>\n<meta property=\"og:type\" content=\"article\" \/>\n<meta property=\"og:title\" content=\"Brasileira viaja pelo mundo e divide suas experi\u00eancias  - CVI-Rio\" \/>\n<meta property=\"og:description\" content=\"Brasileira viaja pelo mundo e divide suas experi\u00eancias\" \/>\n<meta property=\"og:url\" content=\"https:\/\/www.cvi-rio.org.br\/site\/brasileira-viaja-pelo-mundo-e-divide-suas-experiencias\/\" \/>\n<meta property=\"og:site_name\" content=\"CVI-Rio\" \/>\n<meta property=\"article:publisher\" content=\"https:\/\/www.facebook.com\/cvi.rio\" \/>\n<meta property=\"article:published_time\" content=\"2016-01-13T14:03:00+00:00\" \/>\n<meta property=\"article:modified_time\" content=\"2016-01-13T18:38:02+00:00\" \/>\n<meta property=\"og:image\" content=\"https:\/\/www.cvi-rio.org.br\/site\/wp-content\/uploads\/2016\/01\/Brasileira-viaja-pelo-mundo-e-divide-suas-experi\u00eancias-368-x-1221.png\" \/>\n\t<meta property=\"og:image:width\" content=\"368\" \/>\n\t<meta property=\"og:image:height\" content=\"122\" \/>\n\t<meta property=\"og:image:type\" content=\"image\/png\" \/>\n<meta name=\"author\" content=\"cvi-rio\" \/>\n<meta name=\"twitter:card\" content=\"summary_large_image\" \/>\n<meta name=\"twitter:creator\" content=\"@cvirio\" \/>\n<meta name=\"twitter:site\" content=\"@cvirio\" \/>\n<meta name=\"twitter:label1\" content=\"Escrito por\" \/>\n\t<meta name=\"twitter:data1\" content=\"cvi-rio\" \/>\n\t<meta name=\"twitter:label2\" content=\"Est. tempo de leitura\" \/>\n\t<meta name=\"twitter:data2\" content=\"2 minutos\" \/>\n<script type=\"application\/ld+json\" class=\"yoast-schema-graph\">{\"@context\":\"https:\/\/schema.org\",\"@graph\":[{\"@type\":\"Article\",\"@id\":\"https:\/\/www.cvi-rio.org.br\/site\/brasileira-viaja-pelo-mundo-e-divide-suas-experiencias\/#article\",\"isPartOf\":{\"@id\":\"https:\/\/www.cvi-rio.org.br\/site\/brasileira-viaja-pelo-mundo-e-divide-suas-experiencias\/\"},\"author\":{\"name\":\"cvi-rio\",\"@id\":\"https:\/\/www.cvi-rio.org.br\/site\/#\/schema\/person\/41c81e5eb29944f8144dd6d144627d3f\"},\"headline\":\"Brasileira viaja pelo mundo e divide suas experi\u00eancias\",\"datePublished\":\"2016-01-13T14:03:00+00:00\",\"dateModified\":\"2016-01-13T18:38:02+00:00\",\"mainEntityOfPage\":{\"@id\":\"https:\/\/www.cvi-rio.org.br\/site\/brasileira-viaja-pelo-mundo-e-divide-suas-experiencias\/\"},\"wordCount\":338,\"commentCount\":0,\"image\":{\"@id\":\"https:\/\/www.cvi-rio.org.br\/site\/brasileira-viaja-pelo-mundo-e-divide-suas-experiencias\/#primaryimage\"},\"thumbnailUrl\":\"https:\/\/www.cvi-rio.org.br\/site\/wp-content\/uploads\/2016\/01\/Brasileira-viaja-pelo-mundo-e-divide-suas-experi\u00eancias-368-x-1221.png\",\"keywords\":[\"Acessibilidade\",\"Educa\u00e7\u00e3o\",\"Esporte\",\"not\u00edcias\",\"o-que-acontece-no-cvi-rio\",\"Tecnologia Assistiva\"],\"articleSection\":[\"Turismo\"],\"inLanguage\":\"pt-BR\",\"potentialAction\":[{\"@type\":\"CommentAction\",\"name\":\"Comment\",\"target\":[\"https:\/\/www.cvi-rio.org.br\/site\/brasileira-viaja-pelo-mundo-e-divide-suas-experiencias\/#respond\"]}]},{\"@type\":\"WebPage\",\"@id\":\"https:\/\/www.cvi-rio.org.br\/site\/brasileira-viaja-pelo-mundo-e-divide-suas-experiencias\/\",\"url\":\"https:\/\/www.cvi-rio.org.br\/site\/brasileira-viaja-pelo-mundo-e-divide-suas-experiencias\/\",\"name\":\"Brasileira viaja pelo mundo e divide suas experi\u00eancias - CVI-Rio\",\"isPartOf\":{\"@id\":\"https:\/\/www.cvi-rio.org.br\/site\/#website\"},\"primaryImageOfPage\":{\"@id\":\"https:\/\/www.cvi-rio.org.br\/site\/brasileira-viaja-pelo-mundo-e-divide-suas-experiencias\/#primaryimage\"},\"image\":{\"@id\":\"https:\/\/www.cvi-rio.org.br\/site\/brasileira-viaja-pelo-mundo-e-divide-suas-experiencias\/#primaryimage\"},\"thumbnailUrl\":\"https:\/\/www.cvi-rio.org.br\/site\/wp-content\/uploads\/2016\/01\/Brasileira-viaja-pelo-mundo-e-divide-suas-experi\u00eancias-368-x-1221.png\",\"datePublished\":\"2016-01-13T14:03:00+00:00\",\"dateModified\":\"2016-01-13T18:38:02+00:00\",\"author\":{\"@id\":\"https:\/\/www.cvi-rio.org.br\/site\/#\/schema\/person\/41c81e5eb29944f8144dd6d144627d3f\"},\"description\":\"Brasileira viaja pelo mundo e divide suas experi\u00eancias\",\"breadcrumb\":{\"@id\":\"https:\/\/www.cvi-rio.org.br\/site\/brasileira-viaja-pelo-mundo-e-divide-suas-experiencias\/#breadcrumb\"},\"inLanguage\":\"pt-BR\",\"potentialAction\":[{\"@type\":\"ReadAction\",\"target\":[\"https:\/\/www.cvi-rio.org.br\/site\/brasileira-viaja-pelo-mundo-e-divide-suas-experiencias\/\"]}]},{\"@type\":\"ImageObject\",\"inLanguage\":\"pt-BR\",\"@id\":\"https:\/\/www.cvi-rio.org.br\/site\/brasileira-viaja-pelo-mundo-e-divide-suas-experiencias\/#primaryimage\",\"url\":\"https:\/\/www.cvi-rio.org.br\/site\/wp-content\/uploads\/2016\/01\/Brasileira-viaja-pelo-mundo-e-divide-suas-experi\u00eancias-368-x-1221.png\",\"contentUrl\":\"https:\/\/www.cvi-rio.org.br\/site\/wp-content\/uploads\/2016\/01\/Brasileira-viaja-pelo-mundo-e-divide-suas-experi\u00eancias-368-x-1221.png\",\"width\":368,\"height\":122,\"caption\":\"D\u00e9bora compartilha experi\u00eancias pelo mundo atrav\u00e9s do portal viagemacessivel.com (Foto Globo) 368-x-122\"},{\"@type\":\"BreadcrumbList\",\"@id\":\"https:\/\/www.cvi-rio.org.br\/site\/brasileira-viaja-pelo-mundo-e-divide-suas-experiencias\/#breadcrumb\",\"itemListElement\":[{\"@type\":\"ListItem\",\"position\":1,\"name\":\"In\u00edcio\",\"item\":\"https:\/\/www.cvi-rio.org.br\/site\/\"},{\"@type\":\"ListItem\",\"position\":2,\"name\":\"Brasileira viaja pelo mundo e divide suas experi\u00eancias\"}]},{\"@type\":\"WebSite\",\"@id\":\"https:\/\/www.cvi-rio.org.br\/site\/#website\",\"url\":\"https:\/\/www.cvi-rio.org.br\/site\/\",\"name\":\"CVI-Rio\",\"description\":\"Sua limita\u00e7\u00e3o n\u00e3o \u00e9 o seu limite.\",\"potentialAction\":[{\"@type\":\"SearchAction\",\"target\":{\"@type\":\"EntryPoint\",\"urlTemplate\":\"https:\/\/www.cvi-rio.org.br\/site\/?s={search_term_string}\"},\"query-input\":{\"@type\":\"PropertyValueSpecification\",\"valueRequired\":true,\"valueName\":\"search_term_string\"}}],\"inLanguage\":\"pt-BR\"},{\"@type\":\"Person\",\"@id\":\"https:\/\/www.cvi-rio.org.br\/site\/#\/schema\/person\/41c81e5eb29944f8144dd6d144627d3f\",\"name\":\"cvi-rio\",\"image\":{\"@type\":\"ImageObject\",\"inLanguage\":\"pt-BR\",\"@id\":\"https:\/\/www.cvi-rio.org.br\/site\/#\/schema\/person\/image\/\",\"url\":\"https:\/\/secure.gravatar.com\/avatar\/5390358606d9f428f7de6d157423965d1225340234040c6f875c582d042db721?s=96&d=mm&r=g\",\"contentUrl\":\"https:\/\/secure.gravatar.com\/avatar\/5390358606d9f428f7de6d157423965d1225340234040c6f875c582d042db721?s=96&d=mm&r=g\",\"caption\":\"cvi-rio\"},\"sameAs\":[\"http:\/\/www.cvi-rio.org.br\/site\"],\"url\":\"https:\/\/www.cvi-rio.org.br\/site\/author\/admin\/\"}]}<\/script>\n<!-- \/ Yoast SEO plugin. -->","yoast_head_json":{"title":"Brasileira viaja pelo mundo e divide suas experi\u00eancias  - CVI-Rio","description":"Brasileira viaja pelo mundo e divide suas experi\u00eancias","robots":{"index":"index","follow":"follow","max-snippet":"max-snippet:-1","max-image-preview":"max-image-preview:large","max-video-preview":"max-video-preview:-1"},"canonical":"https:\/\/www.cvi-rio.org.br\/site\/brasileira-viaja-pelo-mundo-e-divide-suas-experiencias\/","og_locale":"pt_BR","og_type":"article","og_title":"Brasileira viaja pelo mundo e divide suas experi\u00eancias  - CVI-Rio","og_description":"Brasileira viaja pelo mundo e divide suas experi\u00eancias","og_url":"https:\/\/www.cvi-rio.org.br\/site\/brasileira-viaja-pelo-mundo-e-divide-suas-experiencias\/","og_site_name":"CVI-Rio","article_publisher":"https:\/\/www.facebook.com\/cvi.rio","article_published_time":"2016-01-13T14:03:00+00:00","article_modified_time":"2016-01-13T18:38:02+00:00","og_image":[{"width":368,"height":122,"url":"https:\/\/www.cvi-rio.org.br\/site\/wp-content\/uploads\/2016\/01\/Brasileira-viaja-pelo-mundo-e-divide-suas-experi\u00eancias-368-x-1221.png","type":"image\/png"}],"author":"cvi-rio","twitter_card":"summary_large_image","twitter_creator":"@cvirio","twitter_site":"@cvirio","twitter_misc":{"Escrito por":"cvi-rio","Est. tempo de leitura":"2 minutos"},"schema":{"@context":"https:\/\/schema.org","@graph":[{"@type":"Article","@id":"https:\/\/www.cvi-rio.org.br\/site\/brasileira-viaja-pelo-mundo-e-divide-suas-experiencias\/#article","isPartOf":{"@id":"https:\/\/www.cvi-rio.org.br\/site\/brasileira-viaja-pelo-mundo-e-divide-suas-experiencias\/"},"author":{"name":"cvi-rio","@id":"https:\/\/www.cvi-rio.org.br\/site\/#\/schema\/person\/41c81e5eb29944f8144dd6d144627d3f"},"headline":"Brasileira viaja pelo mundo e divide suas experi\u00eancias","datePublished":"2016-01-13T14:03:00+00:00","dateModified":"2016-01-13T18:38:02+00:00","mainEntityOfPage":{"@id":"https:\/\/www.cvi-rio.org.br\/site\/brasileira-viaja-pelo-mundo-e-divide-suas-experiencias\/"},"wordCount":338,"commentCount":0,"image":{"@id":"https:\/\/www.cvi-rio.org.br\/site\/brasileira-viaja-pelo-mundo-e-divide-suas-experiencias\/#primaryimage"},"thumbnailUrl":"https:\/\/www.cvi-rio.org.br\/site\/wp-content\/uploads\/2016\/01\/Brasileira-viaja-pelo-mundo-e-divide-suas-experi\u00eancias-368-x-1221.png","keywords":["Acessibilidade","Educa\u00e7\u00e3o","Esporte","not\u00edcias","o-que-acontece-no-cvi-rio","Tecnologia Assistiva"],"articleSection":["Turismo"],"inLanguage":"pt-BR","potentialAction":[{"@type":"CommentAction","name":"Comment","target":["https:\/\/www.cvi-rio.org.br\/site\/brasileira-viaja-pelo-mundo-e-divide-suas-experiencias\/#respond"]}]},{"@type":"WebPage","@id":"https:\/\/www.cvi-rio.org.br\/site\/brasileira-viaja-pelo-mundo-e-divide-suas-experiencias\/","url":"https:\/\/www.cvi-rio.org.br\/site\/brasileira-viaja-pelo-mundo-e-divide-suas-experiencias\/","name":"Brasileira viaja pelo mundo e divide suas experi\u00eancias - CVI-Rio","isPartOf":{"@id":"https:\/\/www.cvi-rio.org.br\/site\/#website"},"primaryImageOfPage":{"@id":"https:\/\/www.cvi-rio.org.br\/site\/brasileira-viaja-pelo-mundo-e-divide-suas-experiencias\/#primaryimage"},"image":{"@id":"https:\/\/www.cvi-rio.org.br\/site\/brasileira-viaja-pelo-mundo-e-divide-suas-experiencias\/#primaryimage"},"thumbnailUrl":"https:\/\/www.cvi-rio.org.br\/site\/wp-content\/uploads\/2016\/01\/Brasileira-viaja-pelo-mundo-e-divide-suas-experi\u00eancias-368-x-1221.png","datePublished":"2016-01-13T14:03:00+00:00","dateModified":"2016-01-13T18:38:02+00:00","author":{"@id":"https:\/\/www.cvi-rio.org.br\/site\/#\/schema\/person\/41c81e5eb29944f8144dd6d144627d3f"},"description":"Brasileira viaja pelo mundo e divide suas experi\u00eancias","breadcrumb":{"@id":"https:\/\/www.cvi-rio.org.br\/site\/brasileira-viaja-pelo-mundo-e-divide-suas-experiencias\/#breadcrumb"},"inLanguage":"pt-BR","potentialAction":[{"@type":"ReadAction","target":["https:\/\/www.cvi-rio.org.br\/site\/brasileira-viaja-pelo-mundo-e-divide-suas-experiencias\/"]}]},{"@type":"ImageObject","inLanguage":"pt-BR","@id":"https:\/\/www.cvi-rio.org.br\/site\/brasileira-viaja-pelo-mundo-e-divide-suas-experiencias\/#primaryimage","url":"https:\/\/www.cvi-rio.org.br\/site\/wp-content\/uploads\/2016\/01\/Brasileira-viaja-pelo-mundo-e-divide-suas-experi\u00eancias-368-x-1221.png","contentUrl":"https:\/\/www.cvi-rio.org.br\/site\/wp-content\/uploads\/2016\/01\/Brasileira-viaja-pelo-mundo-e-divide-suas-experi\u00eancias-368-x-1221.png","width":368,"height":122,"caption":"D\u00e9bora compartilha experi\u00eancias pelo mundo atrav\u00e9s do portal viagemacessivel.com (Foto Globo) 368-x-122"},{"@type":"BreadcrumbList","@id":"https:\/\/www.cvi-rio.org.br\/site\/brasileira-viaja-pelo-mundo-e-divide-suas-experiencias\/#breadcrumb","itemListElement":[{"@type":"ListItem","position":1,"name":"In\u00edcio","item":"https:\/\/www.cvi-rio.org.br\/site\/"},{"@type":"ListItem","position":2,"name":"Brasileira viaja pelo mundo e divide suas experi\u00eancias"}]},{"@type":"WebSite","@id":"https:\/\/www.cvi-rio.org.br\/site\/#website","url":"https:\/\/www.cvi-rio.org.br\/site\/","name":"CVI-Rio","description":"Sua limita\u00e7\u00e3o n\u00e3o \u00e9 o seu limite.","potentialAction":[{"@type":"SearchAction","target":{"@type":"EntryPoint","urlTemplate":"https:\/\/www.cvi-rio.org.br\/site\/?s={search_term_string}"},"query-input":{"@type":"PropertyValueSpecification","valueRequired":true,"valueName":"search_term_string"}}],"inLanguage":"pt-BR"},{"@type":"Person","@id":"https:\/\/www.cvi-rio.org.br\/site\/#\/schema\/person\/41c81e5eb29944f8144dd6d144627d3f","name":"cvi-rio","image":{"@type":"ImageObject","inLanguage":"pt-BR","@id":"https:\/\/www.cvi-rio.org.br\/site\/#\/schema\/person\/image\/","url":"https:\/\/secure.gravatar.com\/avatar\/5390358606d9f428f7de6d157423965d1225340234040c6f875c582d042db721?s=96&d=mm&r=g","contentUrl":"https:\/\/secure.gravatar.com\/avatar\/5390358606d9f428f7de6d157423965d1225340234040c6f875c582d042db721?s=96&d=mm&r=g","caption":"cvi-rio"},"sameAs":["http:\/\/www.cvi-rio.org.br\/site"],"url":"https:\/\/www.cvi-rio.org.br\/site\/author\/admin\/"}]}},"_links":{"self":[{"href":"https:\/\/www.cvi-rio.org.br\/site\/wp-json\/wp\/v2\/posts\/3103","targetHints":{"allow":["GET"]}}],"collection":[{"href":"https:\/\/www.cvi-rio.org.br\/site\/wp-json\/wp\/v2\/posts"}],"about":[{"href":"https:\/\/www.cvi-rio.org.br\/site\/wp-json\/wp\/v2\/types\/post"}],"author":[{"embeddable":true,"href":"https:\/\/www.cvi-rio.org.br\/site\/wp-json\/wp\/v2\/users\/2"}],"replies":[{"embeddable":true,"href":"https:\/\/www.cvi-rio.org.br\/site\/wp-json\/wp\/v2\/comments?post=3103"}],"version-history":[{"count":6,"href":"https:\/\/www.cvi-rio.org.br\/site\/wp-json\/wp\/v2\/posts\/3103\/revisions"}],"predecessor-version":[{"id":3112,"href":"https:\/\/www.cvi-rio.org.br\/site\/wp-json\/wp\/v2\/posts\/3103\/revisions\/3112"}],"wp:featuredmedia":[{"embeddable":true,"href":"https:\/\/www.cvi-rio.org.br\/site\/wp-json\/wp\/v2\/media\/3108"}],"wp:attachment":[{"href":"https:\/\/www.cvi-rio.org.br\/site\/wp-json\/wp\/v2\/media?parent=3103"}],"wp:term":[{"taxonomy":"category","embeddable":true,"href":"https:\/\/www.cvi-rio.org.br\/site\/wp-json\/wp\/v2\/categories?post=3103"},{"taxonomy":"post_tag","embeddable":true,"href":"https:\/\/www.cvi-rio.org.br\/site\/wp-json\/wp\/v2\/tags?post=3103"}],"curies":[{"name":"wp","href":"https:\/\/api.w.org\/{rel}","templated":true}]}}