{"id":2815,"date":"2015-12-14T11:49:08","date_gmt":"2015-12-14T14:49:08","guid":{"rendered":"http:\/\/www.cvi-rio.org.br\/site\/?p=2815"},"modified":"2015-12-14T11:56:15","modified_gmt":"2015-12-14T14:56:15","slug":"cartilha-de-acessibilidade-em-aeroportos","status":"publish","type":"post","link":"https:\/\/www.cvi-rio.org.br\/site\/cartilha-de-acessibilidade-em-aeroportos\/","title":{"rendered":"Cartilha de acessibilidade em aeroportos"},"content":{"rendered":"<p><em>Documento orienta viajantes com defici\u00eancia ou mobilidade reduzida sobre procedimentos e normas de atendimento especial nos aeroportos do Pa\u00eds<\/em><\/p>\n<p style=\"text-align: justify;\">Os principais direitos <img loading=\"lazy\" decoding=\"async\" class=\"alignleft  wp-image-2818\" src=\"http:\/\/www.cvi-rio.org.br\/site\/wp-content\/uploads\/2015\/12\/Cartilha-Acessibilidade.png\" alt=\"Cartilha de acessibilidade em aeroportos\" width=\"277\" height=\"381\" \/>e orienta\u00e7\u00f5es ao passageiro com necessidade de atendimento especial est\u00e3o reunidos em uma nova cartilha lan\u00e7ada pela\u00a0Ag\u00eancia Nacional de Avia\u00e7\u00e3o Civil (Anac).\u00a0O <a class=\"external-link\" title=\"\" href=\"http:\/\/www.pessoacomdeficiencia.gov.br\/app\/sites\/default\/files\/publicacoes\/guia-de-direitos-e-acessibilidade-do-passageiro.pdf\" target=\"_self\"><strong>Guia de Direitos e Acessibilidade do Passageir<\/strong>o<\/a>\u00a0esclarece as responsabilidades e deveres das administra\u00e7\u00f5es aeroportu\u00e1rias e das companhias a\u00e9reas na garantia do atendimento aos passageiros em todas as fases da viagem.<\/p>\n<p style=\"text-align: justify;\">A cartilha define\u00a0passageiros que necessitam de assist\u00eancia especial como aqueles com idade igual ou superior a 60 anos, gestantes, lactantes, pessoas acompanhadas por crian\u00e7a de colo e pessoas com mobilidade reduzida. Tamb\u00e9m est\u00e3o inclu\u00eddos casos em que haja necessidade de algum servi\u00e7o para minimizar barreiras do ambiente, \u201cde forma que haja garantia de acessibilidade, autonomia, dignidade e igualdade de oportunidades\u201d, diz o guia.<\/p>\n<p style=\"text-align: justify;\">Procedimentos gerais adotados pelas companhias a\u00e9reas (despacho de bagagem, deslocamento do passageiro at\u00e9 a aeronave, embarque e desembarque do viajante e regras para acompanhantes e c\u00e3es-guia, por exemplo) tamb\u00e9m est\u00e3o listados na cartilha. O documento informa ainda sobre os equipamentos necess\u00e1rios para deslocamento e acomoda\u00e7\u00e3o do passageiro no assento, al\u00e9m de esclarecer que \u00e9 proibido carregar o viajante manualmente nos procedimentos de embarque e desembarque.<\/p>\n<p style=\"text-align: justify;\">As companhias a\u00e9reas devem transportar gratuitamente a ajuda t\u00e9cnica empregada para a locomo\u00e7\u00e3o do passageiro, com gratuidade limitada a uma pe\u00e7a (cadeira de rodas, andadores, muletas, bengalas, cadeira beb\u00ea conforto, entre outros). Tanto as empresas a\u00e9reas quanto as administradoras dos aeroportos est\u00e3o sujeitas a multas que variam de R$ 10 mil a R$ 25 mil caso descumpram as determina\u00e7\u00f5es de acessibilidade definidas pelo normativo.<\/p>\n<p style=\"text-align: justify;\">A nova cartilha define tamb\u00e9m os prazos para disponibiliza\u00e7\u00e3o de equipamentos de embarque como ambulift ou rampas de ascenso ou descenso nos aeroportos.\u00a0Terminais com movimenta\u00e7\u00e3o menor que 500 mil passageiros ao ano devem se adequar \u00e0 regra at\u00e9 o final de 2015. Os demais j\u00e1 devem estar devidamente adaptados.<\/p>\n<p style=\"text-align: justify;\">De acordo com o diretor do Departamento de Gest\u00e3o Aeroportu\u00e1ria da Secretaria de Avia\u00e7\u00e3o da Presid\u00eancia da Rep\u00fablica, Paulo Henrique Possas, os aeroportos t\u00eam sido pioneiros na aten\u00e7\u00e3o \u00e0 garantia do direito de acessibilidade.<\/p>\n<p style=\"text-align: justify;\">&#8220;Os Jogos Paral\u00edmpicos aceleraram grandes obras de infraestrutura, mas n\u00f3s, do governo federal, entendemos que a prepara\u00e7\u00e3o do atendimento e o suporte de gest\u00e3o s\u00e3o t\u00e3o valiosos quanto os equipamentos. Trabalhamos focados nessas duas diretrizes&#8221;, defendeu.<\/p>\n<p style=\"text-align: justify;\"><strong>Pesquisa de satisfa\u00e7\u00e3o<\/strong><\/p>\n<p style=\"text-align: justify;\">A partir de 2016, a Pesquisa Permanente de Satisfa\u00e7\u00e3o do Passageiro, divulgada trimestralmente pela Secretaria de Avia\u00e7\u00e3o, ter\u00e1 perguntas espec\u00edficas dirigidas a Passageiros com Necessidade de Atendimento Especial (PNAEs). O objetivo \u00e9 medir a qualidade e as condi\u00e7\u00f5es de acessibilidade dos 15 principais terminais do Pa\u00eds.<\/p>\n<p style=\"text-align: justify;\">As perguntas, feitas no momento do embarque, ser\u00e3o sobre qualidade da acessibilidade no aeroporto, disponibilidade de vagas reservadas no estacionamento e disponibilidade de assentos reservados para pessoas com cadeiras de rodas e seus acompanhantes.<\/p>\n<p style=\"text-align: justify;\">Al\u00e9m disso, o entrevistado responder\u00e1 sobre como foi feito o procedimento de desembarque (em ponte de embarque, Sistema ELO, Ambulifit, Cadeira rob\u00f3tica, Rampa M\u00f3vel ou outro). O \u00edndice de satisfa\u00e7\u00e3o dos passageiros que circulam pelos aeroportos brasileiros \u00e9 medido desde 2013 pelo governo federal.<\/p>\n<p style=\"text-align: justify;\"><strong>Fonte: Portal Brasil.<\/strong><\/p>\n","protected":false},"excerpt":{"rendered":"<p>Os principais direitos Cartilha de acessibilidade em aeroportose orienta\u00e7\u00f5es ao passageiro com necessidade de atendimento&#8230;Continua<\/p>\n","protected":false},"author":2,"featured_media":2821,"comment_status":"open","ping_status":"open","sticky":false,"template":"","format":"standard","meta":{"_acf_changed":false,"footnotes":""},"categories":[14],"tags":[23,117,118,24,25,119],"class_list":["post-2815","post","type-post","status-publish","format-standard","has-post-thumbnail","hentry","category-turismo","tag-acessibilidade","tag-educacao","tag-esporte","tag-noticias-2","tag-o-que-acontece-no-cvi-rio","tag-tecnologia-assistiva"],"acf":[],"yoast_head":"<!-- This site is optimized with the Yoast SEO plugin v26.9 - https:\/\/yoast.com\/product\/yoast-seo-wordpress\/ -->\n<title>Cartilha de acessibilidade em aeroportos - CVI-Rio<\/title>\n<meta name=\"description\" content=\"Cartilha de acessibilidade em aeroportos\" \/>\n<meta name=\"robots\" content=\"index, follow, max-snippet:-1, max-image-preview:large, max-video-preview:-1\" \/>\n<link rel=\"canonical\" href=\"https:\/\/www.cvi-rio.org.br\/site\/cartilha-de-acessibilidade-em-aeroportos\/\" \/>\n<meta property=\"og:locale\" content=\"pt_BR\" \/>\n<meta property=\"og:type\" content=\"article\" \/>\n<meta property=\"og:title\" content=\"Cartilha de acessibilidade em aeroportos - CVI-Rio\" \/>\n<meta property=\"og:description\" content=\"Cartilha de acessibilidade em aeroportos\" \/>\n<meta property=\"og:url\" content=\"https:\/\/www.cvi-rio.org.br\/site\/cartilha-de-acessibilidade-em-aeroportos\/\" \/>\n<meta property=\"og:site_name\" content=\"CVI-Rio\" \/>\n<meta property=\"article:publisher\" content=\"https:\/\/www.facebook.com\/cvi.rio\" \/>\n<meta property=\"article:published_time\" content=\"2015-12-14T14:49:08+00:00\" \/>\n<meta property=\"article:modified_time\" content=\"2015-12-14T14:56:15+00:00\" \/>\n<meta property=\"og:image\" content=\"https:\/\/www.cvi-rio.org.br\/site\/wp-content\/uploads\/2015\/12\/Cartilha-de-acessibilidade-368-x-122.png\" \/>\n\t<meta property=\"og:image:width\" content=\"368\" \/>\n\t<meta property=\"og:image:height\" content=\"122\" \/>\n\t<meta property=\"og:image:type\" content=\"image\/png\" \/>\n<meta name=\"author\" content=\"cvi-rio\" \/>\n<meta name=\"twitter:card\" content=\"summary_large_image\" \/>\n<meta name=\"twitter:creator\" content=\"@cvirio\" \/>\n<meta name=\"twitter:site\" content=\"@cvirio\" \/>\n<meta name=\"twitter:label1\" content=\"Escrito por\" \/>\n\t<meta name=\"twitter:data1\" content=\"cvi-rio\" \/>\n\t<meta name=\"twitter:label2\" content=\"Est. tempo de leitura\" \/>\n\t<meta name=\"twitter:data2\" content=\"3 minutos\" \/>\n<script type=\"application\/ld+json\" class=\"yoast-schema-graph\">{\"@context\":\"https:\/\/schema.org\",\"@graph\":[{\"@type\":\"Article\",\"@id\":\"https:\/\/www.cvi-rio.org.br\/site\/cartilha-de-acessibilidade-em-aeroportos\/#article\",\"isPartOf\":{\"@id\":\"https:\/\/www.cvi-rio.org.br\/site\/cartilha-de-acessibilidade-em-aeroportos\/\"},\"author\":{\"name\":\"cvi-rio\",\"@id\":\"https:\/\/www.cvi-rio.org.br\/site\/#\/schema\/person\/41c81e5eb29944f8144dd6d144627d3f\"},\"headline\":\"Cartilha de acessibilidade em aeroportos\",\"datePublished\":\"2015-12-14T14:49:08+00:00\",\"dateModified\":\"2015-12-14T14:56:15+00:00\",\"mainEntityOfPage\":{\"@id\":\"https:\/\/www.cvi-rio.org.br\/site\/cartilha-de-acessibilidade-em-aeroportos\/\"},\"wordCount\":569,\"commentCount\":0,\"image\":{\"@id\":\"https:\/\/www.cvi-rio.org.br\/site\/cartilha-de-acessibilidade-em-aeroportos\/#primaryimage\"},\"thumbnailUrl\":\"https:\/\/www.cvi-rio.org.br\/site\/wp-content\/uploads\/2015\/12\/Cartilha-de-acessibilidade-368-x-122.png\",\"keywords\":[\"Acessibilidade\",\"Educa\u00e7\u00e3o\",\"Esporte\",\"not\u00edcias\",\"o-que-acontece-no-cvi-rio\",\"Tecnologia Assistiva\"],\"articleSection\":[\"Turismo\"],\"inLanguage\":\"pt-BR\",\"potentialAction\":[{\"@type\":\"CommentAction\",\"name\":\"Comment\",\"target\":[\"https:\/\/www.cvi-rio.org.br\/site\/cartilha-de-acessibilidade-em-aeroportos\/#respond\"]}]},{\"@type\":\"WebPage\",\"@id\":\"https:\/\/www.cvi-rio.org.br\/site\/cartilha-de-acessibilidade-em-aeroportos\/\",\"url\":\"https:\/\/www.cvi-rio.org.br\/site\/cartilha-de-acessibilidade-em-aeroportos\/\",\"name\":\"Cartilha de acessibilidade em aeroportos - CVI-Rio\",\"isPartOf\":{\"@id\":\"https:\/\/www.cvi-rio.org.br\/site\/#website\"},\"primaryImageOfPage\":{\"@id\":\"https:\/\/www.cvi-rio.org.br\/site\/cartilha-de-acessibilidade-em-aeroportos\/#primaryimage\"},\"image\":{\"@id\":\"https:\/\/www.cvi-rio.org.br\/site\/cartilha-de-acessibilidade-em-aeroportos\/#primaryimage\"},\"thumbnailUrl\":\"https:\/\/www.cvi-rio.org.br\/site\/wp-content\/uploads\/2015\/12\/Cartilha-de-acessibilidade-368-x-122.png\",\"datePublished\":\"2015-12-14T14:49:08+00:00\",\"dateModified\":\"2015-12-14T14:56:15+00:00\",\"author\":{\"@id\":\"https:\/\/www.cvi-rio.org.br\/site\/#\/schema\/person\/41c81e5eb29944f8144dd6d144627d3f\"},\"description\":\"Cartilha de acessibilidade em aeroportos\",\"breadcrumb\":{\"@id\":\"https:\/\/www.cvi-rio.org.br\/site\/cartilha-de-acessibilidade-em-aeroportos\/#breadcrumb\"},\"inLanguage\":\"pt-BR\",\"potentialAction\":[{\"@type\":\"ReadAction\",\"target\":[\"https:\/\/www.cvi-rio.org.br\/site\/cartilha-de-acessibilidade-em-aeroportos\/\"]}]},{\"@type\":\"ImageObject\",\"inLanguage\":\"pt-BR\",\"@id\":\"https:\/\/www.cvi-rio.org.br\/site\/cartilha-de-acessibilidade-em-aeroportos\/#primaryimage\",\"url\":\"https:\/\/www.cvi-rio.org.br\/site\/wp-content\/uploads\/2015\/12\/Cartilha-de-acessibilidade-368-x-122.png\",\"contentUrl\":\"https:\/\/www.cvi-rio.org.br\/site\/wp-content\/uploads\/2015\/12\/Cartilha-de-acessibilidade-368-x-122.png\",\"width\":368,\"height\":122,\"caption\":\"Cartilha de acessibilidade em aeroportos 368-x-122\"},{\"@type\":\"BreadcrumbList\",\"@id\":\"https:\/\/www.cvi-rio.org.br\/site\/cartilha-de-acessibilidade-em-aeroportos\/#breadcrumb\",\"itemListElement\":[{\"@type\":\"ListItem\",\"position\":1,\"name\":\"In\u00edcio\",\"item\":\"https:\/\/www.cvi-rio.org.br\/site\/\"},{\"@type\":\"ListItem\",\"position\":2,\"name\":\"Cartilha de acessibilidade em aeroportos\"}]},{\"@type\":\"WebSite\",\"@id\":\"https:\/\/www.cvi-rio.org.br\/site\/#website\",\"url\":\"https:\/\/www.cvi-rio.org.br\/site\/\",\"name\":\"CVI-Rio\",\"description\":\"Sua limita\u00e7\u00e3o n\u00e3o \u00e9 o seu limite.\",\"potentialAction\":[{\"@type\":\"SearchAction\",\"target\":{\"@type\":\"EntryPoint\",\"urlTemplate\":\"https:\/\/www.cvi-rio.org.br\/site\/?s={search_term_string}\"},\"query-input\":{\"@type\":\"PropertyValueSpecification\",\"valueRequired\":true,\"valueName\":\"search_term_string\"}}],\"inLanguage\":\"pt-BR\"},{\"@type\":\"Person\",\"@id\":\"https:\/\/www.cvi-rio.org.br\/site\/#\/schema\/person\/41c81e5eb29944f8144dd6d144627d3f\",\"name\":\"cvi-rio\",\"image\":{\"@type\":\"ImageObject\",\"inLanguage\":\"pt-BR\",\"@id\":\"https:\/\/www.cvi-rio.org.br\/site\/#\/schema\/person\/image\/\",\"url\":\"https:\/\/secure.gravatar.com\/avatar\/5390358606d9f428f7de6d157423965d1225340234040c6f875c582d042db721?s=96&d=mm&r=g\",\"contentUrl\":\"https:\/\/secure.gravatar.com\/avatar\/5390358606d9f428f7de6d157423965d1225340234040c6f875c582d042db721?s=96&d=mm&r=g\",\"caption\":\"cvi-rio\"},\"sameAs\":[\"http:\/\/www.cvi-rio.org.br\/site\"],\"url\":\"https:\/\/www.cvi-rio.org.br\/site\/author\/admin\/\"}]}<\/script>\n<!-- \/ Yoast SEO plugin. -->","yoast_head_json":{"title":"Cartilha de acessibilidade em aeroportos - CVI-Rio","description":"Cartilha de acessibilidade em aeroportos","robots":{"index":"index","follow":"follow","max-snippet":"max-snippet:-1","max-image-preview":"max-image-preview:large","max-video-preview":"max-video-preview:-1"},"canonical":"https:\/\/www.cvi-rio.org.br\/site\/cartilha-de-acessibilidade-em-aeroportos\/","og_locale":"pt_BR","og_type":"article","og_title":"Cartilha de acessibilidade em aeroportos - CVI-Rio","og_description":"Cartilha de acessibilidade em aeroportos","og_url":"https:\/\/www.cvi-rio.org.br\/site\/cartilha-de-acessibilidade-em-aeroportos\/","og_site_name":"CVI-Rio","article_publisher":"https:\/\/www.facebook.com\/cvi.rio","article_published_time":"2015-12-14T14:49:08+00:00","article_modified_time":"2015-12-14T14:56:15+00:00","og_image":[{"width":368,"height":122,"url":"https:\/\/www.cvi-rio.org.br\/site\/wp-content\/uploads\/2015\/12\/Cartilha-de-acessibilidade-368-x-122.png","type":"image\/png"}],"author":"cvi-rio","twitter_card":"summary_large_image","twitter_creator":"@cvirio","twitter_site":"@cvirio","twitter_misc":{"Escrito por":"cvi-rio","Est. tempo de leitura":"3 minutos"},"schema":{"@context":"https:\/\/schema.org","@graph":[{"@type":"Article","@id":"https:\/\/www.cvi-rio.org.br\/site\/cartilha-de-acessibilidade-em-aeroportos\/#article","isPartOf":{"@id":"https:\/\/www.cvi-rio.org.br\/site\/cartilha-de-acessibilidade-em-aeroportos\/"},"author":{"name":"cvi-rio","@id":"https:\/\/www.cvi-rio.org.br\/site\/#\/schema\/person\/41c81e5eb29944f8144dd6d144627d3f"},"headline":"Cartilha de acessibilidade em aeroportos","datePublished":"2015-12-14T14:49:08+00:00","dateModified":"2015-12-14T14:56:15+00:00","mainEntityOfPage":{"@id":"https:\/\/www.cvi-rio.org.br\/site\/cartilha-de-acessibilidade-em-aeroportos\/"},"wordCount":569,"commentCount":0,"image":{"@id":"https:\/\/www.cvi-rio.org.br\/site\/cartilha-de-acessibilidade-em-aeroportos\/#primaryimage"},"thumbnailUrl":"https:\/\/www.cvi-rio.org.br\/site\/wp-content\/uploads\/2015\/12\/Cartilha-de-acessibilidade-368-x-122.png","keywords":["Acessibilidade","Educa\u00e7\u00e3o","Esporte","not\u00edcias","o-que-acontece-no-cvi-rio","Tecnologia Assistiva"],"articleSection":["Turismo"],"inLanguage":"pt-BR","potentialAction":[{"@type":"CommentAction","name":"Comment","target":["https:\/\/www.cvi-rio.org.br\/site\/cartilha-de-acessibilidade-em-aeroportos\/#respond"]}]},{"@type":"WebPage","@id":"https:\/\/www.cvi-rio.org.br\/site\/cartilha-de-acessibilidade-em-aeroportos\/","url":"https:\/\/www.cvi-rio.org.br\/site\/cartilha-de-acessibilidade-em-aeroportos\/","name":"Cartilha de acessibilidade em aeroportos - CVI-Rio","isPartOf":{"@id":"https:\/\/www.cvi-rio.org.br\/site\/#website"},"primaryImageOfPage":{"@id":"https:\/\/www.cvi-rio.org.br\/site\/cartilha-de-acessibilidade-em-aeroportos\/#primaryimage"},"image":{"@id":"https:\/\/www.cvi-rio.org.br\/site\/cartilha-de-acessibilidade-em-aeroportos\/#primaryimage"},"thumbnailUrl":"https:\/\/www.cvi-rio.org.br\/site\/wp-content\/uploads\/2015\/12\/Cartilha-de-acessibilidade-368-x-122.png","datePublished":"2015-12-14T14:49:08+00:00","dateModified":"2015-12-14T14:56:15+00:00","author":{"@id":"https:\/\/www.cvi-rio.org.br\/site\/#\/schema\/person\/41c81e5eb29944f8144dd6d144627d3f"},"description":"Cartilha de acessibilidade em aeroportos","breadcrumb":{"@id":"https:\/\/www.cvi-rio.org.br\/site\/cartilha-de-acessibilidade-em-aeroportos\/#breadcrumb"},"inLanguage":"pt-BR","potentialAction":[{"@type":"ReadAction","target":["https:\/\/www.cvi-rio.org.br\/site\/cartilha-de-acessibilidade-em-aeroportos\/"]}]},{"@type":"ImageObject","inLanguage":"pt-BR","@id":"https:\/\/www.cvi-rio.org.br\/site\/cartilha-de-acessibilidade-em-aeroportos\/#primaryimage","url":"https:\/\/www.cvi-rio.org.br\/site\/wp-content\/uploads\/2015\/12\/Cartilha-de-acessibilidade-368-x-122.png","contentUrl":"https:\/\/www.cvi-rio.org.br\/site\/wp-content\/uploads\/2015\/12\/Cartilha-de-acessibilidade-368-x-122.png","width":368,"height":122,"caption":"Cartilha de acessibilidade em aeroportos 368-x-122"},{"@type":"BreadcrumbList","@id":"https:\/\/www.cvi-rio.org.br\/site\/cartilha-de-acessibilidade-em-aeroportos\/#breadcrumb","itemListElement":[{"@type":"ListItem","position":1,"name":"In\u00edcio","item":"https:\/\/www.cvi-rio.org.br\/site\/"},{"@type":"ListItem","position":2,"name":"Cartilha de acessibilidade em aeroportos"}]},{"@type":"WebSite","@id":"https:\/\/www.cvi-rio.org.br\/site\/#website","url":"https:\/\/www.cvi-rio.org.br\/site\/","name":"CVI-Rio","description":"Sua limita\u00e7\u00e3o n\u00e3o \u00e9 o seu limite.","potentialAction":[{"@type":"SearchAction","target":{"@type":"EntryPoint","urlTemplate":"https:\/\/www.cvi-rio.org.br\/site\/?s={search_term_string}"},"query-input":{"@type":"PropertyValueSpecification","valueRequired":true,"valueName":"search_term_string"}}],"inLanguage":"pt-BR"},{"@type":"Person","@id":"https:\/\/www.cvi-rio.org.br\/site\/#\/schema\/person\/41c81e5eb29944f8144dd6d144627d3f","name":"cvi-rio","image":{"@type":"ImageObject","inLanguage":"pt-BR","@id":"https:\/\/www.cvi-rio.org.br\/site\/#\/schema\/person\/image\/","url":"https:\/\/secure.gravatar.com\/avatar\/5390358606d9f428f7de6d157423965d1225340234040c6f875c582d042db721?s=96&d=mm&r=g","contentUrl":"https:\/\/secure.gravatar.com\/avatar\/5390358606d9f428f7de6d157423965d1225340234040c6f875c582d042db721?s=96&d=mm&r=g","caption":"cvi-rio"},"sameAs":["http:\/\/www.cvi-rio.org.br\/site"],"url":"https:\/\/www.cvi-rio.org.br\/site\/author\/admin\/"}]}},"_links":{"self":[{"href":"https:\/\/www.cvi-rio.org.br\/site\/wp-json\/wp\/v2\/posts\/2815","targetHints":{"allow":["GET"]}}],"collection":[{"href":"https:\/\/www.cvi-rio.org.br\/site\/wp-json\/wp\/v2\/posts"}],"about":[{"href":"https:\/\/www.cvi-rio.org.br\/site\/wp-json\/wp\/v2\/types\/post"}],"author":[{"embeddable":true,"href":"https:\/\/www.cvi-rio.org.br\/site\/wp-json\/wp\/v2\/users\/2"}],"replies":[{"embeddable":true,"href":"https:\/\/www.cvi-rio.org.br\/site\/wp-json\/wp\/v2\/comments?post=2815"}],"version-history":[{"count":10,"href":"https:\/\/www.cvi-rio.org.br\/site\/wp-json\/wp\/v2\/posts\/2815\/revisions"}],"predecessor-version":[{"id":2827,"href":"https:\/\/www.cvi-rio.org.br\/site\/wp-json\/wp\/v2\/posts\/2815\/revisions\/2827"}],"wp:featuredmedia":[{"embeddable":true,"href":"https:\/\/www.cvi-rio.org.br\/site\/wp-json\/wp\/v2\/media\/2821"}],"wp:attachment":[{"href":"https:\/\/www.cvi-rio.org.br\/site\/wp-json\/wp\/v2\/media?parent=2815"}],"wp:term":[{"taxonomy":"category","embeddable":true,"href":"https:\/\/www.cvi-rio.org.br\/site\/wp-json\/wp\/v2\/categories?post=2815"},{"taxonomy":"post_tag","embeddable":true,"href":"https:\/\/www.cvi-rio.org.br\/site\/wp-json\/wp\/v2\/tags?post=2815"}],"curies":[{"name":"wp","href":"https:\/\/api.w.org\/{rel}","templated":true}]}}