{"id":2724,"date":"2015-11-30T10:19:17","date_gmt":"2015-11-30T13:19:17","guid":{"rendered":"http:\/\/www.cvi-rio.org.br\/site\/?p=2724"},"modified":"2015-12-14T12:03:36","modified_gmt":"2015-12-14T15:03:36","slug":"santos-dumont-adere-a-lingua-brasileira-de-sinais","status":"publish","type":"post","link":"https:\/\/www.cvi-rio.org.br\/site\/santos-dumont-adere-a-lingua-brasileira-de-sinais\/","title":{"rendered":"Santos Dumont adere \u00e0 L\u00edngua Brasileira de Sinais"},"content":{"rendered":"<p style=\"text-align: justify;\"><em>Mensagens operacionais veiculadas nos monitores, como troca de port\u00e3o e situa\u00e7\u00e3o dos voos, s\u00e3o traduzidas automaticamente para Libras<\/em><\/p>\n<dl id=\"attachment_2725\" class=\"wp-caption alignleft\" style=\"width: 360px;\">\n<dt class=\"wp-caption-dt\"><a href=\"http:\/\/www.cvi-rio.org.br\/site\/wp-content\/uploads\/2015\/11\/Aeroporto-do-Rio-de-Janeiro-Santos-Dumont.jpeg\"><img loading=\"lazy\" decoding=\"async\" class=\" wp-image-2725\" src=\"http:\/\/www.cvi-rio.org.br\/site\/wp-content\/uploads\/2015\/11\/Aeroporto-do-Rio-de-Janeiro-Santos-Dumont.jpeg\" alt=\"Aeroporto do Rio de Janeiro - Santos Dumont Foto: Infraero\" width=\"350\" height=\"219\" \/><\/a><\/dt>\n<dd class=\"wp-caption-dd\">Aeroporto do Rio de Janeiro &#8211; Santos Dumont Foto: Infraero<\/dd>\n<\/dl>\n<p style=\"text-align: justify;\">As informa\u00e7\u00f5es sobre voos exibidas em monitores do Aeroporto Santos Dumont (RJ) localizados pr\u00f3ximos aos port\u00f5es de embarque e esteiras de restitui\u00e7\u00e3o de bagagens foram adaptadas para a linguagem de Libras. Esses monitores est\u00e3o em funcionamento desde\u00a0a \u00faltima segunda-feira (23).\u00a0Para oferecer essa solu\u00e7\u00e3o, foi incorporado mais um m\u00f3dulo de opera\u00e7\u00e3o ao Sistema Informativo de Voos (SIV), especificamente habilitado para a L\u00edngua Brasileira de Sinais (Libras).<\/p>\n<p style=\"text-align: justify;\">Mensagens operacionais veiculadas nos monitores \u2013 como troca de port\u00e3o e situa\u00e7\u00e3o dos voos (\u00faltima chamada, embarque imediato) \u2013 ser\u00e3o traduzidas automaticamente para Libras, o que propicia acessibilidade aos passageiros com defici\u00eancia auditiva, al\u00e9m de atender aos requisitos legais. Por estar em fase de implanta\u00e7\u00e3o, est\u00e3o previstas futuras melhorias que ser\u00e3o implantadas no decorrer do pr\u00f3ximo ano.<\/p>\n<p style=\"text-align: justify;\">O Santos Dumont \u00e9 o primeiro aeroporto a receber a novidade, que na pr\u00f3xima semana chegar\u00e1 ao Aeroporto de Congonhas (SP). \u201cA\u00e7\u00f5es como a implanta\u00e7\u00e3o do Sistema Libras demonstram que a Infraero est\u00e1 atenta para esse p\u00fablico espec\u00edfico e busca constantemente novas tecnologias que promovam a inclus\u00e3o e melhorem a experi\u00eancia dos passageiros que circulam em nossos aeroportos\u201d, afirmou o superintendente de Gest\u00e3o Operacional da Infraero, \u00a0Antonio Erivaldo Sales.<\/p>\n<p style=\"text-align: justify;\">Em 2014, a Secretaria Municipal da Pessoa com Defici\u00eancia (SMPD) concedeu ao Santos Dumont a classifica\u00e7\u00e3o \u201cDiamante\u201d no Projeto \u201cRio Acess\u00edvel\u201d.<\/p>\n<p style=\"text-align: justify;\"><strong>Fonte: Portal Brasil.<\/strong><\/p>\n","protected":false},"excerpt":{"rendered":"<p>As informa\u00e7\u00f5es sobre voos exibidas em monitores do Aeroporto Santos Dumont (RJ) localizados pr\u00f3ximos aos port\u00f5es&#8230;Continua<\/p>\n","protected":false},"author":2,"featured_media":2728,"comment_status":"open","ping_status":"open","sticky":false,"template":"","format":"standard","meta":{"_acf_changed":false,"footnotes":""},"categories":[14],"tags":[23,117,118,24,25,119],"class_list":["post-2724","post","type-post","status-publish","format-standard","has-post-thumbnail","hentry","category-turismo","tag-acessibilidade","tag-educacao","tag-esporte","tag-noticias-2","tag-o-que-acontece-no-cvi-rio","tag-tecnologia-assistiva"],"acf":[],"yoast_head":"<!-- This site is optimized with the Yoast SEO plugin v26.9 - https:\/\/yoast.com\/product\/yoast-seo-wordpress\/ -->\n<title>Santos Dumont adere \u00e0 L\u00edngua Brasileira de Sinais - CVI-Rio<\/title>\n<meta name=\"description\" content=\"Santos Dumont adere \u00e0 L\u00edngua Brasileira de Sinais\" \/>\n<meta name=\"robots\" content=\"index, follow, max-snippet:-1, max-image-preview:large, max-video-preview:-1\" \/>\n<link rel=\"canonical\" href=\"https:\/\/www.cvi-rio.org.br\/site\/santos-dumont-adere-a-lingua-brasileira-de-sinais\/\" \/>\n<meta property=\"og:locale\" content=\"pt_BR\" \/>\n<meta property=\"og:type\" content=\"article\" \/>\n<meta property=\"og:title\" content=\"Santos Dumont adere \u00e0 L\u00edngua Brasileira de Sinais - CVI-Rio\" \/>\n<meta property=\"og:description\" content=\"Santos Dumont adere \u00e0 L\u00edngua Brasileira de Sinais\" \/>\n<meta property=\"og:url\" content=\"https:\/\/www.cvi-rio.org.br\/site\/santos-dumont-adere-a-lingua-brasileira-de-sinais\/\" \/>\n<meta property=\"og:site_name\" content=\"CVI-Rio\" \/>\n<meta property=\"article:publisher\" content=\"https:\/\/www.facebook.com\/cvi.rio\" \/>\n<meta property=\"article:published_time\" content=\"2015-11-30T13:19:17+00:00\" \/>\n<meta property=\"article:modified_time\" content=\"2015-12-14T15:03:36+00:00\" \/>\n<meta property=\"og:image\" content=\"https:\/\/www.cvi-rio.org.br\/site\/wp-content\/uploads\/2015\/11\/Aeroporto-368-x-122.png\" \/>\n\t<meta property=\"og:image:width\" content=\"368\" \/>\n\t<meta property=\"og:image:height\" content=\"122\" \/>\n\t<meta property=\"og:image:type\" content=\"image\/png\" \/>\n<meta name=\"author\" content=\"cvi-rio\" \/>\n<meta name=\"twitter:card\" content=\"summary_large_image\" \/>\n<meta name=\"twitter:creator\" content=\"@cvirio\" \/>\n<meta name=\"twitter:site\" content=\"@cvirio\" \/>\n<meta name=\"twitter:label1\" content=\"Escrito por\" \/>\n\t<meta name=\"twitter:data1\" content=\"cvi-rio\" \/>\n\t<meta name=\"twitter:label2\" content=\"Est. tempo de leitura\" \/>\n\t<meta name=\"twitter:data2\" content=\"1 minuto\" \/>\n<script type=\"application\/ld+json\" class=\"yoast-schema-graph\">{\"@context\":\"https:\/\/schema.org\",\"@graph\":[{\"@type\":\"Article\",\"@id\":\"https:\/\/www.cvi-rio.org.br\/site\/santos-dumont-adere-a-lingua-brasileira-de-sinais\/#article\",\"isPartOf\":{\"@id\":\"https:\/\/www.cvi-rio.org.br\/site\/santos-dumont-adere-a-lingua-brasileira-de-sinais\/\"},\"author\":{\"name\":\"cvi-rio\",\"@id\":\"https:\/\/www.cvi-rio.org.br\/site\/#\/schema\/person\/41c81e5eb29944f8144dd6d144627d3f\"},\"headline\":\"Santos Dumont adere \u00e0 L\u00edngua Brasileira de Sinais\",\"datePublished\":\"2015-11-30T13:19:17+00:00\",\"dateModified\":\"2015-12-14T15:03:36+00:00\",\"mainEntityOfPage\":{\"@id\":\"https:\/\/www.cvi-rio.org.br\/site\/santos-dumont-adere-a-lingua-brasileira-de-sinais\/\"},\"wordCount\":280,\"commentCount\":0,\"image\":{\"@id\":\"https:\/\/www.cvi-rio.org.br\/site\/santos-dumont-adere-a-lingua-brasileira-de-sinais\/#primaryimage\"},\"thumbnailUrl\":\"https:\/\/www.cvi-rio.org.br\/site\/wp-content\/uploads\/2015\/11\/Aeroporto-368-x-122.png\",\"keywords\":[\"Acessibilidade\",\"Educa\u00e7\u00e3o\",\"Esporte\",\"not\u00edcias\",\"o-que-acontece-no-cvi-rio\",\"Tecnologia Assistiva\"],\"articleSection\":[\"Turismo\"],\"inLanguage\":\"pt-BR\",\"potentialAction\":[{\"@type\":\"CommentAction\",\"name\":\"Comment\",\"target\":[\"https:\/\/www.cvi-rio.org.br\/site\/santos-dumont-adere-a-lingua-brasileira-de-sinais\/#respond\"]}]},{\"@type\":\"WebPage\",\"@id\":\"https:\/\/www.cvi-rio.org.br\/site\/santos-dumont-adere-a-lingua-brasileira-de-sinais\/\",\"url\":\"https:\/\/www.cvi-rio.org.br\/site\/santos-dumont-adere-a-lingua-brasileira-de-sinais\/\",\"name\":\"Santos Dumont adere \u00e0 L\u00edngua Brasileira de Sinais - CVI-Rio\",\"isPartOf\":{\"@id\":\"https:\/\/www.cvi-rio.org.br\/site\/#website\"},\"primaryImageOfPage\":{\"@id\":\"https:\/\/www.cvi-rio.org.br\/site\/santos-dumont-adere-a-lingua-brasileira-de-sinais\/#primaryimage\"},\"image\":{\"@id\":\"https:\/\/www.cvi-rio.org.br\/site\/santos-dumont-adere-a-lingua-brasileira-de-sinais\/#primaryimage\"},\"thumbnailUrl\":\"https:\/\/www.cvi-rio.org.br\/site\/wp-content\/uploads\/2015\/11\/Aeroporto-368-x-122.png\",\"datePublished\":\"2015-11-30T13:19:17+00:00\",\"dateModified\":\"2015-12-14T15:03:36+00:00\",\"author\":{\"@id\":\"https:\/\/www.cvi-rio.org.br\/site\/#\/schema\/person\/41c81e5eb29944f8144dd6d144627d3f\"},\"description\":\"Santos Dumont adere \u00e0 L\u00edngua Brasileira de Sinais\",\"breadcrumb\":{\"@id\":\"https:\/\/www.cvi-rio.org.br\/site\/santos-dumont-adere-a-lingua-brasileira-de-sinais\/#breadcrumb\"},\"inLanguage\":\"pt-BR\",\"potentialAction\":[{\"@type\":\"ReadAction\",\"target\":[\"https:\/\/www.cvi-rio.org.br\/site\/santos-dumont-adere-a-lingua-brasileira-de-sinais\/\"]}]},{\"@type\":\"ImageObject\",\"inLanguage\":\"pt-BR\",\"@id\":\"https:\/\/www.cvi-rio.org.br\/site\/santos-dumont-adere-a-lingua-brasileira-de-sinais\/#primaryimage\",\"url\":\"https:\/\/www.cvi-rio.org.br\/site\/wp-content\/uploads\/2015\/11\/Aeroporto-368-x-122.png\",\"contentUrl\":\"https:\/\/www.cvi-rio.org.br\/site\/wp-content\/uploads\/2015\/11\/Aeroporto-368-x-122.png\",\"width\":368,\"height\":122},{\"@type\":\"BreadcrumbList\",\"@id\":\"https:\/\/www.cvi-rio.org.br\/site\/santos-dumont-adere-a-lingua-brasileira-de-sinais\/#breadcrumb\",\"itemListElement\":[{\"@type\":\"ListItem\",\"position\":1,\"name\":\"In\u00edcio\",\"item\":\"https:\/\/www.cvi-rio.org.br\/site\/\"},{\"@type\":\"ListItem\",\"position\":2,\"name\":\"Santos Dumont adere \u00e0 L\u00edngua Brasileira de Sinais\"}]},{\"@type\":\"WebSite\",\"@id\":\"https:\/\/www.cvi-rio.org.br\/site\/#website\",\"url\":\"https:\/\/www.cvi-rio.org.br\/site\/\",\"name\":\"CVI-Rio\",\"description\":\"Sua limita\u00e7\u00e3o n\u00e3o \u00e9 o seu limite.\",\"potentialAction\":[{\"@type\":\"SearchAction\",\"target\":{\"@type\":\"EntryPoint\",\"urlTemplate\":\"https:\/\/www.cvi-rio.org.br\/site\/?s={search_term_string}\"},\"query-input\":{\"@type\":\"PropertyValueSpecification\",\"valueRequired\":true,\"valueName\":\"search_term_string\"}}],\"inLanguage\":\"pt-BR\"},{\"@type\":\"Person\",\"@id\":\"https:\/\/www.cvi-rio.org.br\/site\/#\/schema\/person\/41c81e5eb29944f8144dd6d144627d3f\",\"name\":\"cvi-rio\",\"image\":{\"@type\":\"ImageObject\",\"inLanguage\":\"pt-BR\",\"@id\":\"https:\/\/www.cvi-rio.org.br\/site\/#\/schema\/person\/image\/\",\"url\":\"https:\/\/secure.gravatar.com\/avatar\/5390358606d9f428f7de6d157423965d1225340234040c6f875c582d042db721?s=96&d=mm&r=g\",\"contentUrl\":\"https:\/\/secure.gravatar.com\/avatar\/5390358606d9f428f7de6d157423965d1225340234040c6f875c582d042db721?s=96&d=mm&r=g\",\"caption\":\"cvi-rio\"},\"sameAs\":[\"http:\/\/www.cvi-rio.org.br\/site\"],\"url\":\"https:\/\/www.cvi-rio.org.br\/site\/author\/admin\/\"}]}<\/script>\n<!-- \/ Yoast SEO plugin. -->","yoast_head_json":{"title":"Santos Dumont adere \u00e0 L\u00edngua Brasileira de Sinais - CVI-Rio","description":"Santos Dumont adere \u00e0 L\u00edngua Brasileira de Sinais","robots":{"index":"index","follow":"follow","max-snippet":"max-snippet:-1","max-image-preview":"max-image-preview:large","max-video-preview":"max-video-preview:-1"},"canonical":"https:\/\/www.cvi-rio.org.br\/site\/santos-dumont-adere-a-lingua-brasileira-de-sinais\/","og_locale":"pt_BR","og_type":"article","og_title":"Santos Dumont adere \u00e0 L\u00edngua Brasileira de Sinais - CVI-Rio","og_description":"Santos Dumont adere \u00e0 L\u00edngua Brasileira de Sinais","og_url":"https:\/\/www.cvi-rio.org.br\/site\/santos-dumont-adere-a-lingua-brasileira-de-sinais\/","og_site_name":"CVI-Rio","article_publisher":"https:\/\/www.facebook.com\/cvi.rio","article_published_time":"2015-11-30T13:19:17+00:00","article_modified_time":"2015-12-14T15:03:36+00:00","og_image":[{"width":368,"height":122,"url":"https:\/\/www.cvi-rio.org.br\/site\/wp-content\/uploads\/2015\/11\/Aeroporto-368-x-122.png","type":"image\/png"}],"author":"cvi-rio","twitter_card":"summary_large_image","twitter_creator":"@cvirio","twitter_site":"@cvirio","twitter_misc":{"Escrito por":"cvi-rio","Est. tempo de leitura":"1 minuto"},"schema":{"@context":"https:\/\/schema.org","@graph":[{"@type":"Article","@id":"https:\/\/www.cvi-rio.org.br\/site\/santos-dumont-adere-a-lingua-brasileira-de-sinais\/#article","isPartOf":{"@id":"https:\/\/www.cvi-rio.org.br\/site\/santos-dumont-adere-a-lingua-brasileira-de-sinais\/"},"author":{"name":"cvi-rio","@id":"https:\/\/www.cvi-rio.org.br\/site\/#\/schema\/person\/41c81e5eb29944f8144dd6d144627d3f"},"headline":"Santos Dumont adere \u00e0 L\u00edngua Brasileira de Sinais","datePublished":"2015-11-30T13:19:17+00:00","dateModified":"2015-12-14T15:03:36+00:00","mainEntityOfPage":{"@id":"https:\/\/www.cvi-rio.org.br\/site\/santos-dumont-adere-a-lingua-brasileira-de-sinais\/"},"wordCount":280,"commentCount":0,"image":{"@id":"https:\/\/www.cvi-rio.org.br\/site\/santos-dumont-adere-a-lingua-brasileira-de-sinais\/#primaryimage"},"thumbnailUrl":"https:\/\/www.cvi-rio.org.br\/site\/wp-content\/uploads\/2015\/11\/Aeroporto-368-x-122.png","keywords":["Acessibilidade","Educa\u00e7\u00e3o","Esporte","not\u00edcias","o-que-acontece-no-cvi-rio","Tecnologia Assistiva"],"articleSection":["Turismo"],"inLanguage":"pt-BR","potentialAction":[{"@type":"CommentAction","name":"Comment","target":["https:\/\/www.cvi-rio.org.br\/site\/santos-dumont-adere-a-lingua-brasileira-de-sinais\/#respond"]}]},{"@type":"WebPage","@id":"https:\/\/www.cvi-rio.org.br\/site\/santos-dumont-adere-a-lingua-brasileira-de-sinais\/","url":"https:\/\/www.cvi-rio.org.br\/site\/santos-dumont-adere-a-lingua-brasileira-de-sinais\/","name":"Santos Dumont adere \u00e0 L\u00edngua Brasileira de Sinais - CVI-Rio","isPartOf":{"@id":"https:\/\/www.cvi-rio.org.br\/site\/#website"},"primaryImageOfPage":{"@id":"https:\/\/www.cvi-rio.org.br\/site\/santos-dumont-adere-a-lingua-brasileira-de-sinais\/#primaryimage"},"image":{"@id":"https:\/\/www.cvi-rio.org.br\/site\/santos-dumont-adere-a-lingua-brasileira-de-sinais\/#primaryimage"},"thumbnailUrl":"https:\/\/www.cvi-rio.org.br\/site\/wp-content\/uploads\/2015\/11\/Aeroporto-368-x-122.png","datePublished":"2015-11-30T13:19:17+00:00","dateModified":"2015-12-14T15:03:36+00:00","author":{"@id":"https:\/\/www.cvi-rio.org.br\/site\/#\/schema\/person\/41c81e5eb29944f8144dd6d144627d3f"},"description":"Santos Dumont adere \u00e0 L\u00edngua Brasileira de Sinais","breadcrumb":{"@id":"https:\/\/www.cvi-rio.org.br\/site\/santos-dumont-adere-a-lingua-brasileira-de-sinais\/#breadcrumb"},"inLanguage":"pt-BR","potentialAction":[{"@type":"ReadAction","target":["https:\/\/www.cvi-rio.org.br\/site\/santos-dumont-adere-a-lingua-brasileira-de-sinais\/"]}]},{"@type":"ImageObject","inLanguage":"pt-BR","@id":"https:\/\/www.cvi-rio.org.br\/site\/santos-dumont-adere-a-lingua-brasileira-de-sinais\/#primaryimage","url":"https:\/\/www.cvi-rio.org.br\/site\/wp-content\/uploads\/2015\/11\/Aeroporto-368-x-122.png","contentUrl":"https:\/\/www.cvi-rio.org.br\/site\/wp-content\/uploads\/2015\/11\/Aeroporto-368-x-122.png","width":368,"height":122},{"@type":"BreadcrumbList","@id":"https:\/\/www.cvi-rio.org.br\/site\/santos-dumont-adere-a-lingua-brasileira-de-sinais\/#breadcrumb","itemListElement":[{"@type":"ListItem","position":1,"name":"In\u00edcio","item":"https:\/\/www.cvi-rio.org.br\/site\/"},{"@type":"ListItem","position":2,"name":"Santos Dumont adere \u00e0 L\u00edngua Brasileira de Sinais"}]},{"@type":"WebSite","@id":"https:\/\/www.cvi-rio.org.br\/site\/#website","url":"https:\/\/www.cvi-rio.org.br\/site\/","name":"CVI-Rio","description":"Sua limita\u00e7\u00e3o n\u00e3o \u00e9 o seu limite.","potentialAction":[{"@type":"SearchAction","target":{"@type":"EntryPoint","urlTemplate":"https:\/\/www.cvi-rio.org.br\/site\/?s={search_term_string}"},"query-input":{"@type":"PropertyValueSpecification","valueRequired":true,"valueName":"search_term_string"}}],"inLanguage":"pt-BR"},{"@type":"Person","@id":"https:\/\/www.cvi-rio.org.br\/site\/#\/schema\/person\/41c81e5eb29944f8144dd6d144627d3f","name":"cvi-rio","image":{"@type":"ImageObject","inLanguage":"pt-BR","@id":"https:\/\/www.cvi-rio.org.br\/site\/#\/schema\/person\/image\/","url":"https:\/\/secure.gravatar.com\/avatar\/5390358606d9f428f7de6d157423965d1225340234040c6f875c582d042db721?s=96&d=mm&r=g","contentUrl":"https:\/\/secure.gravatar.com\/avatar\/5390358606d9f428f7de6d157423965d1225340234040c6f875c582d042db721?s=96&d=mm&r=g","caption":"cvi-rio"},"sameAs":["http:\/\/www.cvi-rio.org.br\/site"],"url":"https:\/\/www.cvi-rio.org.br\/site\/author\/admin\/"}]}},"_links":{"self":[{"href":"https:\/\/www.cvi-rio.org.br\/site\/wp-json\/wp\/v2\/posts\/2724","targetHints":{"allow":["GET"]}}],"collection":[{"href":"https:\/\/www.cvi-rio.org.br\/site\/wp-json\/wp\/v2\/posts"}],"about":[{"href":"https:\/\/www.cvi-rio.org.br\/site\/wp-json\/wp\/v2\/types\/post"}],"author":[{"embeddable":true,"href":"https:\/\/www.cvi-rio.org.br\/site\/wp-json\/wp\/v2\/users\/2"}],"replies":[{"embeddable":true,"href":"https:\/\/www.cvi-rio.org.br\/site\/wp-json\/wp\/v2\/comments?post=2724"}],"version-history":[{"count":8,"href":"https:\/\/www.cvi-rio.org.br\/site\/wp-json\/wp\/v2\/posts\/2724\/revisions"}],"predecessor-version":[{"id":2843,"href":"https:\/\/www.cvi-rio.org.br\/site\/wp-json\/wp\/v2\/posts\/2724\/revisions\/2843"}],"wp:featuredmedia":[{"embeddable":true,"href":"https:\/\/www.cvi-rio.org.br\/site\/wp-json\/wp\/v2\/media\/2728"}],"wp:attachment":[{"href":"https:\/\/www.cvi-rio.org.br\/site\/wp-json\/wp\/v2\/media?parent=2724"}],"wp:term":[{"taxonomy":"category","embeddable":true,"href":"https:\/\/www.cvi-rio.org.br\/site\/wp-json\/wp\/v2\/categories?post=2724"},{"taxonomy":"post_tag","embeddable":true,"href":"https:\/\/www.cvi-rio.org.br\/site\/wp-json\/wp\/v2\/tags?post=2724"}],"curies":[{"name":"wp","href":"https:\/\/api.w.org\/{rel}","templated":true}]}}