{"id":2406,"date":"2015-10-01T09:55:38","date_gmt":"2015-10-01T12:55:38","guid":{"rendered":"http:\/\/www.cvi-rio.org.br\/site\/?p=2406"},"modified":"2015-12-15T10:13:24","modified_gmt":"2015-12-15T13:13:24","slug":"manual-de-planejamento-do-setor-aereo-para-rio-2016","status":"publish","type":"post","link":"https:\/\/www.cvi-rio.org.br\/site\/manual-de-planejamento-do-setor-aereo-para-rio-2016\/","title":{"rendered":"Manual de planejamento do setor a\u00e9reo para Rio 2016"},"content":{"rendered":"<p style=\"text-align: justify;\"><em>Al\u00e9m de garantir fluidez e seguran\u00e7a aos usu\u00e1rios dos terminais governo quer aten\u00e7\u00e3o ao atendimento<\/em><\/p>\n<figure id=\"attachment_2407\" class=\"thumbnail wp-caption alignleft\" style=\"width: 381px\"><a href=\"http:\/\/www.cvi-rio.org.br\/site\/wp-content\/uploads\/2015\/10\/CTOE-cria-cartilha-para-padroniza\u00e7\u00e3o-de-servi\u00e7os-nos-aeroportos-para-Jogos-Ol\u00edmpicos-e-Paraol\u00edmpicos-Rio-2016.jpg\"><img loading=\"lazy\" decoding=\"async\" class=\" wp-image-2407\" src=\"http:\/\/www.cvi-rio.org.br\/site\/wp-content\/uploads\/2015\/10\/CTOE-cria-cartilha-para-padroniza\u00e7\u00e3o-de-servi\u00e7os-nos-aeroportos-para-Jogos-Ol\u00edmpicos-e-Paraol\u00edmpicos-Rio-2016.jpg\" alt=\"CTOE cria cartilha para padroniza\u00e7\u00e3o de servi\u00e7os nos aeroportos para Jogos Ol\u00edmpicos e Paraol\u00edmpicos Rio 2016\" width=\"371\" height=\"256\" \/><\/a><figcaption class=\"caption wp-caption-text\">CTOE cria cartilha para padroniza\u00e7\u00e3o de servi\u00e7os nos aeroportos para Jogos Ol\u00edmpicos e Paraol\u00edmpicos Rio 2016<\/figcaption><\/figure>\n<p style=\"text-align: justify;\">A Secretaria de Avia\u00e7\u00e3o da Presid\u00eancia da Rep\u00fablica lan\u00e7ou, nesta ter\u00e7a-feira (22.09), uma cartilha para padronizar a opera\u00e7\u00e3o dos 39 aeroportos (entre priorit\u00e1rios, monitorados e de apoio) que atender\u00e3o \u00e0 principal demanda dos Jogos Ol\u00edmpicos e Paral\u00edmpicos Rio 2016. O &#8220;Manual de Planejamento do Setor de Avia\u00e7\u00e3o Civil &#8211; Jogos Ol\u00edmpicos e Paral\u00edmpicos Rio 2016&#8221; estabelece a\u00e7\u00e3o coordenada e integrada entre operadores aeroportu\u00e1rios e \u00f3rg\u00e3os do sistema nacional de avia\u00e7\u00e3o civil.<\/p>\n<p style=\"text-align: justify;\">O documento, desenvolvido pelo Comit\u00ea T\u00e9cnico de Opera\u00e7\u00f5es Especiais (CTOE), \u00f3rg\u00e3o criado no \u00e2mbito da Comiss\u00e3o Nacional de Autoridades Aeroportu\u00e1rias (Conaero), define normas, procedimentos e fluxos de gest\u00e3o e opera\u00e7\u00e3o para \u00e1reas como Seguran\u00e7a e Defesa, Recursos Humanos e Treinamento, Melhorias de Conforto, Acessibilidade, Gerenciamento de Infraestrutura e Capacidade. O plano foi desenvolvido com base na experi\u00eancia adquirida pelo Brasil durante a Copa do Mundo FIFA 2014, a Copa das Confedera\u00e7\u00f5es (2013), a Jornada Mundial da Juventude (2013) e a Confer\u00eancia das Na\u00e7\u00f5es Unidas para Desenvolvimento Sustent\u00e1vel &#8211; Rio+20 (2012).<\/p>\n<p style=\"text-align: justify;\">Ao todo, 39 aer\u00f3dromos, localizados nas cidades-sede e a uma dist\u00e2ncia m\u00e1xima de 200 quil\u00f4metros delas, ser\u00e3o impactados pelas medidas. A coordena\u00e7\u00e3o n\u00e3o afetar\u00e1 os hor\u00e1rios dos voos comerciais regulares, que continuar\u00e3o tendo prioridade. Pousos e decolagens de avi\u00f5es executivos, no entanto, ter\u00e3o suas opera\u00e7\u00f5es condicionadas \u00e0 disponibilidade de hor\u00e1rio e espa\u00e7o para pouso.<\/p>\n<p style=\"text-align: justify;\">O governo federal vai monitorar toda a opera\u00e7\u00e3o a partir de uma Sala de Comando e Controle, localizada no Rio de Janeiro, que deve funcionar de 20 de julho a 24 de setembro de 2016, 24 horas por dia, com representantes de todos os \u00f3rg\u00e3os p\u00fablicos envolvidos. T\u00e9cnicos da Secretaria de Avia\u00e7\u00e3o tamb\u00e9m estar\u00e3o presentes nas chegadas e partidas de voos nacionais e internacionais, principalmente nas datas de competi\u00e7\u00f5es de maior demanda, para acompanhar a movimenta\u00e7\u00e3o.&#8221;Al\u00e9m de seguirmos a enciclop\u00e9dia t\u00e9cnica, queremos que a Olimp\u00edada nos credencie internacionalmente como pa\u00eds especialista em recep\u00e7\u00e3o humanizada. N\u00e3o basta proteger bagagens, implantar fluxos, seguir as regras &#8211; o bom atendimento de um aeroporto diz respeito \u00e0s pessoas, ao tratamento diferenciado, \u00e0 abordagem profissional e acolhedora. Isso tamb\u00e9m pode ser planejado, e tenho certeza que nunca estivemos t\u00e3o prontos como agora&#8221;, afirma o ministro da Avia\u00e7\u00e3o, Eliseu Padilha.<\/p>\n<p style=\"text-align: justify;\"><b>Demanda estimada<\/b><\/p>\n<p style=\"text-align: justify;\">De acordo com diagn\u00f3stico constru\u00eddo pela Secretaria de Avia\u00e7\u00e3o com base na experi\u00eancia ol\u00edmpica de Londres\/2012, os aeroportos dever\u00e3o registrar pelo menos quatro picos de movimenta\u00e7\u00e3o de passageiros durante os Jogos Ol\u00edmpicos e Paral\u00edmpicos.<\/p>\n<p style=\"text-align: justify;\">O recorde de movimenta\u00e7\u00e3o di\u00e1ria nos aeroportos no Pa\u00eds foi de 100 mil passageiros, registrado durante a Jornada Mundial da Juventude, em 2013.<\/p>\n<p style=\"text-align: justify;\"><b>Simulados<\/b><\/p>\n<p style=\"text-align: justify;\">A Secretaria coordena a realiza\u00e7\u00e3o de simulados de acessibilidade aeroportu\u00e1ria para Passageiros com Necessidade de Atendimento Especial (PNAEs). O objetivo \u00e9 testar as opera\u00e7\u00f5es de embarque e desembarque, fluxos aeroportu\u00e1rios e a infraestrutura dos principais terminais envolvidos na opera\u00e7\u00e3o dos Jogos Ol\u00edmpicos e Paral\u00edmpicos Rio 2016.<\/p>\n<p style=\"text-align: justify;\">A agenda \u00e9 uma a\u00e7\u00e3o do subcomit\u00ea de acessibilidade do CTOE, \u00f3rg\u00e3o da Comiss\u00e3o Nacional de Autoridades Aeroportu\u00e1rias (Conaero).A primeira rodada de simulados passou pelos aeroportos do Gale\u00e3o (11\/06), Santos Dumont (11\/07) e Guarulhos (04\/08). Antes disso, o CTOE tamb\u00e9m visitou os terminais de todas as cidades-sede do futebol: Rio de Janeiro, Belo Horizonte, S\u00e3o Paulo, Bras\u00edlia, Salvador e Manaus. O resultado destas visitas foi um diagn\u00f3stico para que os operadores aeroportu\u00e1rios elaborem seus planos de melhoria e adapta\u00e7\u00e3o.<\/p>\n<p style=\"text-align: justify;\">&#8220;O setor de avia\u00e7\u00e3o est\u00e1 lan\u00e7ando todas as diretrizes operacionais com mais de 300 dias de anteced\u00eancia e isso que contribuir decisivamente para o sucesso de um evento de grande magnitude e complexidade para os aeroportos. Se identificarmos alguma fragilidade, ainda teremos tempo de ajustar tudo antes do in\u00edcio da competi\u00e7\u00e3o. E mais do que isso: ficaremos com o legado desse aprendizado&#8221;, explicou o diretor do Departamento de Gest\u00e3o Aeroportu\u00e1ria da Secretaria de Avia\u00e7\u00e3o, Paulo Henrique Possas.<\/p>\n<p style=\"text-align: justify;\"><strong>\u00a0Fonte: Jornal do Brasil.<\/strong><\/p>\n","protected":false},"excerpt":{"rendered":"<p>A Secretaria de Avia\u00e7\u00e3o da Presid\u00eancia da Rep\u00fablica lan\u00e7ou, nesta ter\u00e7a-feira (22.09), uma cartilha para padronizar a &#8230;Continua<\/p>\n","protected":false},"author":2,"featured_media":2410,"comment_status":"open","ping_status":"open","sticky":false,"template":"","format":"standard","meta":{"_acf_changed":false,"footnotes":""},"categories":[14],"tags":[23,117,118,24,25,119],"class_list":["post-2406","post","type-post","status-publish","format-standard","has-post-thumbnail","hentry","category-turismo","tag-acessibilidade","tag-educacao","tag-esporte","tag-noticias-2","tag-o-que-acontece-no-cvi-rio","tag-tecnologia-assistiva"],"acf":[],"yoast_head":"<!-- This site is optimized with the Yoast SEO plugin v26.9 - https:\/\/yoast.com\/product\/yoast-seo-wordpress\/ -->\n<title>Manual de planejamento do setor a\u00e9reo para Rio 2016 - CVI-Rio<\/title>\n<meta name=\"description\" content=\"Manual de planejamento do setor a\u00e9reo para Rio 2016\" \/>\n<meta name=\"robots\" content=\"index, follow, max-snippet:-1, max-image-preview:large, max-video-preview:-1\" \/>\n<link rel=\"canonical\" href=\"https:\/\/www.cvi-rio.org.br\/site\/manual-de-planejamento-do-setor-aereo-para-rio-2016\/\" \/>\n<meta property=\"og:locale\" content=\"pt_BR\" \/>\n<meta property=\"og:type\" content=\"article\" \/>\n<meta property=\"og:title\" content=\"Manual de planejamento do setor a\u00e9reo para Rio 2016 - CVI-Rio\" \/>\n<meta property=\"og:description\" content=\"Manual de planejamento do setor a\u00e9reo para Rio 2016\" \/>\n<meta property=\"og:url\" content=\"https:\/\/www.cvi-rio.org.br\/site\/manual-de-planejamento-do-setor-aereo-para-rio-2016\/\" \/>\n<meta property=\"og:site_name\" content=\"CVI-Rio\" \/>\n<meta property=\"article:publisher\" content=\"https:\/\/www.facebook.com\/cvi.rio\" \/>\n<meta property=\"article:published_time\" content=\"2015-10-01T12:55:38+00:00\" \/>\n<meta property=\"article:modified_time\" content=\"2015-12-15T13:13:24+00:00\" \/>\n<meta property=\"og:image\" content=\"https:\/\/www.cvi-rio.org.br\/site\/wp-content\/uploads\/2015\/10\/Aeroporto-368-x-122.png\" \/>\n\t<meta property=\"og:image:width\" content=\"368\" \/>\n\t<meta property=\"og:image:height\" content=\"122\" \/>\n\t<meta property=\"og:image:type\" content=\"image\/png\" \/>\n<meta name=\"author\" content=\"cvi-rio\" \/>\n<meta name=\"twitter:card\" content=\"summary_large_image\" \/>\n<meta name=\"twitter:creator\" content=\"@cvirio\" \/>\n<meta name=\"twitter:site\" content=\"@cvirio\" \/>\n<meta name=\"twitter:label1\" content=\"Escrito por\" \/>\n\t<meta name=\"twitter:data1\" content=\"cvi-rio\" \/>\n\t<meta name=\"twitter:label2\" content=\"Est. tempo de leitura\" \/>\n\t<meta name=\"twitter:data2\" content=\"4 minutos\" \/>\n<script type=\"application\/ld+json\" class=\"yoast-schema-graph\">{\"@context\":\"https:\/\/schema.org\",\"@graph\":[{\"@type\":\"Article\",\"@id\":\"https:\/\/www.cvi-rio.org.br\/site\/manual-de-planejamento-do-setor-aereo-para-rio-2016\/#article\",\"isPartOf\":{\"@id\":\"https:\/\/www.cvi-rio.org.br\/site\/manual-de-planejamento-do-setor-aereo-para-rio-2016\/\"},\"author\":{\"name\":\"cvi-rio\",\"@id\":\"https:\/\/www.cvi-rio.org.br\/site\/#\/schema\/person\/41c81e5eb29944f8144dd6d144627d3f\"},\"headline\":\"Manual de planejamento do setor a\u00e9reo para Rio 2016\",\"datePublished\":\"2015-10-01T12:55:38+00:00\",\"dateModified\":\"2015-12-15T13:13:24+00:00\",\"mainEntityOfPage\":{\"@id\":\"https:\/\/www.cvi-rio.org.br\/site\/manual-de-planejamento-do-setor-aereo-para-rio-2016\/\"},\"wordCount\":756,\"commentCount\":0,\"image\":{\"@id\":\"https:\/\/www.cvi-rio.org.br\/site\/manual-de-planejamento-do-setor-aereo-para-rio-2016\/#primaryimage\"},\"thumbnailUrl\":\"https:\/\/www.cvi-rio.org.br\/site\/wp-content\/uploads\/2015\/10\/Aeroporto-368-x-122.png\",\"keywords\":[\"Acessibilidade\",\"Educa\u00e7\u00e3o\",\"Esporte\",\"not\u00edcias\",\"o-que-acontece-no-cvi-rio\",\"Tecnologia Assistiva\"],\"articleSection\":[\"Turismo\"],\"inLanguage\":\"pt-BR\",\"potentialAction\":[{\"@type\":\"CommentAction\",\"name\":\"Comment\",\"target\":[\"https:\/\/www.cvi-rio.org.br\/site\/manual-de-planejamento-do-setor-aereo-para-rio-2016\/#respond\"]}]},{\"@type\":\"WebPage\",\"@id\":\"https:\/\/www.cvi-rio.org.br\/site\/manual-de-planejamento-do-setor-aereo-para-rio-2016\/\",\"url\":\"https:\/\/www.cvi-rio.org.br\/site\/manual-de-planejamento-do-setor-aereo-para-rio-2016\/\",\"name\":\"Manual de planejamento do setor a\u00e9reo para Rio 2016 - CVI-Rio\",\"isPartOf\":{\"@id\":\"https:\/\/www.cvi-rio.org.br\/site\/#website\"},\"primaryImageOfPage\":{\"@id\":\"https:\/\/www.cvi-rio.org.br\/site\/manual-de-planejamento-do-setor-aereo-para-rio-2016\/#primaryimage\"},\"image\":{\"@id\":\"https:\/\/www.cvi-rio.org.br\/site\/manual-de-planejamento-do-setor-aereo-para-rio-2016\/#primaryimage\"},\"thumbnailUrl\":\"https:\/\/www.cvi-rio.org.br\/site\/wp-content\/uploads\/2015\/10\/Aeroporto-368-x-122.png\",\"datePublished\":\"2015-10-01T12:55:38+00:00\",\"dateModified\":\"2015-12-15T13:13:24+00:00\",\"author\":{\"@id\":\"https:\/\/www.cvi-rio.org.br\/site\/#\/schema\/person\/41c81e5eb29944f8144dd6d144627d3f\"},\"description\":\"Manual de planejamento do setor a\u00e9reo para Rio 2016\",\"breadcrumb\":{\"@id\":\"https:\/\/www.cvi-rio.org.br\/site\/manual-de-planejamento-do-setor-aereo-para-rio-2016\/#breadcrumb\"},\"inLanguage\":\"pt-BR\",\"potentialAction\":[{\"@type\":\"ReadAction\",\"target\":[\"https:\/\/www.cvi-rio.org.br\/site\/manual-de-planejamento-do-setor-aereo-para-rio-2016\/\"]}]},{\"@type\":\"ImageObject\",\"inLanguage\":\"pt-BR\",\"@id\":\"https:\/\/www.cvi-rio.org.br\/site\/manual-de-planejamento-do-setor-aereo-para-rio-2016\/#primaryimage\",\"url\":\"https:\/\/www.cvi-rio.org.br\/site\/wp-content\/uploads\/2015\/10\/Aeroporto-368-x-122.png\",\"contentUrl\":\"https:\/\/www.cvi-rio.org.br\/site\/wp-content\/uploads\/2015\/10\/Aeroporto-368-x-122.png\",\"width\":368,\"height\":122,\"caption\":\"CTOE cria cartilha para padroniza\u00e7\u00e3o de servi\u00e7os nos aeroportos para Jogos Ol\u00edmpicos e Paraol\u00edmpicos Rio 2016\"},{\"@type\":\"BreadcrumbList\",\"@id\":\"https:\/\/www.cvi-rio.org.br\/site\/manual-de-planejamento-do-setor-aereo-para-rio-2016\/#breadcrumb\",\"itemListElement\":[{\"@type\":\"ListItem\",\"position\":1,\"name\":\"In\u00edcio\",\"item\":\"https:\/\/www.cvi-rio.org.br\/site\/\"},{\"@type\":\"ListItem\",\"position\":2,\"name\":\"Manual de planejamento do setor a\u00e9reo para Rio 2016\"}]},{\"@type\":\"WebSite\",\"@id\":\"https:\/\/www.cvi-rio.org.br\/site\/#website\",\"url\":\"https:\/\/www.cvi-rio.org.br\/site\/\",\"name\":\"CVI-Rio\",\"description\":\"Sua limita\u00e7\u00e3o n\u00e3o \u00e9 o seu limite.\",\"potentialAction\":[{\"@type\":\"SearchAction\",\"target\":{\"@type\":\"EntryPoint\",\"urlTemplate\":\"https:\/\/www.cvi-rio.org.br\/site\/?s={search_term_string}\"},\"query-input\":{\"@type\":\"PropertyValueSpecification\",\"valueRequired\":true,\"valueName\":\"search_term_string\"}}],\"inLanguage\":\"pt-BR\"},{\"@type\":\"Person\",\"@id\":\"https:\/\/www.cvi-rio.org.br\/site\/#\/schema\/person\/41c81e5eb29944f8144dd6d144627d3f\",\"name\":\"cvi-rio\",\"image\":{\"@type\":\"ImageObject\",\"inLanguage\":\"pt-BR\",\"@id\":\"https:\/\/www.cvi-rio.org.br\/site\/#\/schema\/person\/image\/\",\"url\":\"https:\/\/secure.gravatar.com\/avatar\/5390358606d9f428f7de6d157423965d1225340234040c6f875c582d042db721?s=96&d=mm&r=g\",\"contentUrl\":\"https:\/\/secure.gravatar.com\/avatar\/5390358606d9f428f7de6d157423965d1225340234040c6f875c582d042db721?s=96&d=mm&r=g\",\"caption\":\"cvi-rio\"},\"sameAs\":[\"http:\/\/www.cvi-rio.org.br\/site\"],\"url\":\"https:\/\/www.cvi-rio.org.br\/site\/author\/admin\/\"}]}<\/script>\n<!-- \/ Yoast SEO plugin. -->","yoast_head_json":{"title":"Manual de planejamento do setor a\u00e9reo para Rio 2016 - CVI-Rio","description":"Manual de planejamento do setor a\u00e9reo para Rio 2016","robots":{"index":"index","follow":"follow","max-snippet":"max-snippet:-1","max-image-preview":"max-image-preview:large","max-video-preview":"max-video-preview:-1"},"canonical":"https:\/\/www.cvi-rio.org.br\/site\/manual-de-planejamento-do-setor-aereo-para-rio-2016\/","og_locale":"pt_BR","og_type":"article","og_title":"Manual de planejamento do setor a\u00e9reo para Rio 2016 - CVI-Rio","og_description":"Manual de planejamento do setor a\u00e9reo para Rio 2016","og_url":"https:\/\/www.cvi-rio.org.br\/site\/manual-de-planejamento-do-setor-aereo-para-rio-2016\/","og_site_name":"CVI-Rio","article_publisher":"https:\/\/www.facebook.com\/cvi.rio","article_published_time":"2015-10-01T12:55:38+00:00","article_modified_time":"2015-12-15T13:13:24+00:00","og_image":[{"width":368,"height":122,"url":"https:\/\/www.cvi-rio.org.br\/site\/wp-content\/uploads\/2015\/10\/Aeroporto-368-x-122.png","type":"image\/png"}],"author":"cvi-rio","twitter_card":"summary_large_image","twitter_creator":"@cvirio","twitter_site":"@cvirio","twitter_misc":{"Escrito por":"cvi-rio","Est. tempo de leitura":"4 minutos"},"schema":{"@context":"https:\/\/schema.org","@graph":[{"@type":"Article","@id":"https:\/\/www.cvi-rio.org.br\/site\/manual-de-planejamento-do-setor-aereo-para-rio-2016\/#article","isPartOf":{"@id":"https:\/\/www.cvi-rio.org.br\/site\/manual-de-planejamento-do-setor-aereo-para-rio-2016\/"},"author":{"name":"cvi-rio","@id":"https:\/\/www.cvi-rio.org.br\/site\/#\/schema\/person\/41c81e5eb29944f8144dd6d144627d3f"},"headline":"Manual de planejamento do setor a\u00e9reo para Rio 2016","datePublished":"2015-10-01T12:55:38+00:00","dateModified":"2015-12-15T13:13:24+00:00","mainEntityOfPage":{"@id":"https:\/\/www.cvi-rio.org.br\/site\/manual-de-planejamento-do-setor-aereo-para-rio-2016\/"},"wordCount":756,"commentCount":0,"image":{"@id":"https:\/\/www.cvi-rio.org.br\/site\/manual-de-planejamento-do-setor-aereo-para-rio-2016\/#primaryimage"},"thumbnailUrl":"https:\/\/www.cvi-rio.org.br\/site\/wp-content\/uploads\/2015\/10\/Aeroporto-368-x-122.png","keywords":["Acessibilidade","Educa\u00e7\u00e3o","Esporte","not\u00edcias","o-que-acontece-no-cvi-rio","Tecnologia Assistiva"],"articleSection":["Turismo"],"inLanguage":"pt-BR","potentialAction":[{"@type":"CommentAction","name":"Comment","target":["https:\/\/www.cvi-rio.org.br\/site\/manual-de-planejamento-do-setor-aereo-para-rio-2016\/#respond"]}]},{"@type":"WebPage","@id":"https:\/\/www.cvi-rio.org.br\/site\/manual-de-planejamento-do-setor-aereo-para-rio-2016\/","url":"https:\/\/www.cvi-rio.org.br\/site\/manual-de-planejamento-do-setor-aereo-para-rio-2016\/","name":"Manual de planejamento do setor a\u00e9reo para Rio 2016 - CVI-Rio","isPartOf":{"@id":"https:\/\/www.cvi-rio.org.br\/site\/#website"},"primaryImageOfPage":{"@id":"https:\/\/www.cvi-rio.org.br\/site\/manual-de-planejamento-do-setor-aereo-para-rio-2016\/#primaryimage"},"image":{"@id":"https:\/\/www.cvi-rio.org.br\/site\/manual-de-planejamento-do-setor-aereo-para-rio-2016\/#primaryimage"},"thumbnailUrl":"https:\/\/www.cvi-rio.org.br\/site\/wp-content\/uploads\/2015\/10\/Aeroporto-368-x-122.png","datePublished":"2015-10-01T12:55:38+00:00","dateModified":"2015-12-15T13:13:24+00:00","author":{"@id":"https:\/\/www.cvi-rio.org.br\/site\/#\/schema\/person\/41c81e5eb29944f8144dd6d144627d3f"},"description":"Manual de planejamento do setor a\u00e9reo para Rio 2016","breadcrumb":{"@id":"https:\/\/www.cvi-rio.org.br\/site\/manual-de-planejamento-do-setor-aereo-para-rio-2016\/#breadcrumb"},"inLanguage":"pt-BR","potentialAction":[{"@type":"ReadAction","target":["https:\/\/www.cvi-rio.org.br\/site\/manual-de-planejamento-do-setor-aereo-para-rio-2016\/"]}]},{"@type":"ImageObject","inLanguage":"pt-BR","@id":"https:\/\/www.cvi-rio.org.br\/site\/manual-de-planejamento-do-setor-aereo-para-rio-2016\/#primaryimage","url":"https:\/\/www.cvi-rio.org.br\/site\/wp-content\/uploads\/2015\/10\/Aeroporto-368-x-122.png","contentUrl":"https:\/\/www.cvi-rio.org.br\/site\/wp-content\/uploads\/2015\/10\/Aeroporto-368-x-122.png","width":368,"height":122,"caption":"CTOE cria cartilha para padroniza\u00e7\u00e3o de servi\u00e7os nos aeroportos para Jogos Ol\u00edmpicos e Paraol\u00edmpicos Rio 2016"},{"@type":"BreadcrumbList","@id":"https:\/\/www.cvi-rio.org.br\/site\/manual-de-planejamento-do-setor-aereo-para-rio-2016\/#breadcrumb","itemListElement":[{"@type":"ListItem","position":1,"name":"In\u00edcio","item":"https:\/\/www.cvi-rio.org.br\/site\/"},{"@type":"ListItem","position":2,"name":"Manual de planejamento do setor a\u00e9reo para Rio 2016"}]},{"@type":"WebSite","@id":"https:\/\/www.cvi-rio.org.br\/site\/#website","url":"https:\/\/www.cvi-rio.org.br\/site\/","name":"CVI-Rio","description":"Sua limita\u00e7\u00e3o n\u00e3o \u00e9 o seu limite.","potentialAction":[{"@type":"SearchAction","target":{"@type":"EntryPoint","urlTemplate":"https:\/\/www.cvi-rio.org.br\/site\/?s={search_term_string}"},"query-input":{"@type":"PropertyValueSpecification","valueRequired":true,"valueName":"search_term_string"}}],"inLanguage":"pt-BR"},{"@type":"Person","@id":"https:\/\/www.cvi-rio.org.br\/site\/#\/schema\/person\/41c81e5eb29944f8144dd6d144627d3f","name":"cvi-rio","image":{"@type":"ImageObject","inLanguage":"pt-BR","@id":"https:\/\/www.cvi-rio.org.br\/site\/#\/schema\/person\/image\/","url":"https:\/\/secure.gravatar.com\/avatar\/5390358606d9f428f7de6d157423965d1225340234040c6f875c582d042db721?s=96&d=mm&r=g","contentUrl":"https:\/\/secure.gravatar.com\/avatar\/5390358606d9f428f7de6d157423965d1225340234040c6f875c582d042db721?s=96&d=mm&r=g","caption":"cvi-rio"},"sameAs":["http:\/\/www.cvi-rio.org.br\/site"],"url":"https:\/\/www.cvi-rio.org.br\/site\/author\/admin\/"}]}},"_links":{"self":[{"href":"https:\/\/www.cvi-rio.org.br\/site\/wp-json\/wp\/v2\/posts\/2406","targetHints":{"allow":["GET"]}}],"collection":[{"href":"https:\/\/www.cvi-rio.org.br\/site\/wp-json\/wp\/v2\/posts"}],"about":[{"href":"https:\/\/www.cvi-rio.org.br\/site\/wp-json\/wp\/v2\/types\/post"}],"author":[{"embeddable":true,"href":"https:\/\/www.cvi-rio.org.br\/site\/wp-json\/wp\/v2\/users\/2"}],"replies":[{"embeddable":true,"href":"https:\/\/www.cvi-rio.org.br\/site\/wp-json\/wp\/v2\/comments?post=2406"}],"version-history":[{"count":8,"href":"https:\/\/www.cvi-rio.org.br\/site\/wp-json\/wp\/v2\/posts\/2406\/revisions"}],"predecessor-version":[{"id":2876,"href":"https:\/\/www.cvi-rio.org.br\/site\/wp-json\/wp\/v2\/posts\/2406\/revisions\/2876"}],"wp:featuredmedia":[{"embeddable":true,"href":"https:\/\/www.cvi-rio.org.br\/site\/wp-json\/wp\/v2\/media\/2410"}],"wp:attachment":[{"href":"https:\/\/www.cvi-rio.org.br\/site\/wp-json\/wp\/v2\/media?parent=2406"}],"wp:term":[{"taxonomy":"category","embeddable":true,"href":"https:\/\/www.cvi-rio.org.br\/site\/wp-json\/wp\/v2\/categories?post=2406"},{"taxonomy":"post_tag","embeddable":true,"href":"https:\/\/www.cvi-rio.org.br\/site\/wp-json\/wp\/v2\/tags?post=2406"}],"curies":[{"name":"wp","href":"https:\/\/api.w.org\/{rel}","templated":true}]}}