{"id":2133,"date":"2015-08-28T10:39:54","date_gmt":"2015-08-28T13:39:54","guid":{"rendered":"http:\/\/www.cvi-rio.org.br\/site\/?p=2133"},"modified":"2015-12-15T10:29:08","modified_gmt":"2015-12-15T13:29:08","slug":"mtur-aposta-em-turismo-sensorial-para-viajantes-com-deficiencia","status":"publish","type":"post","link":"https:\/\/www.cvi-rio.org.br\/site\/mtur-aposta-em-turismo-sensorial-para-viajantes-com-deficiencia\/","title":{"rendered":"MTur aposta em turismo sensorial para viajantes com defici\u00eancia"},"content":{"rendered":"<p style=\"text-align: justify;\"><a href=\"http:\/\/www.cvi-rio.org.br\/site\/wp-content\/uploads\/2015\/08\/Jardim-Sensorial.jpg\"><img loading=\"lazy\" decoding=\"async\" class=\"alignleft size-full wp-image-2134\" src=\"http:\/\/www.cvi-rio.org.br\/site\/wp-content\/uploads\/2015\/08\/Jardim-Sensorial.jpg\" alt=\"MTur aposta em turismo sensorial para viajantes com defici\u00eancia\" width=\"300\" height=\"225\" \/><\/a>O Minist\u00e9rio do Turismo aposta na experi\u00eancia sensorial para enriquecer a experi\u00eancia do viajante com defici\u00eancia. Desta forma, a pasta lidou alguns lugares que oferecem essa possibilidade. O Jardim Bot\u00e2nico do Rio de Janeiro, por exemplo, oferece o contato com orqu\u00eddeas, p\u00e9s de manjeric\u00e3o, alecrim, s\u00e1lvia e menta de diferentes texturas e aromas, dispostas especialmente para agu\u00e7ar os sentidos, principalmente o tato e o olfato.<\/p>\n<p style=\"text-align: justify;\"><strong>Funcionamento do Jardim Sensorial<\/strong><br \/>\nSegunda-feira, das 13h30 \u00e0s 16h30.<br \/>\nDe ter\u00e7a a sexta-feira, das 8h30 \u00e0s 11h30 e das 13h30 \u00e0s 16h30.<br \/>\nS\u00e1bados, domingos e feriados, das 10h \u00e0s 15h.<br \/>\nAgendamento de grupos (at\u00e9 10 pessoas) e visita escolar: (21) 3204-2886<br \/>\nAcesso pela Rua Jardim Bot\u00e2nico, 1008. &#8211; See more at:<\/p>\n<p style=\"text-align: justify;\">http:\/\/jbrj.gov.br\/node\/500#sthash.eACbz75Y.dpuf<\/p>\n<p style=\"text-align: justify;\">O Zool\u00f3gico de Bras\u00edlia oferece passeios quinzenais a grupos de at\u00e9 15 pessoas e permite aos visitantes tocar em animais vivos e\u00a0 empalhados, segundo a diretora de Conscientiza\u00e7\u00e3o Ambiental do Zool\u00f3gico, Marcelle Silveira.<\/p>\n<p style=\"text-align: justify;\">O sabor e o aroma de bebidas como caf\u00e9 e vinho foram apreciados em uma visita\u00e7\u00e3o piloto em uma fazenda de Araguari (MG), de acordo com Viviane Lemes, dona de uma ag\u00eancia de viagens que atua em roteiros tur\u00edsticos relacionados ao caf\u00e9.<\/p>\n<p style=\"text-align: justify;\">Segundo Rosangela Barqueiro, da Associa\u00e7\u00e3o Brasileira de Assist\u00eancia \u00e0 Pessoa com Defici\u00eancia Visual, pequenas adapta\u00e7\u00f5es s\u00e3o suficientes para incluir o deficiente visual no turismo. \u201cA capacita\u00e7\u00e3o de guias e atendentes para lidar com esse tipo de p\u00fablico pode resolver a maior parte dos problemas no segmento\u201d, afirma. Segundo Rosangela, outro desafio \u00e9 oferecer audiodescri\u00e7\u00e3o e textos em braile.<\/p>\n<p style=\"text-align: justify;\"><strong>Fonte: Mercado &amp; Eventos.<\/strong><\/p>\n","protected":false},"excerpt":{"rendered":"<p>O Minist\u00e9rio do Turismo aposta na experi\u00eancia sensorial para enriquecer a experi\u00eancia do viajante com defici\u00eancia. Desta&#8230;Continua<\/p>\n","protected":false},"author":2,"featured_media":2137,"comment_status":"open","ping_status":"open","sticky":false,"template":"","format":"standard","meta":{"_acf_changed":false,"footnotes":""},"categories":[14],"tags":[23,117,118,24,25,119],"class_list":["post-2133","post","type-post","status-publish","format-standard","has-post-thumbnail","hentry","category-turismo","tag-acessibilidade","tag-educacao","tag-esporte","tag-noticias-2","tag-o-que-acontece-no-cvi-rio","tag-tecnologia-assistiva"],"acf":[],"yoast_head":"<!-- This site is optimized with the Yoast SEO plugin v26.9 - https:\/\/yoast.com\/product\/yoast-seo-wordpress\/ -->\n<title>MTur aposta em turismo sensorial para viajantes com defici\u00eancia - CVI-Rio<\/title>\n<meta name=\"description\" content=\"MTur aposta em turismo sensorial para viajantes com defici\u00eancia\" \/>\n<meta name=\"robots\" content=\"index, follow, max-snippet:-1, max-image-preview:large, max-video-preview:-1\" \/>\n<link rel=\"canonical\" href=\"https:\/\/www.cvi-rio.org.br\/site\/mtur-aposta-em-turismo-sensorial-para-viajantes-com-deficiencia\/\" \/>\n<meta property=\"og:locale\" content=\"pt_BR\" \/>\n<meta property=\"og:type\" content=\"article\" \/>\n<meta property=\"og:title\" content=\"MTur aposta em turismo sensorial para viajantes com defici\u00eancia - CVI-Rio\" \/>\n<meta property=\"og:description\" content=\"MTur aposta em turismo sensorial para viajantes com defici\u00eancia\" \/>\n<meta property=\"og:url\" content=\"https:\/\/www.cvi-rio.org.br\/site\/mtur-aposta-em-turismo-sensorial-para-viajantes-com-deficiencia\/\" \/>\n<meta property=\"og:site_name\" content=\"CVI-Rio\" \/>\n<meta property=\"article:publisher\" content=\"https:\/\/www.facebook.com\/cvi.rio\" \/>\n<meta property=\"article:published_time\" content=\"2015-08-28T13:39:54+00:00\" \/>\n<meta property=\"article:modified_time\" content=\"2015-12-15T13:29:08+00:00\" \/>\n<meta property=\"og:image\" content=\"https:\/\/www.cvi-rio.org.br\/site\/wp-content\/uploads\/2015\/08\/Sensorial-368-x-122.png\" \/>\n\t<meta property=\"og:image:width\" content=\"368\" \/>\n\t<meta property=\"og:image:height\" content=\"122\" \/>\n\t<meta property=\"og:image:type\" content=\"image\/png\" \/>\n<meta name=\"author\" content=\"cvi-rio\" \/>\n<meta name=\"twitter:card\" content=\"summary_large_image\" \/>\n<meta name=\"twitter:creator\" content=\"@cvirio\" \/>\n<meta name=\"twitter:site\" content=\"@cvirio\" \/>\n<meta name=\"twitter:label1\" content=\"Escrito por\" \/>\n\t<meta name=\"twitter:data1\" content=\"cvi-rio\" \/>\n\t<meta name=\"twitter:label2\" content=\"Est. tempo de leitura\" \/>\n\t<meta name=\"twitter:data2\" content=\"1 minuto\" \/>\n<script type=\"application\/ld+json\" class=\"yoast-schema-graph\">{\"@context\":\"https:\/\/schema.org\",\"@graph\":[{\"@type\":\"Article\",\"@id\":\"https:\/\/www.cvi-rio.org.br\/site\/mtur-aposta-em-turismo-sensorial-para-viajantes-com-deficiencia\/#article\",\"isPartOf\":{\"@id\":\"https:\/\/www.cvi-rio.org.br\/site\/mtur-aposta-em-turismo-sensorial-para-viajantes-com-deficiencia\/\"},\"author\":{\"name\":\"cvi-rio\",\"@id\":\"https:\/\/www.cvi-rio.org.br\/site\/#\/schema\/person\/41c81e5eb29944f8144dd6d144627d3f\"},\"headline\":\"MTur aposta em turismo sensorial para viajantes com defici\u00eancia\",\"datePublished\":\"2015-08-28T13:39:54+00:00\",\"dateModified\":\"2015-12-15T13:29:08+00:00\",\"mainEntityOfPage\":{\"@id\":\"https:\/\/www.cvi-rio.org.br\/site\/mtur-aposta-em-turismo-sensorial-para-viajantes-com-deficiencia\/\"},\"wordCount\":294,\"commentCount\":0,\"image\":{\"@id\":\"https:\/\/www.cvi-rio.org.br\/site\/mtur-aposta-em-turismo-sensorial-para-viajantes-com-deficiencia\/#primaryimage\"},\"thumbnailUrl\":\"https:\/\/www.cvi-rio.org.br\/site\/wp-content\/uploads\/2015\/08\/Sensorial-368-x-122.png\",\"keywords\":[\"Acessibilidade\",\"Educa\u00e7\u00e3o\",\"Esporte\",\"not\u00edcias\",\"o-que-acontece-no-cvi-rio\",\"Tecnologia Assistiva\"],\"articleSection\":[\"Turismo\"],\"inLanguage\":\"pt-BR\",\"potentialAction\":[{\"@type\":\"CommentAction\",\"name\":\"Comment\",\"target\":[\"https:\/\/www.cvi-rio.org.br\/site\/mtur-aposta-em-turismo-sensorial-para-viajantes-com-deficiencia\/#respond\"]}]},{\"@type\":\"WebPage\",\"@id\":\"https:\/\/www.cvi-rio.org.br\/site\/mtur-aposta-em-turismo-sensorial-para-viajantes-com-deficiencia\/\",\"url\":\"https:\/\/www.cvi-rio.org.br\/site\/mtur-aposta-em-turismo-sensorial-para-viajantes-com-deficiencia\/\",\"name\":\"MTur aposta em turismo sensorial para viajantes com defici\u00eancia - CVI-Rio\",\"isPartOf\":{\"@id\":\"https:\/\/www.cvi-rio.org.br\/site\/#website\"},\"primaryImageOfPage\":{\"@id\":\"https:\/\/www.cvi-rio.org.br\/site\/mtur-aposta-em-turismo-sensorial-para-viajantes-com-deficiencia\/#primaryimage\"},\"image\":{\"@id\":\"https:\/\/www.cvi-rio.org.br\/site\/mtur-aposta-em-turismo-sensorial-para-viajantes-com-deficiencia\/#primaryimage\"},\"thumbnailUrl\":\"https:\/\/www.cvi-rio.org.br\/site\/wp-content\/uploads\/2015\/08\/Sensorial-368-x-122.png\",\"datePublished\":\"2015-08-28T13:39:54+00:00\",\"dateModified\":\"2015-12-15T13:29:08+00:00\",\"author\":{\"@id\":\"https:\/\/www.cvi-rio.org.br\/site\/#\/schema\/person\/41c81e5eb29944f8144dd6d144627d3f\"},\"description\":\"MTur aposta em turismo sensorial para viajantes com defici\u00eancia\",\"breadcrumb\":{\"@id\":\"https:\/\/www.cvi-rio.org.br\/site\/mtur-aposta-em-turismo-sensorial-para-viajantes-com-deficiencia\/#breadcrumb\"},\"inLanguage\":\"pt-BR\",\"potentialAction\":[{\"@type\":\"ReadAction\",\"target\":[\"https:\/\/www.cvi-rio.org.br\/site\/mtur-aposta-em-turismo-sensorial-para-viajantes-com-deficiencia\/\"]}]},{\"@type\":\"ImageObject\",\"inLanguage\":\"pt-BR\",\"@id\":\"https:\/\/www.cvi-rio.org.br\/site\/mtur-aposta-em-turismo-sensorial-para-viajantes-com-deficiencia\/#primaryimage\",\"url\":\"https:\/\/www.cvi-rio.org.br\/site\/wp-content\/uploads\/2015\/08\/Sensorial-368-x-122.png\",\"contentUrl\":\"https:\/\/www.cvi-rio.org.br\/site\/wp-content\/uploads\/2015\/08\/Sensorial-368-x-122.png\",\"width\":368,\"height\":122,\"caption\":\"MTur aposta em turismo sensorial para viajantes com defici\u00eancia 368-x-122\"},{\"@type\":\"BreadcrumbList\",\"@id\":\"https:\/\/www.cvi-rio.org.br\/site\/mtur-aposta-em-turismo-sensorial-para-viajantes-com-deficiencia\/#breadcrumb\",\"itemListElement\":[{\"@type\":\"ListItem\",\"position\":1,\"name\":\"In\u00edcio\",\"item\":\"https:\/\/www.cvi-rio.org.br\/site\/\"},{\"@type\":\"ListItem\",\"position\":2,\"name\":\"MTur aposta em turismo sensorial para viajantes com defici\u00eancia\"}]},{\"@type\":\"WebSite\",\"@id\":\"https:\/\/www.cvi-rio.org.br\/site\/#website\",\"url\":\"https:\/\/www.cvi-rio.org.br\/site\/\",\"name\":\"CVI-Rio\",\"description\":\"Sua limita\u00e7\u00e3o n\u00e3o \u00e9 o seu limite.\",\"potentialAction\":[{\"@type\":\"SearchAction\",\"target\":{\"@type\":\"EntryPoint\",\"urlTemplate\":\"https:\/\/www.cvi-rio.org.br\/site\/?s={search_term_string}\"},\"query-input\":{\"@type\":\"PropertyValueSpecification\",\"valueRequired\":true,\"valueName\":\"search_term_string\"}}],\"inLanguage\":\"pt-BR\"},{\"@type\":\"Person\",\"@id\":\"https:\/\/www.cvi-rio.org.br\/site\/#\/schema\/person\/41c81e5eb29944f8144dd6d144627d3f\",\"name\":\"cvi-rio\",\"image\":{\"@type\":\"ImageObject\",\"inLanguage\":\"pt-BR\",\"@id\":\"https:\/\/www.cvi-rio.org.br\/site\/#\/schema\/person\/image\/\",\"url\":\"https:\/\/secure.gravatar.com\/avatar\/5390358606d9f428f7de6d157423965d1225340234040c6f875c582d042db721?s=96&d=mm&r=g\",\"contentUrl\":\"https:\/\/secure.gravatar.com\/avatar\/5390358606d9f428f7de6d157423965d1225340234040c6f875c582d042db721?s=96&d=mm&r=g\",\"caption\":\"cvi-rio\"},\"sameAs\":[\"http:\/\/www.cvi-rio.org.br\/site\"],\"url\":\"https:\/\/www.cvi-rio.org.br\/site\/author\/admin\/\"}]}<\/script>\n<!-- \/ Yoast SEO plugin. -->","yoast_head_json":{"title":"MTur aposta em turismo sensorial para viajantes com defici\u00eancia - CVI-Rio","description":"MTur aposta em turismo sensorial para viajantes com defici\u00eancia","robots":{"index":"index","follow":"follow","max-snippet":"max-snippet:-1","max-image-preview":"max-image-preview:large","max-video-preview":"max-video-preview:-1"},"canonical":"https:\/\/www.cvi-rio.org.br\/site\/mtur-aposta-em-turismo-sensorial-para-viajantes-com-deficiencia\/","og_locale":"pt_BR","og_type":"article","og_title":"MTur aposta em turismo sensorial para viajantes com defici\u00eancia - CVI-Rio","og_description":"MTur aposta em turismo sensorial para viajantes com defici\u00eancia","og_url":"https:\/\/www.cvi-rio.org.br\/site\/mtur-aposta-em-turismo-sensorial-para-viajantes-com-deficiencia\/","og_site_name":"CVI-Rio","article_publisher":"https:\/\/www.facebook.com\/cvi.rio","article_published_time":"2015-08-28T13:39:54+00:00","article_modified_time":"2015-12-15T13:29:08+00:00","og_image":[{"width":368,"height":122,"url":"https:\/\/www.cvi-rio.org.br\/site\/wp-content\/uploads\/2015\/08\/Sensorial-368-x-122.png","type":"image\/png"}],"author":"cvi-rio","twitter_card":"summary_large_image","twitter_creator":"@cvirio","twitter_site":"@cvirio","twitter_misc":{"Escrito por":"cvi-rio","Est. tempo de leitura":"1 minuto"},"schema":{"@context":"https:\/\/schema.org","@graph":[{"@type":"Article","@id":"https:\/\/www.cvi-rio.org.br\/site\/mtur-aposta-em-turismo-sensorial-para-viajantes-com-deficiencia\/#article","isPartOf":{"@id":"https:\/\/www.cvi-rio.org.br\/site\/mtur-aposta-em-turismo-sensorial-para-viajantes-com-deficiencia\/"},"author":{"name":"cvi-rio","@id":"https:\/\/www.cvi-rio.org.br\/site\/#\/schema\/person\/41c81e5eb29944f8144dd6d144627d3f"},"headline":"MTur aposta em turismo sensorial para viajantes com defici\u00eancia","datePublished":"2015-08-28T13:39:54+00:00","dateModified":"2015-12-15T13:29:08+00:00","mainEntityOfPage":{"@id":"https:\/\/www.cvi-rio.org.br\/site\/mtur-aposta-em-turismo-sensorial-para-viajantes-com-deficiencia\/"},"wordCount":294,"commentCount":0,"image":{"@id":"https:\/\/www.cvi-rio.org.br\/site\/mtur-aposta-em-turismo-sensorial-para-viajantes-com-deficiencia\/#primaryimage"},"thumbnailUrl":"https:\/\/www.cvi-rio.org.br\/site\/wp-content\/uploads\/2015\/08\/Sensorial-368-x-122.png","keywords":["Acessibilidade","Educa\u00e7\u00e3o","Esporte","not\u00edcias","o-que-acontece-no-cvi-rio","Tecnologia Assistiva"],"articleSection":["Turismo"],"inLanguage":"pt-BR","potentialAction":[{"@type":"CommentAction","name":"Comment","target":["https:\/\/www.cvi-rio.org.br\/site\/mtur-aposta-em-turismo-sensorial-para-viajantes-com-deficiencia\/#respond"]}]},{"@type":"WebPage","@id":"https:\/\/www.cvi-rio.org.br\/site\/mtur-aposta-em-turismo-sensorial-para-viajantes-com-deficiencia\/","url":"https:\/\/www.cvi-rio.org.br\/site\/mtur-aposta-em-turismo-sensorial-para-viajantes-com-deficiencia\/","name":"MTur aposta em turismo sensorial para viajantes com defici\u00eancia - CVI-Rio","isPartOf":{"@id":"https:\/\/www.cvi-rio.org.br\/site\/#website"},"primaryImageOfPage":{"@id":"https:\/\/www.cvi-rio.org.br\/site\/mtur-aposta-em-turismo-sensorial-para-viajantes-com-deficiencia\/#primaryimage"},"image":{"@id":"https:\/\/www.cvi-rio.org.br\/site\/mtur-aposta-em-turismo-sensorial-para-viajantes-com-deficiencia\/#primaryimage"},"thumbnailUrl":"https:\/\/www.cvi-rio.org.br\/site\/wp-content\/uploads\/2015\/08\/Sensorial-368-x-122.png","datePublished":"2015-08-28T13:39:54+00:00","dateModified":"2015-12-15T13:29:08+00:00","author":{"@id":"https:\/\/www.cvi-rio.org.br\/site\/#\/schema\/person\/41c81e5eb29944f8144dd6d144627d3f"},"description":"MTur aposta em turismo sensorial para viajantes com defici\u00eancia","breadcrumb":{"@id":"https:\/\/www.cvi-rio.org.br\/site\/mtur-aposta-em-turismo-sensorial-para-viajantes-com-deficiencia\/#breadcrumb"},"inLanguage":"pt-BR","potentialAction":[{"@type":"ReadAction","target":["https:\/\/www.cvi-rio.org.br\/site\/mtur-aposta-em-turismo-sensorial-para-viajantes-com-deficiencia\/"]}]},{"@type":"ImageObject","inLanguage":"pt-BR","@id":"https:\/\/www.cvi-rio.org.br\/site\/mtur-aposta-em-turismo-sensorial-para-viajantes-com-deficiencia\/#primaryimage","url":"https:\/\/www.cvi-rio.org.br\/site\/wp-content\/uploads\/2015\/08\/Sensorial-368-x-122.png","contentUrl":"https:\/\/www.cvi-rio.org.br\/site\/wp-content\/uploads\/2015\/08\/Sensorial-368-x-122.png","width":368,"height":122,"caption":"MTur aposta em turismo sensorial para viajantes com defici\u00eancia 368-x-122"},{"@type":"BreadcrumbList","@id":"https:\/\/www.cvi-rio.org.br\/site\/mtur-aposta-em-turismo-sensorial-para-viajantes-com-deficiencia\/#breadcrumb","itemListElement":[{"@type":"ListItem","position":1,"name":"In\u00edcio","item":"https:\/\/www.cvi-rio.org.br\/site\/"},{"@type":"ListItem","position":2,"name":"MTur aposta em turismo sensorial para viajantes com defici\u00eancia"}]},{"@type":"WebSite","@id":"https:\/\/www.cvi-rio.org.br\/site\/#website","url":"https:\/\/www.cvi-rio.org.br\/site\/","name":"CVI-Rio","description":"Sua limita\u00e7\u00e3o n\u00e3o \u00e9 o seu limite.","potentialAction":[{"@type":"SearchAction","target":{"@type":"EntryPoint","urlTemplate":"https:\/\/www.cvi-rio.org.br\/site\/?s={search_term_string}"},"query-input":{"@type":"PropertyValueSpecification","valueRequired":true,"valueName":"search_term_string"}}],"inLanguage":"pt-BR"},{"@type":"Person","@id":"https:\/\/www.cvi-rio.org.br\/site\/#\/schema\/person\/41c81e5eb29944f8144dd6d144627d3f","name":"cvi-rio","image":{"@type":"ImageObject","inLanguage":"pt-BR","@id":"https:\/\/www.cvi-rio.org.br\/site\/#\/schema\/person\/image\/","url":"https:\/\/secure.gravatar.com\/avatar\/5390358606d9f428f7de6d157423965d1225340234040c6f875c582d042db721?s=96&d=mm&r=g","contentUrl":"https:\/\/secure.gravatar.com\/avatar\/5390358606d9f428f7de6d157423965d1225340234040c6f875c582d042db721?s=96&d=mm&r=g","caption":"cvi-rio"},"sameAs":["http:\/\/www.cvi-rio.org.br\/site"],"url":"https:\/\/www.cvi-rio.org.br\/site\/author\/admin\/"}]}},"_links":{"self":[{"href":"https:\/\/www.cvi-rio.org.br\/site\/wp-json\/wp\/v2\/posts\/2133","targetHints":{"allow":["GET"]}}],"collection":[{"href":"https:\/\/www.cvi-rio.org.br\/site\/wp-json\/wp\/v2\/posts"}],"about":[{"href":"https:\/\/www.cvi-rio.org.br\/site\/wp-json\/wp\/v2\/types\/post"}],"author":[{"embeddable":true,"href":"https:\/\/www.cvi-rio.org.br\/site\/wp-json\/wp\/v2\/users\/2"}],"replies":[{"embeddable":true,"href":"https:\/\/www.cvi-rio.org.br\/site\/wp-json\/wp\/v2\/comments?post=2133"}],"version-history":[{"count":6,"href":"https:\/\/www.cvi-rio.org.br\/site\/wp-json\/wp\/v2\/posts\/2133\/revisions"}],"predecessor-version":[{"id":2904,"href":"https:\/\/www.cvi-rio.org.br\/site\/wp-json\/wp\/v2\/posts\/2133\/revisions\/2904"}],"wp:featuredmedia":[{"embeddable":true,"href":"https:\/\/www.cvi-rio.org.br\/site\/wp-json\/wp\/v2\/media\/2137"}],"wp:attachment":[{"href":"https:\/\/www.cvi-rio.org.br\/site\/wp-json\/wp\/v2\/media?parent=2133"}],"wp:term":[{"taxonomy":"category","embeddable":true,"href":"https:\/\/www.cvi-rio.org.br\/site\/wp-json\/wp\/v2\/categories?post=2133"},{"taxonomy":"post_tag","embeddable":true,"href":"https:\/\/www.cvi-rio.org.br\/site\/wp-json\/wp\/v2\/tags?post=2133"}],"curies":[{"name":"wp","href":"https:\/\/api.w.org\/{rel}","templated":true}]}}