{"id":1684,"date":"2015-07-22T10:05:28","date_gmt":"2015-07-22T13:05:28","guid":{"rendered":"http:\/\/www.cvi-rio.org.br\/site\/?p=1684"},"modified":"2015-12-15T10:45:34","modified_gmt":"2015-12-15T13:45:34","slug":"santos-dumont-realiza-simulado-de-acessibilidade-para-olimpiadas","status":"publish","type":"post","link":"https:\/\/www.cvi-rio.org.br\/site\/santos-dumont-realiza-simulado-de-acessibilidade-para-olimpiadas\/","title":{"rendered":"Santos Dumont realiza simulado de acessibilidade para Olimp\u00edadas"},"content":{"rendered":"<p style=\"text-align: justify;\"><em>Opera\u00e7\u00e3o testou os processos de embarque e desembarque, com uso de ponte e em posi\u00e7\u00e3o remota, e contou com a participa\u00e7\u00e3o de 32 volunt\u00e1rios<\/em><\/p>\n<figure id=\"attachment_1685\" class=\"thumbnail wp-caption alignleft\" style=\"width: 344px\"><a href=\"http:\/\/www.cvi-rio.org.br\/site\/wp-content\/uploads\/2015\/07\/Aeroporto.jpeg\"><img loading=\"lazy\" decoding=\"async\" class=\" wp-image-1685\" src=\"http:\/\/www.cvi-rio.org.br\/site\/wp-content\/uploads\/2015\/07\/Aeroporto.jpeg\" alt=\"Santos Dumont realiza simulado de acessibilidade para Olimp\u00edadas\" width=\"334\" height=\"220\" \/><\/a><figcaption class=\"caption wp-caption-text\">Pessoas com defici\u00eancia testaram o check-in do aeroporto. Infraero\/Divulga\u00e7\u00e3o<\/figcaption><\/figure>\n<p class=\"xmsonormal\" style=\"text-align: justify;\">O Aeroporto do Santos Dumont promoveu no s\u00e1bado dia (11) o testes de acessibilidade para passageiros com defici\u00eancia. O evento visa a prepara\u00e7\u00e3o para os Jogos Ol\u00edmpicos e Paraol\u00edmpicos Rio 2016.<\/p>\n<p class=\"xmsonormal\" style=\"text-align: justify;\">O simulado durou 4 horas e contou com a participa\u00e7\u00e3o de 32 volunt\u00e1rios, entre cadeirantes da Associa\u00e7\u00e3o Niteroiense de Deficientes F\u00edsicos (Andef), pessoas com defici\u00eancia visual da Confedera\u00e7\u00e3o Brasileira de Desportos Visuais (CBDV) e pessoas com defici\u00eancia auditiva do Instituto Nacional de Educa\u00e7\u00e3o de Surdos (INES). A opera\u00e7\u00e3o foi toda acompanhada pelo subcomit\u00ea de acessibilidade do Comit\u00ea T\u00e9cnico de Opera\u00e7\u00f5es Especiais (CTOE), coordenado pela Secretaria de Avia\u00e7\u00e3o Civil (SAC) e formado por t\u00e9cnicos da pr\u00f3pria SAC, Ag\u00eancia Nacional de Avia\u00e7\u00e3o Civil (Anac), Casa Civil e Secretaria de Direitos Humanos (SDH).<\/p>\n<p class=\"xmsonormal\" style=\"text-align: justify;\">O coordenador do CTOE, Marlon Lustosa, participou do simulado e aprovou a opera\u00e7\u00e3o que testou os processos de embarque e desembarque, com uso de ponte e em posi\u00e7\u00e3o remota. &#8220;O Santos Dumont est\u00e1 pronto para os eventos-teste. Mais uma vez, o simulado foi bastante v\u00e1lido para testarmos as quest\u00f5es de acessibilidade do aeroporto, embarque e desembarque, rampas de acesso, check-in acess\u00edvel, entre outros fatores. Tudo correu muito bem. \u00c9 uma constante evolu\u00e7\u00e3o. Nossa expectativa \u00e9 melhorar cada vez mais e chegarmos perfeitos nas Olimp\u00edadas&#8221; comemorou Marlon Lustosa.<\/p>\n<p class=\"xmsonormal\" style=\"text-align: justify;\">De acordo com o presidente da CBDV, Sandro Laina Soares, a busca cont\u00ednua por melhorias as pessoas com defici\u00eancia \u00e9 o principal ganho nesses simulados.\u00a0&#8220;Para n\u00f3s, deficientes visuais, saiu tudo muito bem, sem nenhum ponto a ser frisado. De um modo geral, o Santos Dumont sempre foi um aeroporto bastante amig\u00e1vel para a pessoa com defici\u00eancia visual. Por ser um aeroporto menor, o seu deslocamento conta com v\u00e1rias linhas t\u00e1teis, o que nos traz certo conforto. Independente disso tudo, o fato de continuarem preocupados em melhorar a opera\u00e7\u00e3o e suas instala\u00e7\u00f5es \u00e9 o que me deixa mais satisfeito&#8221;, elogia Sandro.<\/p>\n<p class=\"xmsonormal\" style=\"text-align: justify;\">No simulado do Santos Dumont, assim como ocorrido no Gale\u00e3o, as aten\u00e7\u00f5es eram voltadas para os procedimentos de embarque e desembarque, separados em quatro etapas. Primeiro, na chegada, o desembarque dos \u00f4nibus, com avalia\u00e7\u00e3o das rampas de acesso ao aeroporto e as sinaliza\u00e7\u00f5es. O segundo passo era no check-in, onde todo o processo de inspe\u00e7\u00e3o precisa<\/p>\n<figure id=\"attachment_1687\" class=\"thumbnail wp-caption alignright\" style=\"width: 333px\"><a href=\"http:\/\/www.cvi-rio.org.br\/site\/wp-content\/uploads\/2015\/07\/Aeroporto_2.jpeg\"><img loading=\"lazy\" decoding=\"async\" class=\" wp-image-1687\" src=\"http:\/\/www.cvi-rio.org.br\/site\/wp-content\/uploads\/2015\/07\/Aeroporto_2.jpeg\" alt=\"Santos Dumont realiza simulado de acessibilidade para Olimp\u00edadas\" width=\"323\" height=\"215\" \/><\/a><figcaption class=\"caption wp-caption-text\">Cadeirantes testaram embarque e desembarque. Infraero\/Divulga\u00e7\u00e3o<\/figcaption><\/figure>\n<p class=\"xmsonormal\" style=\"text-align: justify;\">ser feito em tempo h\u00e1bil, com cordialidade e conforto, sem comprometer a seguran\u00e7a. J\u00e1 a terceira etapa avalia o trajeto da inspe\u00e7\u00e3o at\u00e9 o interior da aeronave. Por fim, na \u00faltima etapa, o procedimento de desembarque e retirada bagagem, at\u00e9 o retorno aos \u00f4nibus.<\/p>\n<p class=\"xmsonormal\" style=\"text-align: justify;\"><b>REFER\u00caNCIA<\/b><\/p>\n<p class=\"xmsonormal\" style=\"text-align: justify;\">O aeroporto Santo Dumont j\u00e1 foi premiado pelo\u00a0Governo do Rio de Janeiro por suas instala\u00e7\u00f5es acess\u00edveis. A Secretaria Municipal de Pessoas com Defici\u00eancia do estado criou um sistema de avalia\u00e7\u00e3o dos pontos tur\u00edstico da cidade, classificando-os em quatro categorias, de acordo com suas notas: bronze, prata, ouro e diamante. Dentre os 250 pontos tur\u00edsticos avaliados neste ano, o Santos Dumont foi o \u00fanico contemplado com o selo Diamante.<\/p>\n<p class=\"xmsonormal\" style=\"text-align: justify;\">Segundo o nadador da Andef, Cristiano Andrade Oliveira, \u00e9 de grande valia a forma com que todos est\u00e3o se colocando nesse projeto. &#8220;A gente percebe a aten\u00e7\u00e3o na forma como se tem tratado as pessoas com defici\u00eancia. Est\u00e3o come\u00e7ando muito bem os trabalhos para as Olimp\u00edadas. Eu me sinto bastante satisfeito em fazer parte de tudo isso&#8221;, analisou. Cristiano ainda classificou como um diferencial do aeroporto os banheiros adaptados. &#8220;Eu nunca tinha visto trocador adulto e isso me chamou muito a aten\u00e7\u00e3o, pois ajuda muito em determinadas situa\u00e7\u00f5es&#8221;, completou.<\/p>\n<p class=\"xmsonormal\" style=\"text-align: justify;\">Os simulados de acessibilidade fazem parte das a\u00e7\u00f5es do subcomit\u00ea de acessibilidade do CTOE e visam testar as opera\u00e7\u00f5es e a infraestrutura aeroportu\u00e1ria para o devido atendimento as pessoas com defici\u00eancia. O pr\u00f3ximo simulado acontecer\u00e1 no Aeroporto Internacional de Guarulhos (SP), no dia 04 de agosto.<\/p>\n<p style=\"text-align: justify;\"><strong>Fonte: Secretaria de Avia\u00e7\u00e3o Civil.<\/strong><\/p>\n","protected":false},"excerpt":{"rendered":"<p>O Aeroporto do Santos Dumont promoveu no s\u00e1bado dia (11) o testes de acessibilidade para passageiros com defici\u00eancia&#8230;Continua<\/p>\n","protected":false},"author":2,"featured_media":1690,"comment_status":"open","ping_status":"open","sticky":false,"template":"","format":"standard","meta":{"_acf_changed":false,"footnotes":""},"categories":[14],"tags":[23,117,118,24,25,119],"class_list":["post-1684","post","type-post","status-publish","format-standard","has-post-thumbnail","hentry","category-turismo","tag-acessibilidade","tag-educacao","tag-esporte","tag-noticias-2","tag-o-que-acontece-no-cvi-rio","tag-tecnologia-assistiva"],"acf":[],"yoast_head":"<!-- This site is optimized with the Yoast SEO plugin v26.9 - https:\/\/yoast.com\/product\/yoast-seo-wordpress\/ -->\n<title>Santos Dumont realiza simulado de acessibilidade para Olimp\u00edadas - CVI-Rio<\/title>\n<meta name=\"description\" content=\"Santos Dumont realiza simulado de acessibilidade para Olimp\u00edadas\" \/>\n<meta name=\"robots\" content=\"index, follow, max-snippet:-1, max-image-preview:large, max-video-preview:-1\" \/>\n<link rel=\"canonical\" href=\"https:\/\/www.cvi-rio.org.br\/site\/santos-dumont-realiza-simulado-de-acessibilidade-para-olimpiadas\/\" \/>\n<meta property=\"og:locale\" content=\"pt_BR\" \/>\n<meta property=\"og:type\" content=\"article\" \/>\n<meta property=\"og:title\" content=\"Santos Dumont realiza simulado de acessibilidade para Olimp\u00edadas - CVI-Rio\" \/>\n<meta property=\"og:description\" content=\"Santos Dumont realiza simulado de acessibilidade para Olimp\u00edadas\" \/>\n<meta property=\"og:url\" content=\"https:\/\/www.cvi-rio.org.br\/site\/santos-dumont-realiza-simulado-de-acessibilidade-para-olimpiadas\/\" \/>\n<meta property=\"og:site_name\" content=\"CVI-Rio\" \/>\n<meta property=\"article:publisher\" content=\"https:\/\/www.facebook.com\/cvi.rio\" \/>\n<meta property=\"article:published_time\" content=\"2015-07-22T13:05:28+00:00\" \/>\n<meta property=\"article:modified_time\" content=\"2015-12-15T13:45:34+00:00\" \/>\n<meta property=\"og:image\" content=\"https:\/\/www.cvi-rio.org.br\/site\/wp-content\/uploads\/2015\/07\/Aeroporto-368-x-122.png\" \/>\n\t<meta property=\"og:image:width\" content=\"368\" \/>\n\t<meta property=\"og:image:height\" content=\"122\" \/>\n\t<meta property=\"og:image:type\" content=\"image\/png\" \/>\n<meta name=\"author\" content=\"cvi-rio\" \/>\n<meta name=\"twitter:card\" content=\"summary_large_image\" \/>\n<meta name=\"twitter:creator\" content=\"@cvirio\" \/>\n<meta name=\"twitter:site\" content=\"@cvirio\" \/>\n<meta name=\"twitter:label1\" content=\"Escrito por\" \/>\n\t<meta name=\"twitter:data1\" content=\"cvi-rio\" \/>\n\t<meta name=\"twitter:label2\" content=\"Est. tempo de leitura\" \/>\n\t<meta name=\"twitter:data2\" content=\"4 minutos\" \/>\n<script type=\"application\/ld+json\" class=\"yoast-schema-graph\">{\"@context\":\"https:\/\/schema.org\",\"@graph\":[{\"@type\":\"Article\",\"@id\":\"https:\/\/www.cvi-rio.org.br\/site\/santos-dumont-realiza-simulado-de-acessibilidade-para-olimpiadas\/#article\",\"isPartOf\":{\"@id\":\"https:\/\/www.cvi-rio.org.br\/site\/santos-dumont-realiza-simulado-de-acessibilidade-para-olimpiadas\/\"},\"author\":{\"name\":\"cvi-rio\",\"@id\":\"https:\/\/www.cvi-rio.org.br\/site\/#\/schema\/person\/41c81e5eb29944f8144dd6d144627d3f\"},\"headline\":\"Santos Dumont realiza simulado de acessibilidade para Olimp\u00edadas\",\"datePublished\":\"2015-07-22T13:05:28+00:00\",\"dateModified\":\"2015-12-15T13:45:34+00:00\",\"mainEntityOfPage\":{\"@id\":\"https:\/\/www.cvi-rio.org.br\/site\/santos-dumont-realiza-simulado-de-acessibilidade-para-olimpiadas\/\"},\"wordCount\":744,\"commentCount\":0,\"image\":{\"@id\":\"https:\/\/www.cvi-rio.org.br\/site\/santos-dumont-realiza-simulado-de-acessibilidade-para-olimpiadas\/#primaryimage\"},\"thumbnailUrl\":\"https:\/\/www.cvi-rio.org.br\/site\/wp-content\/uploads\/2015\/07\/Aeroporto-368-x-122.png\",\"keywords\":[\"Acessibilidade\",\"Educa\u00e7\u00e3o\",\"Esporte\",\"not\u00edcias\",\"o-que-acontece-no-cvi-rio\",\"Tecnologia Assistiva\"],\"articleSection\":[\"Turismo\"],\"inLanguage\":\"pt-BR\",\"potentialAction\":[{\"@type\":\"CommentAction\",\"name\":\"Comment\",\"target\":[\"https:\/\/www.cvi-rio.org.br\/site\/santos-dumont-realiza-simulado-de-acessibilidade-para-olimpiadas\/#respond\"]}]},{\"@type\":\"WebPage\",\"@id\":\"https:\/\/www.cvi-rio.org.br\/site\/santos-dumont-realiza-simulado-de-acessibilidade-para-olimpiadas\/\",\"url\":\"https:\/\/www.cvi-rio.org.br\/site\/santos-dumont-realiza-simulado-de-acessibilidade-para-olimpiadas\/\",\"name\":\"Santos Dumont realiza simulado de acessibilidade para Olimp\u00edadas - CVI-Rio\",\"isPartOf\":{\"@id\":\"https:\/\/www.cvi-rio.org.br\/site\/#website\"},\"primaryImageOfPage\":{\"@id\":\"https:\/\/www.cvi-rio.org.br\/site\/santos-dumont-realiza-simulado-de-acessibilidade-para-olimpiadas\/#primaryimage\"},\"image\":{\"@id\":\"https:\/\/www.cvi-rio.org.br\/site\/santos-dumont-realiza-simulado-de-acessibilidade-para-olimpiadas\/#primaryimage\"},\"thumbnailUrl\":\"https:\/\/www.cvi-rio.org.br\/site\/wp-content\/uploads\/2015\/07\/Aeroporto-368-x-122.png\",\"datePublished\":\"2015-07-22T13:05:28+00:00\",\"dateModified\":\"2015-12-15T13:45:34+00:00\",\"author\":{\"@id\":\"https:\/\/www.cvi-rio.org.br\/site\/#\/schema\/person\/41c81e5eb29944f8144dd6d144627d3f\"},\"description\":\"Santos Dumont realiza simulado de acessibilidade para Olimp\u00edadas\",\"breadcrumb\":{\"@id\":\"https:\/\/www.cvi-rio.org.br\/site\/santos-dumont-realiza-simulado-de-acessibilidade-para-olimpiadas\/#breadcrumb\"},\"inLanguage\":\"pt-BR\",\"potentialAction\":[{\"@type\":\"ReadAction\",\"target\":[\"https:\/\/www.cvi-rio.org.br\/site\/santos-dumont-realiza-simulado-de-acessibilidade-para-olimpiadas\/\"]}]},{\"@type\":\"ImageObject\",\"inLanguage\":\"pt-BR\",\"@id\":\"https:\/\/www.cvi-rio.org.br\/site\/santos-dumont-realiza-simulado-de-acessibilidade-para-olimpiadas\/#primaryimage\",\"url\":\"https:\/\/www.cvi-rio.org.br\/site\/wp-content\/uploads\/2015\/07\/Aeroporto-368-x-122.png\",\"contentUrl\":\"https:\/\/www.cvi-rio.org.br\/site\/wp-content\/uploads\/2015\/07\/Aeroporto-368-x-122.png\",\"width\":368,\"height\":122,\"caption\":\"Santos Dumont realiza simulado de acessibilidade para Olimp\u00edadas 368-x-122\"},{\"@type\":\"BreadcrumbList\",\"@id\":\"https:\/\/www.cvi-rio.org.br\/site\/santos-dumont-realiza-simulado-de-acessibilidade-para-olimpiadas\/#breadcrumb\",\"itemListElement\":[{\"@type\":\"ListItem\",\"position\":1,\"name\":\"In\u00edcio\",\"item\":\"https:\/\/www.cvi-rio.org.br\/site\/\"},{\"@type\":\"ListItem\",\"position\":2,\"name\":\"Santos Dumont realiza simulado de acessibilidade para Olimp\u00edadas\"}]},{\"@type\":\"WebSite\",\"@id\":\"https:\/\/www.cvi-rio.org.br\/site\/#website\",\"url\":\"https:\/\/www.cvi-rio.org.br\/site\/\",\"name\":\"CVI-Rio\",\"description\":\"Sua limita\u00e7\u00e3o n\u00e3o \u00e9 o seu limite.\",\"potentialAction\":[{\"@type\":\"SearchAction\",\"target\":{\"@type\":\"EntryPoint\",\"urlTemplate\":\"https:\/\/www.cvi-rio.org.br\/site\/?s={search_term_string}\"},\"query-input\":{\"@type\":\"PropertyValueSpecification\",\"valueRequired\":true,\"valueName\":\"search_term_string\"}}],\"inLanguage\":\"pt-BR\"},{\"@type\":\"Person\",\"@id\":\"https:\/\/www.cvi-rio.org.br\/site\/#\/schema\/person\/41c81e5eb29944f8144dd6d144627d3f\",\"name\":\"cvi-rio\",\"image\":{\"@type\":\"ImageObject\",\"inLanguage\":\"pt-BR\",\"@id\":\"https:\/\/www.cvi-rio.org.br\/site\/#\/schema\/person\/image\/\",\"url\":\"https:\/\/secure.gravatar.com\/avatar\/5390358606d9f428f7de6d157423965d1225340234040c6f875c582d042db721?s=96&d=mm&r=g\",\"contentUrl\":\"https:\/\/secure.gravatar.com\/avatar\/5390358606d9f428f7de6d157423965d1225340234040c6f875c582d042db721?s=96&d=mm&r=g\",\"caption\":\"cvi-rio\"},\"sameAs\":[\"http:\/\/www.cvi-rio.org.br\/site\"],\"url\":\"https:\/\/www.cvi-rio.org.br\/site\/author\/admin\/\"}]}<\/script>\n<!-- \/ Yoast SEO plugin. -->","yoast_head_json":{"title":"Santos Dumont realiza simulado de acessibilidade para Olimp\u00edadas - CVI-Rio","description":"Santos Dumont realiza simulado de acessibilidade para Olimp\u00edadas","robots":{"index":"index","follow":"follow","max-snippet":"max-snippet:-1","max-image-preview":"max-image-preview:large","max-video-preview":"max-video-preview:-1"},"canonical":"https:\/\/www.cvi-rio.org.br\/site\/santos-dumont-realiza-simulado-de-acessibilidade-para-olimpiadas\/","og_locale":"pt_BR","og_type":"article","og_title":"Santos Dumont realiza simulado de acessibilidade para Olimp\u00edadas - CVI-Rio","og_description":"Santos Dumont realiza simulado de acessibilidade para Olimp\u00edadas","og_url":"https:\/\/www.cvi-rio.org.br\/site\/santos-dumont-realiza-simulado-de-acessibilidade-para-olimpiadas\/","og_site_name":"CVI-Rio","article_publisher":"https:\/\/www.facebook.com\/cvi.rio","article_published_time":"2015-07-22T13:05:28+00:00","article_modified_time":"2015-12-15T13:45:34+00:00","og_image":[{"width":368,"height":122,"url":"https:\/\/www.cvi-rio.org.br\/site\/wp-content\/uploads\/2015\/07\/Aeroporto-368-x-122.png","type":"image\/png"}],"author":"cvi-rio","twitter_card":"summary_large_image","twitter_creator":"@cvirio","twitter_site":"@cvirio","twitter_misc":{"Escrito por":"cvi-rio","Est. tempo de leitura":"4 minutos"},"schema":{"@context":"https:\/\/schema.org","@graph":[{"@type":"Article","@id":"https:\/\/www.cvi-rio.org.br\/site\/santos-dumont-realiza-simulado-de-acessibilidade-para-olimpiadas\/#article","isPartOf":{"@id":"https:\/\/www.cvi-rio.org.br\/site\/santos-dumont-realiza-simulado-de-acessibilidade-para-olimpiadas\/"},"author":{"name":"cvi-rio","@id":"https:\/\/www.cvi-rio.org.br\/site\/#\/schema\/person\/41c81e5eb29944f8144dd6d144627d3f"},"headline":"Santos Dumont realiza simulado de acessibilidade para Olimp\u00edadas","datePublished":"2015-07-22T13:05:28+00:00","dateModified":"2015-12-15T13:45:34+00:00","mainEntityOfPage":{"@id":"https:\/\/www.cvi-rio.org.br\/site\/santos-dumont-realiza-simulado-de-acessibilidade-para-olimpiadas\/"},"wordCount":744,"commentCount":0,"image":{"@id":"https:\/\/www.cvi-rio.org.br\/site\/santos-dumont-realiza-simulado-de-acessibilidade-para-olimpiadas\/#primaryimage"},"thumbnailUrl":"https:\/\/www.cvi-rio.org.br\/site\/wp-content\/uploads\/2015\/07\/Aeroporto-368-x-122.png","keywords":["Acessibilidade","Educa\u00e7\u00e3o","Esporte","not\u00edcias","o-que-acontece-no-cvi-rio","Tecnologia Assistiva"],"articleSection":["Turismo"],"inLanguage":"pt-BR","potentialAction":[{"@type":"CommentAction","name":"Comment","target":["https:\/\/www.cvi-rio.org.br\/site\/santos-dumont-realiza-simulado-de-acessibilidade-para-olimpiadas\/#respond"]}]},{"@type":"WebPage","@id":"https:\/\/www.cvi-rio.org.br\/site\/santos-dumont-realiza-simulado-de-acessibilidade-para-olimpiadas\/","url":"https:\/\/www.cvi-rio.org.br\/site\/santos-dumont-realiza-simulado-de-acessibilidade-para-olimpiadas\/","name":"Santos Dumont realiza simulado de acessibilidade para Olimp\u00edadas - CVI-Rio","isPartOf":{"@id":"https:\/\/www.cvi-rio.org.br\/site\/#website"},"primaryImageOfPage":{"@id":"https:\/\/www.cvi-rio.org.br\/site\/santos-dumont-realiza-simulado-de-acessibilidade-para-olimpiadas\/#primaryimage"},"image":{"@id":"https:\/\/www.cvi-rio.org.br\/site\/santos-dumont-realiza-simulado-de-acessibilidade-para-olimpiadas\/#primaryimage"},"thumbnailUrl":"https:\/\/www.cvi-rio.org.br\/site\/wp-content\/uploads\/2015\/07\/Aeroporto-368-x-122.png","datePublished":"2015-07-22T13:05:28+00:00","dateModified":"2015-12-15T13:45:34+00:00","author":{"@id":"https:\/\/www.cvi-rio.org.br\/site\/#\/schema\/person\/41c81e5eb29944f8144dd6d144627d3f"},"description":"Santos Dumont realiza simulado de acessibilidade para Olimp\u00edadas","breadcrumb":{"@id":"https:\/\/www.cvi-rio.org.br\/site\/santos-dumont-realiza-simulado-de-acessibilidade-para-olimpiadas\/#breadcrumb"},"inLanguage":"pt-BR","potentialAction":[{"@type":"ReadAction","target":["https:\/\/www.cvi-rio.org.br\/site\/santos-dumont-realiza-simulado-de-acessibilidade-para-olimpiadas\/"]}]},{"@type":"ImageObject","inLanguage":"pt-BR","@id":"https:\/\/www.cvi-rio.org.br\/site\/santos-dumont-realiza-simulado-de-acessibilidade-para-olimpiadas\/#primaryimage","url":"https:\/\/www.cvi-rio.org.br\/site\/wp-content\/uploads\/2015\/07\/Aeroporto-368-x-122.png","contentUrl":"https:\/\/www.cvi-rio.org.br\/site\/wp-content\/uploads\/2015\/07\/Aeroporto-368-x-122.png","width":368,"height":122,"caption":"Santos Dumont realiza simulado de acessibilidade para Olimp\u00edadas 368-x-122"},{"@type":"BreadcrumbList","@id":"https:\/\/www.cvi-rio.org.br\/site\/santos-dumont-realiza-simulado-de-acessibilidade-para-olimpiadas\/#breadcrumb","itemListElement":[{"@type":"ListItem","position":1,"name":"In\u00edcio","item":"https:\/\/www.cvi-rio.org.br\/site\/"},{"@type":"ListItem","position":2,"name":"Santos Dumont realiza simulado de acessibilidade para Olimp\u00edadas"}]},{"@type":"WebSite","@id":"https:\/\/www.cvi-rio.org.br\/site\/#website","url":"https:\/\/www.cvi-rio.org.br\/site\/","name":"CVI-Rio","description":"Sua limita\u00e7\u00e3o n\u00e3o \u00e9 o seu limite.","potentialAction":[{"@type":"SearchAction","target":{"@type":"EntryPoint","urlTemplate":"https:\/\/www.cvi-rio.org.br\/site\/?s={search_term_string}"},"query-input":{"@type":"PropertyValueSpecification","valueRequired":true,"valueName":"search_term_string"}}],"inLanguage":"pt-BR"},{"@type":"Person","@id":"https:\/\/www.cvi-rio.org.br\/site\/#\/schema\/person\/41c81e5eb29944f8144dd6d144627d3f","name":"cvi-rio","image":{"@type":"ImageObject","inLanguage":"pt-BR","@id":"https:\/\/www.cvi-rio.org.br\/site\/#\/schema\/person\/image\/","url":"https:\/\/secure.gravatar.com\/avatar\/5390358606d9f428f7de6d157423965d1225340234040c6f875c582d042db721?s=96&d=mm&r=g","contentUrl":"https:\/\/secure.gravatar.com\/avatar\/5390358606d9f428f7de6d157423965d1225340234040c6f875c582d042db721?s=96&d=mm&r=g","caption":"cvi-rio"},"sameAs":["http:\/\/www.cvi-rio.org.br\/site"],"url":"https:\/\/www.cvi-rio.org.br\/site\/author\/admin\/"}]}},"_links":{"self":[{"href":"https:\/\/www.cvi-rio.org.br\/site\/wp-json\/wp\/v2\/posts\/1684","targetHints":{"allow":["GET"]}}],"collection":[{"href":"https:\/\/www.cvi-rio.org.br\/site\/wp-json\/wp\/v2\/posts"}],"about":[{"href":"https:\/\/www.cvi-rio.org.br\/site\/wp-json\/wp\/v2\/types\/post"}],"author":[{"embeddable":true,"href":"https:\/\/www.cvi-rio.org.br\/site\/wp-json\/wp\/v2\/users\/2"}],"replies":[{"embeddable":true,"href":"https:\/\/www.cvi-rio.org.br\/site\/wp-json\/wp\/v2\/comments?post=1684"}],"version-history":[{"count":8,"href":"https:\/\/www.cvi-rio.org.br\/site\/wp-json\/wp\/v2\/posts\/1684\/revisions"}],"predecessor-version":[{"id":2930,"href":"https:\/\/www.cvi-rio.org.br\/site\/wp-json\/wp\/v2\/posts\/1684\/revisions\/2930"}],"wp:featuredmedia":[{"embeddable":true,"href":"https:\/\/www.cvi-rio.org.br\/site\/wp-json\/wp\/v2\/media\/1690"}],"wp:attachment":[{"href":"https:\/\/www.cvi-rio.org.br\/site\/wp-json\/wp\/v2\/media?parent=1684"}],"wp:term":[{"taxonomy":"category","embeddable":true,"href":"https:\/\/www.cvi-rio.org.br\/site\/wp-json\/wp\/v2\/categories?post=1684"},{"taxonomy":"post_tag","embeddable":true,"href":"https:\/\/www.cvi-rio.org.br\/site\/wp-json\/wp\/v2\/tags?post=1684"}],"curies":[{"name":"wp","href":"https:\/\/api.w.org\/{rel}","templated":true}]}}