{"id":1642,"date":"2015-07-17T08:51:15","date_gmt":"2015-07-17T11:51:15","guid":{"rendered":"http:\/\/www.cvi-rio.org.br\/site\/?p=1642"},"modified":"2015-12-15T10:46:36","modified_gmt":"2015-12-15T13:46:36","slug":"primeiro-hotel-atendido-somente-por-jovens-com-sindrome-de-down","status":"publish","type":"post","link":"https:\/\/www.cvi-rio.org.br\/site\/primeiro-hotel-atendido-somente-por-jovens-com-sindrome-de-down\/","title":{"rendered":"Primeiro hotel atendido somente por jovens com s\u00edndrome de Down"},"content":{"rendered":"<p style=\"text-align: justify;\"><a href=\"http:\/\/www.cvi-rio.org.br\/site\/wp-content\/uploads\/2015\/07\/Hotel.jpg\"><img loading=\"lazy\" decoding=\"async\" class=\"alignleft  wp-image-1643\" src=\"http:\/\/www.cvi-rio.org.br\/site\/wp-content\/uploads\/2015\/07\/Hotel.jpg\" alt=\"Inaugurado primeiro hotel atendido somente por jovens com s\u00edndrome de Down\" width=\"318\" height=\"254\" \/><\/a>ROMA, 02 Jul. 15 \/ 03:14 pm (<a href=\"http:\/\/www.acidigital.com\/noticias\/inaugurado-primeiro-hotel-atendido-somente-por-jovens-com-sindrome-de-down-22381\/\" target=\"_self\">ACI<\/a>).- Enquanto cresce no mundo uma corrente que busca extermin\u00e1-los atrav\u00e9s do <a href=\"http:\/\/www.acidigital.com\/vida\/aborto\/index.html\">aborto<\/a> eug\u00eanico, um grupo de jovens com s\u00edndrome de Down demonstra que podem fazer muitas coisas e se lan\u00e7aram \u00e0 aventura de atender e administrar o primeiro hotel deste tipo na It\u00e1lia.<\/p>\n<p style=\"text-align: justify;\">O hotel \u2018Albergo Etico\u2019 est\u00e1 localizado no centro da prov\u00edncia de Asti. A ideia de abrir um lugar que somente seja dirigido por pessoas com s\u00edndrome do Down surgiu da vis\u00e3o de amigos e profissionais que fazem parte da \u2018Associazione Albergo Etico\u2019 que, desde 2006, promove a inser\u00e7\u00e3o no mercado de trabalho destes jovens que t\u00eam muitos dons a oferecer.<\/p>\n<p style=\"text-align: justify;\">O hotel tr\u00eas estrelas foi inaugurado no dia 18 de junho deste ano e dentro de um ano espera converter-se em um de quatro estrelas. Est\u00e1 localizado no centro da cidade, perto do \u2018Parque della Resistenza\u2019, um lindo jardim cheio de \u00e1rvores junto \u00e0 hist\u00f3rica \u2018Piazza Alfieri\u2019.<\/p>\n<p style=\"text-align: justify;\">Tem 26 quartos e 60 camas, um restaurante que funciona em uma adega hist\u00f3rica com capacidade para 50 pessoas, um jardim, ar condicionado, conex\u00e3o de rede sem fio (Wi-Fi) e uma \u00e1rea de trabalho.<\/p>\n<p style=\"text-align: justify;\">Segundo o jornal italiano \u2018La Repubblica\u2019, \u201cal\u00e9m da possibilidade de adquirir experi\u00eancia no lugar de trabalho, os jovens que atuam neste hotel t\u00eam um espa\u00e7o no qual aprendem a viver sozinhos, administrar o seu sal\u00e1rio e trabalhar em grupo\u201d.<\/p>\n<p style=\"text-align: justify;\">\u201cA inten\u00e7\u00e3o deste trabalho \u00e9 formar novos profissionais no setor tur\u00edstico da It\u00e1lia, ajudando-lhes na aquisi\u00e7\u00e3o da autonomia pessoal, algo indispens\u00e1vel para as pessoas com defici\u00eancia que pretendem entrar no mercado de trabalho\u201c, assinalou o jornal.<\/p>\n<p style=\"text-align: justify;\">O projeto \u2018Albergo Etico\u2019 foi iniciado por Nicol\u00e1s, um jovem com s\u00edndrome do Down, que h\u00e1 alguns anos fez um est\u00e1gio no restaurante Tacabanda (Asti), conectado ao hotel.<\/p>\n<p style=\"text-align: justify;\">A experi\u00eancia de Nicol\u00e1s, al\u00e9m de ter mudado a sua <a href=\"http:\/\/www.acidigital.com\/vida\/index.html\">vida<\/a>, mudou a vida dos seus companheiros da Casa Montessori, um lar para jovens com s\u00edndrome do Down.<\/p>\n<p style=\"text-align: justify;\">Para conhecer mais sobre hotel, acesse: <a href=\"http:\/\/www.albergoetico.asti.it\/\">http:\/\/www.albergoetico.asti.it\/<\/a><\/p>\n<p style=\"text-align: justify;\"><strong>Fonte: Acidigital.<\/strong><\/p>\n","protected":false},"excerpt":{"rendered":"<p>Enquanto cresce no mundo uma corrente que busca extermin\u00e1-los atrav\u00e9s do aborto eug\u00eanico, um grupo de jovens com&#8230;Continua<\/p>\n","protected":false},"author":2,"featured_media":1648,"comment_status":"open","ping_status":"open","sticky":false,"template":"","format":"standard","meta":{"_acf_changed":false,"footnotes":""},"categories":[14],"tags":[23,117,118,24,25,119],"class_list":["post-1642","post","type-post","status-publish","format-standard","has-post-thumbnail","hentry","category-turismo","tag-acessibilidade","tag-educacao","tag-esporte","tag-noticias-2","tag-o-que-acontece-no-cvi-rio","tag-tecnologia-assistiva"],"acf":[],"yoast_head":"<!-- This site is optimized with the Yoast SEO plugin v26.9 - https:\/\/yoast.com\/product\/yoast-seo-wordpress\/ -->\n<title>Primeiro hotel atendido somente por jovens com s\u00edndrome de Down - CVI-Rio<\/title>\n<meta name=\"description\" content=\"Primeiro hotel atendido somente por jovens com s\u00edndrome de Down\" \/>\n<meta name=\"robots\" content=\"index, follow, max-snippet:-1, max-image-preview:large, max-video-preview:-1\" \/>\n<link rel=\"canonical\" href=\"https:\/\/www.cvi-rio.org.br\/site\/primeiro-hotel-atendido-somente-por-jovens-com-sindrome-de-down\/\" \/>\n<meta property=\"og:locale\" content=\"pt_BR\" \/>\n<meta property=\"og:type\" content=\"article\" \/>\n<meta property=\"og:title\" content=\"Primeiro hotel atendido somente por jovens com s\u00edndrome de Down - CVI-Rio\" \/>\n<meta property=\"og:description\" content=\"Primeiro hotel atendido somente por jovens com s\u00edndrome de Down\" \/>\n<meta property=\"og:url\" content=\"https:\/\/www.cvi-rio.org.br\/site\/primeiro-hotel-atendido-somente-por-jovens-com-sindrome-de-down\/\" \/>\n<meta property=\"og:site_name\" content=\"CVI-Rio\" \/>\n<meta property=\"article:publisher\" content=\"https:\/\/www.facebook.com\/cvi.rio\" \/>\n<meta property=\"article:published_time\" content=\"2015-07-17T11:51:15+00:00\" \/>\n<meta property=\"article:modified_time\" content=\"2015-12-15T13:46:36+00:00\" \/>\n<meta property=\"og:image\" content=\"https:\/\/www.cvi-rio.org.br\/site\/wp-content\/uploads\/2015\/07\/Hotel-368-x-122.png\" \/>\n\t<meta property=\"og:image:width\" content=\"368\" \/>\n\t<meta property=\"og:image:height\" content=\"122\" \/>\n\t<meta property=\"og:image:type\" content=\"image\/png\" \/>\n<meta name=\"author\" content=\"cvi-rio\" \/>\n<meta name=\"twitter:card\" content=\"summary_large_image\" \/>\n<meta name=\"twitter:creator\" content=\"@cvirio\" \/>\n<meta name=\"twitter:site\" content=\"@cvirio\" \/>\n<meta name=\"twitter:label1\" content=\"Escrito por\" \/>\n\t<meta name=\"twitter:data1\" content=\"cvi-rio\" \/>\n\t<meta name=\"twitter:label2\" content=\"Est. tempo de leitura\" \/>\n\t<meta name=\"twitter:data2\" content=\"2 minutos\" \/>\n<script type=\"application\/ld+json\" class=\"yoast-schema-graph\">{\"@context\":\"https:\/\/schema.org\",\"@graph\":[{\"@type\":\"Article\",\"@id\":\"https:\/\/www.cvi-rio.org.br\/site\/primeiro-hotel-atendido-somente-por-jovens-com-sindrome-de-down\/#article\",\"isPartOf\":{\"@id\":\"https:\/\/www.cvi-rio.org.br\/site\/primeiro-hotel-atendido-somente-por-jovens-com-sindrome-de-down\/\"},\"author\":{\"name\":\"cvi-rio\",\"@id\":\"https:\/\/www.cvi-rio.org.br\/site\/#\/schema\/person\/41c81e5eb29944f8144dd6d144627d3f\"},\"headline\":\"Primeiro hotel atendido somente por jovens com s\u00edndrome de Down\",\"datePublished\":\"2015-07-17T11:51:15+00:00\",\"dateModified\":\"2015-12-15T13:46:36+00:00\",\"mainEntityOfPage\":{\"@id\":\"https:\/\/www.cvi-rio.org.br\/site\/primeiro-hotel-atendido-somente-por-jovens-com-sindrome-de-down\/\"},\"wordCount\":369,\"commentCount\":0,\"image\":{\"@id\":\"https:\/\/www.cvi-rio.org.br\/site\/primeiro-hotel-atendido-somente-por-jovens-com-sindrome-de-down\/#primaryimage\"},\"thumbnailUrl\":\"https:\/\/www.cvi-rio.org.br\/site\/wp-content\/uploads\/2015\/07\/Hotel-368-x-122.png\",\"keywords\":[\"Acessibilidade\",\"Educa\u00e7\u00e3o\",\"Esporte\",\"not\u00edcias\",\"o-que-acontece-no-cvi-rio\",\"Tecnologia Assistiva\"],\"articleSection\":[\"Turismo\"],\"inLanguage\":\"pt-BR\",\"potentialAction\":[{\"@type\":\"CommentAction\",\"name\":\"Comment\",\"target\":[\"https:\/\/www.cvi-rio.org.br\/site\/primeiro-hotel-atendido-somente-por-jovens-com-sindrome-de-down\/#respond\"]}]},{\"@type\":\"WebPage\",\"@id\":\"https:\/\/www.cvi-rio.org.br\/site\/primeiro-hotel-atendido-somente-por-jovens-com-sindrome-de-down\/\",\"url\":\"https:\/\/www.cvi-rio.org.br\/site\/primeiro-hotel-atendido-somente-por-jovens-com-sindrome-de-down\/\",\"name\":\"Primeiro hotel atendido somente por jovens com s\u00edndrome de Down - CVI-Rio\",\"isPartOf\":{\"@id\":\"https:\/\/www.cvi-rio.org.br\/site\/#website\"},\"primaryImageOfPage\":{\"@id\":\"https:\/\/www.cvi-rio.org.br\/site\/primeiro-hotel-atendido-somente-por-jovens-com-sindrome-de-down\/#primaryimage\"},\"image\":{\"@id\":\"https:\/\/www.cvi-rio.org.br\/site\/primeiro-hotel-atendido-somente-por-jovens-com-sindrome-de-down\/#primaryimage\"},\"thumbnailUrl\":\"https:\/\/www.cvi-rio.org.br\/site\/wp-content\/uploads\/2015\/07\/Hotel-368-x-122.png\",\"datePublished\":\"2015-07-17T11:51:15+00:00\",\"dateModified\":\"2015-12-15T13:46:36+00:00\",\"author\":{\"@id\":\"https:\/\/www.cvi-rio.org.br\/site\/#\/schema\/person\/41c81e5eb29944f8144dd6d144627d3f\"},\"description\":\"Primeiro hotel atendido somente por jovens com s\u00edndrome de Down\",\"breadcrumb\":{\"@id\":\"https:\/\/www.cvi-rio.org.br\/site\/primeiro-hotel-atendido-somente-por-jovens-com-sindrome-de-down\/#breadcrumb\"},\"inLanguage\":\"pt-BR\",\"potentialAction\":[{\"@type\":\"ReadAction\",\"target\":[\"https:\/\/www.cvi-rio.org.br\/site\/primeiro-hotel-atendido-somente-por-jovens-com-sindrome-de-down\/\"]}]},{\"@type\":\"ImageObject\",\"inLanguage\":\"pt-BR\",\"@id\":\"https:\/\/www.cvi-rio.org.br\/site\/primeiro-hotel-atendido-somente-por-jovens-com-sindrome-de-down\/#primaryimage\",\"url\":\"https:\/\/www.cvi-rio.org.br\/site\/wp-content\/uploads\/2015\/07\/Hotel-368-x-122.png\",\"contentUrl\":\"https:\/\/www.cvi-rio.org.br\/site\/wp-content\/uploads\/2015\/07\/Hotel-368-x-122.png\",\"width\":368,\"height\":122,\"caption\":\"Inaugurado primeiro hotel atendido somente por jovens com s\u00edndrome de Down 368-x-122\"},{\"@type\":\"BreadcrumbList\",\"@id\":\"https:\/\/www.cvi-rio.org.br\/site\/primeiro-hotel-atendido-somente-por-jovens-com-sindrome-de-down\/#breadcrumb\",\"itemListElement\":[{\"@type\":\"ListItem\",\"position\":1,\"name\":\"In\u00edcio\",\"item\":\"https:\/\/www.cvi-rio.org.br\/site\/\"},{\"@type\":\"ListItem\",\"position\":2,\"name\":\"Primeiro hotel atendido somente por jovens com s\u00edndrome de Down\"}]},{\"@type\":\"WebSite\",\"@id\":\"https:\/\/www.cvi-rio.org.br\/site\/#website\",\"url\":\"https:\/\/www.cvi-rio.org.br\/site\/\",\"name\":\"CVI-Rio\",\"description\":\"Sua limita\u00e7\u00e3o n\u00e3o \u00e9 o seu limite.\",\"potentialAction\":[{\"@type\":\"SearchAction\",\"target\":{\"@type\":\"EntryPoint\",\"urlTemplate\":\"https:\/\/www.cvi-rio.org.br\/site\/?s={search_term_string}\"},\"query-input\":{\"@type\":\"PropertyValueSpecification\",\"valueRequired\":true,\"valueName\":\"search_term_string\"}}],\"inLanguage\":\"pt-BR\"},{\"@type\":\"Person\",\"@id\":\"https:\/\/www.cvi-rio.org.br\/site\/#\/schema\/person\/41c81e5eb29944f8144dd6d144627d3f\",\"name\":\"cvi-rio\",\"image\":{\"@type\":\"ImageObject\",\"inLanguage\":\"pt-BR\",\"@id\":\"https:\/\/www.cvi-rio.org.br\/site\/#\/schema\/person\/image\/\",\"url\":\"https:\/\/secure.gravatar.com\/avatar\/5390358606d9f428f7de6d157423965d1225340234040c6f875c582d042db721?s=96&d=mm&r=g\",\"contentUrl\":\"https:\/\/secure.gravatar.com\/avatar\/5390358606d9f428f7de6d157423965d1225340234040c6f875c582d042db721?s=96&d=mm&r=g\",\"caption\":\"cvi-rio\"},\"sameAs\":[\"http:\/\/www.cvi-rio.org.br\/site\"],\"url\":\"https:\/\/www.cvi-rio.org.br\/site\/author\/admin\/\"}]}<\/script>\n<!-- \/ Yoast SEO plugin. -->","yoast_head_json":{"title":"Primeiro hotel atendido somente por jovens com s\u00edndrome de Down - CVI-Rio","description":"Primeiro hotel atendido somente por jovens com s\u00edndrome de Down","robots":{"index":"index","follow":"follow","max-snippet":"max-snippet:-1","max-image-preview":"max-image-preview:large","max-video-preview":"max-video-preview:-1"},"canonical":"https:\/\/www.cvi-rio.org.br\/site\/primeiro-hotel-atendido-somente-por-jovens-com-sindrome-de-down\/","og_locale":"pt_BR","og_type":"article","og_title":"Primeiro hotel atendido somente por jovens com s\u00edndrome de Down - CVI-Rio","og_description":"Primeiro hotel atendido somente por jovens com s\u00edndrome de Down","og_url":"https:\/\/www.cvi-rio.org.br\/site\/primeiro-hotel-atendido-somente-por-jovens-com-sindrome-de-down\/","og_site_name":"CVI-Rio","article_publisher":"https:\/\/www.facebook.com\/cvi.rio","article_published_time":"2015-07-17T11:51:15+00:00","article_modified_time":"2015-12-15T13:46:36+00:00","og_image":[{"width":368,"height":122,"url":"https:\/\/www.cvi-rio.org.br\/site\/wp-content\/uploads\/2015\/07\/Hotel-368-x-122.png","type":"image\/png"}],"author":"cvi-rio","twitter_card":"summary_large_image","twitter_creator":"@cvirio","twitter_site":"@cvirio","twitter_misc":{"Escrito por":"cvi-rio","Est. tempo de leitura":"2 minutos"},"schema":{"@context":"https:\/\/schema.org","@graph":[{"@type":"Article","@id":"https:\/\/www.cvi-rio.org.br\/site\/primeiro-hotel-atendido-somente-por-jovens-com-sindrome-de-down\/#article","isPartOf":{"@id":"https:\/\/www.cvi-rio.org.br\/site\/primeiro-hotel-atendido-somente-por-jovens-com-sindrome-de-down\/"},"author":{"name":"cvi-rio","@id":"https:\/\/www.cvi-rio.org.br\/site\/#\/schema\/person\/41c81e5eb29944f8144dd6d144627d3f"},"headline":"Primeiro hotel atendido somente por jovens com s\u00edndrome de Down","datePublished":"2015-07-17T11:51:15+00:00","dateModified":"2015-12-15T13:46:36+00:00","mainEntityOfPage":{"@id":"https:\/\/www.cvi-rio.org.br\/site\/primeiro-hotel-atendido-somente-por-jovens-com-sindrome-de-down\/"},"wordCount":369,"commentCount":0,"image":{"@id":"https:\/\/www.cvi-rio.org.br\/site\/primeiro-hotel-atendido-somente-por-jovens-com-sindrome-de-down\/#primaryimage"},"thumbnailUrl":"https:\/\/www.cvi-rio.org.br\/site\/wp-content\/uploads\/2015\/07\/Hotel-368-x-122.png","keywords":["Acessibilidade","Educa\u00e7\u00e3o","Esporte","not\u00edcias","o-que-acontece-no-cvi-rio","Tecnologia Assistiva"],"articleSection":["Turismo"],"inLanguage":"pt-BR","potentialAction":[{"@type":"CommentAction","name":"Comment","target":["https:\/\/www.cvi-rio.org.br\/site\/primeiro-hotel-atendido-somente-por-jovens-com-sindrome-de-down\/#respond"]}]},{"@type":"WebPage","@id":"https:\/\/www.cvi-rio.org.br\/site\/primeiro-hotel-atendido-somente-por-jovens-com-sindrome-de-down\/","url":"https:\/\/www.cvi-rio.org.br\/site\/primeiro-hotel-atendido-somente-por-jovens-com-sindrome-de-down\/","name":"Primeiro hotel atendido somente por jovens com s\u00edndrome de Down - CVI-Rio","isPartOf":{"@id":"https:\/\/www.cvi-rio.org.br\/site\/#website"},"primaryImageOfPage":{"@id":"https:\/\/www.cvi-rio.org.br\/site\/primeiro-hotel-atendido-somente-por-jovens-com-sindrome-de-down\/#primaryimage"},"image":{"@id":"https:\/\/www.cvi-rio.org.br\/site\/primeiro-hotel-atendido-somente-por-jovens-com-sindrome-de-down\/#primaryimage"},"thumbnailUrl":"https:\/\/www.cvi-rio.org.br\/site\/wp-content\/uploads\/2015\/07\/Hotel-368-x-122.png","datePublished":"2015-07-17T11:51:15+00:00","dateModified":"2015-12-15T13:46:36+00:00","author":{"@id":"https:\/\/www.cvi-rio.org.br\/site\/#\/schema\/person\/41c81e5eb29944f8144dd6d144627d3f"},"description":"Primeiro hotel atendido somente por jovens com s\u00edndrome de Down","breadcrumb":{"@id":"https:\/\/www.cvi-rio.org.br\/site\/primeiro-hotel-atendido-somente-por-jovens-com-sindrome-de-down\/#breadcrumb"},"inLanguage":"pt-BR","potentialAction":[{"@type":"ReadAction","target":["https:\/\/www.cvi-rio.org.br\/site\/primeiro-hotel-atendido-somente-por-jovens-com-sindrome-de-down\/"]}]},{"@type":"ImageObject","inLanguage":"pt-BR","@id":"https:\/\/www.cvi-rio.org.br\/site\/primeiro-hotel-atendido-somente-por-jovens-com-sindrome-de-down\/#primaryimage","url":"https:\/\/www.cvi-rio.org.br\/site\/wp-content\/uploads\/2015\/07\/Hotel-368-x-122.png","contentUrl":"https:\/\/www.cvi-rio.org.br\/site\/wp-content\/uploads\/2015\/07\/Hotel-368-x-122.png","width":368,"height":122,"caption":"Inaugurado primeiro hotel atendido somente por jovens com s\u00edndrome de Down 368-x-122"},{"@type":"BreadcrumbList","@id":"https:\/\/www.cvi-rio.org.br\/site\/primeiro-hotel-atendido-somente-por-jovens-com-sindrome-de-down\/#breadcrumb","itemListElement":[{"@type":"ListItem","position":1,"name":"In\u00edcio","item":"https:\/\/www.cvi-rio.org.br\/site\/"},{"@type":"ListItem","position":2,"name":"Primeiro hotel atendido somente por jovens com s\u00edndrome de Down"}]},{"@type":"WebSite","@id":"https:\/\/www.cvi-rio.org.br\/site\/#website","url":"https:\/\/www.cvi-rio.org.br\/site\/","name":"CVI-Rio","description":"Sua limita\u00e7\u00e3o n\u00e3o \u00e9 o seu limite.","potentialAction":[{"@type":"SearchAction","target":{"@type":"EntryPoint","urlTemplate":"https:\/\/www.cvi-rio.org.br\/site\/?s={search_term_string}"},"query-input":{"@type":"PropertyValueSpecification","valueRequired":true,"valueName":"search_term_string"}}],"inLanguage":"pt-BR"},{"@type":"Person","@id":"https:\/\/www.cvi-rio.org.br\/site\/#\/schema\/person\/41c81e5eb29944f8144dd6d144627d3f","name":"cvi-rio","image":{"@type":"ImageObject","inLanguage":"pt-BR","@id":"https:\/\/www.cvi-rio.org.br\/site\/#\/schema\/person\/image\/","url":"https:\/\/secure.gravatar.com\/avatar\/5390358606d9f428f7de6d157423965d1225340234040c6f875c582d042db721?s=96&d=mm&r=g","contentUrl":"https:\/\/secure.gravatar.com\/avatar\/5390358606d9f428f7de6d157423965d1225340234040c6f875c582d042db721?s=96&d=mm&r=g","caption":"cvi-rio"},"sameAs":["http:\/\/www.cvi-rio.org.br\/site"],"url":"https:\/\/www.cvi-rio.org.br\/site\/author\/admin\/"}]}},"_links":{"self":[{"href":"https:\/\/www.cvi-rio.org.br\/site\/wp-json\/wp\/v2\/posts\/1642","targetHints":{"allow":["GET"]}}],"collection":[{"href":"https:\/\/www.cvi-rio.org.br\/site\/wp-json\/wp\/v2\/posts"}],"about":[{"href":"https:\/\/www.cvi-rio.org.br\/site\/wp-json\/wp\/v2\/types\/post"}],"author":[{"embeddable":true,"href":"https:\/\/www.cvi-rio.org.br\/site\/wp-json\/wp\/v2\/users\/2"}],"replies":[{"embeddable":true,"href":"https:\/\/www.cvi-rio.org.br\/site\/wp-json\/wp\/v2\/comments?post=1642"}],"version-history":[{"count":4,"href":"https:\/\/www.cvi-rio.org.br\/site\/wp-json\/wp\/v2\/posts\/1642\/revisions"}],"predecessor-version":[{"id":2933,"href":"https:\/\/www.cvi-rio.org.br\/site\/wp-json\/wp\/v2\/posts\/1642\/revisions\/2933"}],"wp:featuredmedia":[{"embeddable":true,"href":"https:\/\/www.cvi-rio.org.br\/site\/wp-json\/wp\/v2\/media\/1648"}],"wp:attachment":[{"href":"https:\/\/www.cvi-rio.org.br\/site\/wp-json\/wp\/v2\/media?parent=1642"}],"wp:term":[{"taxonomy":"category","embeddable":true,"href":"https:\/\/www.cvi-rio.org.br\/site\/wp-json\/wp\/v2\/categories?post=1642"},{"taxonomy":"post_tag","embeddable":true,"href":"https:\/\/www.cvi-rio.org.br\/site\/wp-json\/wp\/v2\/tags?post=1642"}],"curies":[{"name":"wp","href":"https:\/\/api.w.org\/{rel}","templated":true}]}}