{"id":1283,"date":"2015-06-29T10:09:20","date_gmt":"2015-06-29T13:09:20","guid":{"rendered":"http:\/\/www.cvi-rio.org.br\/site\/?p=1283"},"modified":"2015-12-15T10:52:41","modified_gmt":"2015-12-15T13:52:41","slug":"maceio-cada-vez-mais-acessivel","status":"publish","type":"post","link":"https:\/\/www.cvi-rio.org.br\/site\/maceio-cada-vez-mais-acessivel\/","title":{"rendered":"Macei\u00f3 cada vez mais acess\u00edvel"},"content":{"rendered":"<figure id=\"attachment_1284\" class=\"thumbnail wp-caption alignleft\" style=\"width: 364px\"><a href=\"http:\/\/www.cvi-rio.org.br\/site\/wp-content\/uploads\/2015\/06\/Macei\u00f3.jpg\"><img loading=\"lazy\" decoding=\"async\" class=\"wp-image-1284\" src=\"http:\/\/www.cvi-rio.org.br\/site\/wp-content\/uploads\/2015\/06\/Macei\u00f3.jpg\" alt=\"Macei\u00f3\" width=\"354\" height=\"228\" \/><\/a><figcaption class=\"caption wp-caption-text\">Projeto Jangada Acess\u00edvel<\/figcaption><\/figure>\n<p style=\"text-align: justify;\">Macei\u00f3 \u00e9 a cidade que tem, proporcionalmente, o maior n\u00famero de quartos adaptados do Brasil. O moderno aeroporto da capital \u00e9 tamb\u00e9m o que oferece as melhores condi\u00e7\u00f5es de acessibilidade dentro das normas t\u00e9cnicas. Some-se a isso a geografia plana de uma cidade litor\u00e2nea, praias de \u00e1guas abrigadas por recifes de corais \u2013 perfeitas para o mergulho \u2013 e ainda piscinas naturais cristalinas que podem ser acessadas em jangadas pr\u00f3prias para transportar cadeirantes. Com o projeto \u201cPraia Acess\u00edvel\u201d, que oferece atividades adaptadas na orla da Paju\u00e7ara, Macei\u00f3 ganha ainda mais um motivo para entrar na lista de viagens das pessoas com defici\u00eancia.<\/p>\n<p style=\"text-align: justify;\">O projeto, lan\u00e7ado em abril deste ano pela Secretaria Municipal de Esporte e Lazer (Semel) na Praia da Paju\u00e7ara, inclui atividades como banho de mar em cadeiras anf\u00edbias, bocha adaptada e <em>stand up padle<\/em> para cadeirantes, por exemplo. Atualmente, as atividades s\u00e3o oferecidas em datas pr\u00e9-agendadas pela Prefeitura. O plano, por\u00e9m, \u00e9 que a Secretaria Municipal de Promo\u00e7\u00e3o do Turismo (Semptur) possa apoiar o programa para que ele seja ampliado na alta temporada. \u201cA ideia \u00e9 que aquele trecho da praia passe a ser reconhecido permanentemente como um espa\u00e7o mais estruturado para os turistas especiais\u201d, conta o secret\u00e1rio de Turismo da cidade, \u00a0Jair Galv\u00e3o. \u201cEstamos falando n\u00e3o s\u00f3 de pessoas com defici\u00eancia, mas de pessoas com mobilidade reduzida de forma geral, como o p\u00fablico da terceira idade, que tem bastante expressividade entre os nossos visitantes\u201d, complementa o dirigente.<\/p>\n<p style=\"text-align: justify;\">De acordo com Jair, ainda h\u00e1 muito trabalho pela frente para garantir estrutura, transporte, alternativas de lazer e profissionais efetivamente capacitados para atender moradores e visitantes com as mais diferentes necessidades. \u201cMesmo com esses desafios, Macei\u00f3 j\u00e1 se destaca entre outras capitais nesse segmento. A proposta \u00e9 que, aos poucos, possamos estar mais preparados para garantir conforto, mobilidade e boas experi\u00eancias para esses turistas que viajam cada dia mais\u201d refor\u00e7a.<\/p>\n<p style=\"text-align: justify;\">Para a cadeirante Adriana Braun, que \u00e9 criadora do \u201cGuia Viajante Especial\u201d (oviajanteespecial.blogspot.com.br) e consultora em pol\u00edticas de acessibilidade, a cidade de Macei\u00f3 est\u00e1 em um bom caminho. A especialista j\u00e1 esteve na capital alagoana fazendo uma sensibiliza\u00e7\u00e3o entre hoteleiros do Munic\u00edpio e garante que as instala\u00e7\u00f5es dos hot\u00e9is e pousadas da cidade s\u00e3o um destaque.<\/p>\n<p style=\"text-align: justify;\">\u201cQuando estou planejando uma viagem, eu sempre avalio primeiro os atrativos da cidade que me interessam, como por exemplo,<\/p>\n<figure id=\"attachment_1496\" class=\"thumbnail wp-caption alignright\" style=\"width: 356px\"><a href=\"http:\/\/www.cvi-rio.org.br\/site\/wp-content\/uploads\/2015\/06\/Maceio_1.jpg\"><img loading=\"lazy\" decoding=\"async\" class=\" wp-image-1496\" src=\"http:\/\/www.cvi-rio.org.br\/site\/wp-content\/uploads\/2015\/06\/Maceio_1-300x212.jpg\" alt=\"Macei\u00f3 cada vez mais acess\u00edvel\" width=\"346\" height=\"247\" \/><\/a><figcaption class=\"caption wp-caption-text\">A topografia plana da cidade tamb\u00e9m favorece a mobilidade.<\/figcaption><\/figure>\n<p style=\"text-align: justify;\">as belezas naturais, mas a hospedagem adaptada \u00e9 essencial na minha decis\u00e3o. Afinal, estamos saindo de casa para relaxar e n\u00e3o para superar mais dificuldades dentro de um banheiro\u201d, argumenta Adriana. A diretora executiva da Associa\u00e7\u00e3o Brasileira da Ind\u00fastria de Hot\u00e9is de Alagoas \u2013 ABIH-AL -, Tereza Bandeira, \u00a0explica que o parque hoteleiro de Macei\u00f3 \u00e9 um dos mais modernos do Brasil, por isso, 100% dos hot\u00e9is associados cumprem a lei nacional em rela\u00e7\u00e3o \u00e0 acessibilidade.<\/p>\n<p style=\"text-align: justify;\">Outro diferencial de Macei\u00f3 apontado por Adriana Broun \u00e9 o projeto \u201cJangada Acess\u00edvel\u201d. \u00a0\u201c\u00c8 uma op\u00e7\u00e3o de atividade realmente muito interessante\u201d, avalia a consultora. \u00a0Lan\u00e7ado em 2010, o projeto, que realiza passeios at\u00e9 as Piscinas da Paju\u00e7ara, continua sendo a principal atra\u00e7\u00e3o da cidade para as pessoas com necessidades especiais. De acordo com o arquiteto ergonomista Jorge Luiz Silva, diretor do Instituto de Desenvolvimento da Ergonomia e da Acessibilidade \u2013 Idea, que desenvolveu as embarca\u00e7\u00f5es, \u201co objetivo \u00e9 que todas as pessoas possam desfrutar de lazer com seguran\u00e7a, ergonomia e independ\u00eancia\u201d.<\/p>\n<p style=\"text-align: justify;\">Mais largas que as do modelo tradicional,\u00a0 as jangadas do projeto s\u00e3o capazes de transportar at\u00e9 seis pessoas cada uma, incluindo duas cadeiras de rodas em cada. \u201cExistem no Brasil, mais de 40 milh\u00f5es de pessoas com pelo menos algum tipo de defici\u00eancia que precisam ser inclu\u00eddas socialmente\u201d, defende o arquiteto.<\/p>\n<p style=\"text-align: justify;\">Para quem quer ir mais al\u00e9m no quesito aventura, uma \u00a0atividade muito inspiradora\u00a0em Macei\u00f3, especialmente para cadeirantes, \u00e9 o mergulho aut\u00f4nomo, oferecido pela operadora Let\u2019s Dive.<\/p>\n<p style=\"text-align: justify;\">Segundo a s\u00f3cia e instrutora de mergulho da empresa, Fernanda Paiva, essa atividade \u00e9 perfeita porque a \u00e1gua lhes proporciona uma experi\u00eancia de mobilidade que eles n\u00e3o t\u00eam normalmente. \u201cQuando a pessoa est\u00e1 na \u00e1gua, flutuando com a ajuda do equipamento de mergulho, ela se move tranquilamente com liberdade e autonomia, esquece completamente da rotina l\u00e1 fora, descobre um mundo novo e supera desafios\u201d, conta Fernanda. \u00a0\u201cEm geral, trabalhar com esse tipo de p\u00fablico \u00e9 muito gratificante, porque a viv\u00eancia deles \u00e9 muito intensa e o retorno totalmente positivo\u201d, emenda a instrutora, que realiza mergulhos de batismo com deficientes e planeja fazer uma capacita\u00e7\u00e3o para oferecer cursos profissionalizantes de mergulho para pessoas com diferentes necessidades especiais.<\/p>\n<p style=\"text-align: justify;\">Camila Fr\u00f3is<\/p>\n<p style=\"text-align: justify;\"><strong>Fonte: Prefeitura de Macei\u00f3.<\/strong><\/p>\n","protected":false},"excerpt":{"rendered":"<p>Macei\u00f3 \u00e9 a cidade que tem, proporcionalmente, o maior n\u00famero de quartos adaptados do Brasil. O moderno aeroporto da&#8230;Continua<\/p>\n","protected":false},"author":2,"featured_media":1427,"comment_status":"open","ping_status":"open","sticky":false,"template":"","format":"standard","meta":{"_acf_changed":false,"footnotes":""},"categories":[14],"tags":[23,117,118,24,25,119],"class_list":["post-1283","post","type-post","status-publish","format-standard","has-post-thumbnail","hentry","category-turismo","tag-acessibilidade","tag-educacao","tag-esporte","tag-noticias-2","tag-o-que-acontece-no-cvi-rio","tag-tecnologia-assistiva"],"acf":[],"yoast_head":"<!-- This site is optimized with the Yoast SEO plugin v26.9 - https:\/\/yoast.com\/product\/yoast-seo-wordpress\/ -->\n<title>Macei\u00f3 cada vez mais acess\u00edvel - CVI-Rio<\/title>\n<meta name=\"description\" content=\"Macei\u00f3 cada vez mais acess\u00edvel\" \/>\n<meta name=\"robots\" content=\"index, follow, max-snippet:-1, max-image-preview:large, max-video-preview:-1\" \/>\n<link rel=\"canonical\" href=\"https:\/\/www.cvi-rio.org.br\/site\/maceio-cada-vez-mais-acessivel\/\" \/>\n<meta property=\"og:locale\" content=\"pt_BR\" \/>\n<meta property=\"og:type\" content=\"article\" \/>\n<meta property=\"og:title\" content=\"Macei\u00f3 cada vez mais acess\u00edvel - CVI-Rio\" \/>\n<meta property=\"og:description\" content=\"Macei\u00f3 cada vez mais acess\u00edvel\" \/>\n<meta property=\"og:url\" content=\"https:\/\/www.cvi-rio.org.br\/site\/maceio-cada-vez-mais-acessivel\/\" \/>\n<meta property=\"og:site_name\" content=\"CVI-Rio\" \/>\n<meta property=\"article:publisher\" content=\"https:\/\/www.facebook.com\/cvi.rio\" \/>\n<meta property=\"article:published_time\" content=\"2015-06-29T13:09:20+00:00\" \/>\n<meta property=\"article:modified_time\" content=\"2015-12-15T13:52:41+00:00\" \/>\n<meta property=\"og:image\" content=\"https:\/\/www.cvi-rio.org.br\/site\/wp-content\/uploads\/2015\/06\/Maceio-368-x-122.png\" \/>\n\t<meta property=\"og:image:width\" content=\"368\" \/>\n\t<meta property=\"og:image:height\" content=\"122\" \/>\n\t<meta property=\"og:image:type\" content=\"image\/png\" \/>\n<meta name=\"author\" content=\"cvi-rio\" \/>\n<meta name=\"twitter:card\" content=\"summary_large_image\" \/>\n<meta name=\"twitter:creator\" content=\"@cvirio\" \/>\n<meta name=\"twitter:site\" content=\"@cvirio\" \/>\n<meta name=\"twitter:label1\" content=\"Escrito por\" \/>\n\t<meta name=\"twitter:data1\" content=\"cvi-rio\" \/>\n\t<meta name=\"twitter:label2\" content=\"Est. tempo de leitura\" \/>\n\t<meta name=\"twitter:data2\" content=\"4 minutos\" \/>\n<script type=\"application\/ld+json\" class=\"yoast-schema-graph\">{\"@context\":\"https:\/\/schema.org\",\"@graph\":[{\"@type\":\"Article\",\"@id\":\"https:\/\/www.cvi-rio.org.br\/site\/maceio-cada-vez-mais-acessivel\/#article\",\"isPartOf\":{\"@id\":\"https:\/\/www.cvi-rio.org.br\/site\/maceio-cada-vez-mais-acessivel\/\"},\"author\":{\"name\":\"cvi-rio\",\"@id\":\"https:\/\/www.cvi-rio.org.br\/site\/#\/schema\/person\/41c81e5eb29944f8144dd6d144627d3f\"},\"headline\":\"Macei\u00f3 cada vez mais acess\u00edvel\",\"datePublished\":\"2015-06-29T13:09:20+00:00\",\"dateModified\":\"2015-12-15T13:52:41+00:00\",\"mainEntityOfPage\":{\"@id\":\"https:\/\/www.cvi-rio.org.br\/site\/maceio-cada-vez-mais-acessivel\/\"},\"wordCount\":826,\"commentCount\":0,\"image\":{\"@id\":\"https:\/\/www.cvi-rio.org.br\/site\/maceio-cada-vez-mais-acessivel\/#primaryimage\"},\"thumbnailUrl\":\"https:\/\/www.cvi-rio.org.br\/site\/wp-content\/uploads\/2015\/06\/Maceio-368-x-122.png\",\"keywords\":[\"Acessibilidade\",\"Educa\u00e7\u00e3o\",\"Esporte\",\"not\u00edcias\",\"o-que-acontece-no-cvi-rio\",\"Tecnologia Assistiva\"],\"articleSection\":[\"Turismo\"],\"inLanguage\":\"pt-BR\",\"potentialAction\":[{\"@type\":\"CommentAction\",\"name\":\"Comment\",\"target\":[\"https:\/\/www.cvi-rio.org.br\/site\/maceio-cada-vez-mais-acessivel\/#respond\"]}]},{\"@type\":\"WebPage\",\"@id\":\"https:\/\/www.cvi-rio.org.br\/site\/maceio-cada-vez-mais-acessivel\/\",\"url\":\"https:\/\/www.cvi-rio.org.br\/site\/maceio-cada-vez-mais-acessivel\/\",\"name\":\"Macei\u00f3 cada vez mais acess\u00edvel - CVI-Rio\",\"isPartOf\":{\"@id\":\"https:\/\/www.cvi-rio.org.br\/site\/#website\"},\"primaryImageOfPage\":{\"@id\":\"https:\/\/www.cvi-rio.org.br\/site\/maceio-cada-vez-mais-acessivel\/#primaryimage\"},\"image\":{\"@id\":\"https:\/\/www.cvi-rio.org.br\/site\/maceio-cada-vez-mais-acessivel\/#primaryimage\"},\"thumbnailUrl\":\"https:\/\/www.cvi-rio.org.br\/site\/wp-content\/uploads\/2015\/06\/Maceio-368-x-122.png\",\"datePublished\":\"2015-06-29T13:09:20+00:00\",\"dateModified\":\"2015-12-15T13:52:41+00:00\",\"author\":{\"@id\":\"https:\/\/www.cvi-rio.org.br\/site\/#\/schema\/person\/41c81e5eb29944f8144dd6d144627d3f\"},\"description\":\"Macei\u00f3 cada vez mais acess\u00edvel\",\"breadcrumb\":{\"@id\":\"https:\/\/www.cvi-rio.org.br\/site\/maceio-cada-vez-mais-acessivel\/#breadcrumb\"},\"inLanguage\":\"pt-BR\",\"potentialAction\":[{\"@type\":\"ReadAction\",\"target\":[\"https:\/\/www.cvi-rio.org.br\/site\/maceio-cada-vez-mais-acessivel\/\"]}]},{\"@type\":\"ImageObject\",\"inLanguage\":\"pt-BR\",\"@id\":\"https:\/\/www.cvi-rio.org.br\/site\/maceio-cada-vez-mais-acessivel\/#primaryimage\",\"url\":\"https:\/\/www.cvi-rio.org.br\/site\/wp-content\/uploads\/2015\/06\/Maceio-368-x-122.png\",\"contentUrl\":\"https:\/\/www.cvi-rio.org.br\/site\/wp-content\/uploads\/2015\/06\/Maceio-368-x-122.png\",\"width\":368,\"height\":122,\"caption\":\"Maceio-368-x-122\"},{\"@type\":\"BreadcrumbList\",\"@id\":\"https:\/\/www.cvi-rio.org.br\/site\/maceio-cada-vez-mais-acessivel\/#breadcrumb\",\"itemListElement\":[{\"@type\":\"ListItem\",\"position\":1,\"name\":\"In\u00edcio\",\"item\":\"https:\/\/www.cvi-rio.org.br\/site\/\"},{\"@type\":\"ListItem\",\"position\":2,\"name\":\"Macei\u00f3 cada vez mais acess\u00edvel\"}]},{\"@type\":\"WebSite\",\"@id\":\"https:\/\/www.cvi-rio.org.br\/site\/#website\",\"url\":\"https:\/\/www.cvi-rio.org.br\/site\/\",\"name\":\"CVI-Rio\",\"description\":\"Sua limita\u00e7\u00e3o n\u00e3o \u00e9 o seu limite.\",\"potentialAction\":[{\"@type\":\"SearchAction\",\"target\":{\"@type\":\"EntryPoint\",\"urlTemplate\":\"https:\/\/www.cvi-rio.org.br\/site\/?s={search_term_string}\"},\"query-input\":{\"@type\":\"PropertyValueSpecification\",\"valueRequired\":true,\"valueName\":\"search_term_string\"}}],\"inLanguage\":\"pt-BR\"},{\"@type\":\"Person\",\"@id\":\"https:\/\/www.cvi-rio.org.br\/site\/#\/schema\/person\/41c81e5eb29944f8144dd6d144627d3f\",\"name\":\"cvi-rio\",\"image\":{\"@type\":\"ImageObject\",\"inLanguage\":\"pt-BR\",\"@id\":\"https:\/\/www.cvi-rio.org.br\/site\/#\/schema\/person\/image\/\",\"url\":\"https:\/\/secure.gravatar.com\/avatar\/5390358606d9f428f7de6d157423965d1225340234040c6f875c582d042db721?s=96&d=mm&r=g\",\"contentUrl\":\"https:\/\/secure.gravatar.com\/avatar\/5390358606d9f428f7de6d157423965d1225340234040c6f875c582d042db721?s=96&d=mm&r=g\",\"caption\":\"cvi-rio\"},\"sameAs\":[\"http:\/\/www.cvi-rio.org.br\/site\"],\"url\":\"https:\/\/www.cvi-rio.org.br\/site\/author\/admin\/\"}]}<\/script>\n<!-- \/ Yoast SEO plugin. -->","yoast_head_json":{"title":"Macei\u00f3 cada vez mais acess\u00edvel - CVI-Rio","description":"Macei\u00f3 cada vez mais acess\u00edvel","robots":{"index":"index","follow":"follow","max-snippet":"max-snippet:-1","max-image-preview":"max-image-preview:large","max-video-preview":"max-video-preview:-1"},"canonical":"https:\/\/www.cvi-rio.org.br\/site\/maceio-cada-vez-mais-acessivel\/","og_locale":"pt_BR","og_type":"article","og_title":"Macei\u00f3 cada vez mais acess\u00edvel - CVI-Rio","og_description":"Macei\u00f3 cada vez mais acess\u00edvel","og_url":"https:\/\/www.cvi-rio.org.br\/site\/maceio-cada-vez-mais-acessivel\/","og_site_name":"CVI-Rio","article_publisher":"https:\/\/www.facebook.com\/cvi.rio","article_published_time":"2015-06-29T13:09:20+00:00","article_modified_time":"2015-12-15T13:52:41+00:00","og_image":[{"width":368,"height":122,"url":"https:\/\/www.cvi-rio.org.br\/site\/wp-content\/uploads\/2015\/06\/Maceio-368-x-122.png","type":"image\/png"}],"author":"cvi-rio","twitter_card":"summary_large_image","twitter_creator":"@cvirio","twitter_site":"@cvirio","twitter_misc":{"Escrito por":"cvi-rio","Est. tempo de leitura":"4 minutos"},"schema":{"@context":"https:\/\/schema.org","@graph":[{"@type":"Article","@id":"https:\/\/www.cvi-rio.org.br\/site\/maceio-cada-vez-mais-acessivel\/#article","isPartOf":{"@id":"https:\/\/www.cvi-rio.org.br\/site\/maceio-cada-vez-mais-acessivel\/"},"author":{"name":"cvi-rio","@id":"https:\/\/www.cvi-rio.org.br\/site\/#\/schema\/person\/41c81e5eb29944f8144dd6d144627d3f"},"headline":"Macei\u00f3 cada vez mais acess\u00edvel","datePublished":"2015-06-29T13:09:20+00:00","dateModified":"2015-12-15T13:52:41+00:00","mainEntityOfPage":{"@id":"https:\/\/www.cvi-rio.org.br\/site\/maceio-cada-vez-mais-acessivel\/"},"wordCount":826,"commentCount":0,"image":{"@id":"https:\/\/www.cvi-rio.org.br\/site\/maceio-cada-vez-mais-acessivel\/#primaryimage"},"thumbnailUrl":"https:\/\/www.cvi-rio.org.br\/site\/wp-content\/uploads\/2015\/06\/Maceio-368-x-122.png","keywords":["Acessibilidade","Educa\u00e7\u00e3o","Esporte","not\u00edcias","o-que-acontece-no-cvi-rio","Tecnologia Assistiva"],"articleSection":["Turismo"],"inLanguage":"pt-BR","potentialAction":[{"@type":"CommentAction","name":"Comment","target":["https:\/\/www.cvi-rio.org.br\/site\/maceio-cada-vez-mais-acessivel\/#respond"]}]},{"@type":"WebPage","@id":"https:\/\/www.cvi-rio.org.br\/site\/maceio-cada-vez-mais-acessivel\/","url":"https:\/\/www.cvi-rio.org.br\/site\/maceio-cada-vez-mais-acessivel\/","name":"Macei\u00f3 cada vez mais acess\u00edvel - CVI-Rio","isPartOf":{"@id":"https:\/\/www.cvi-rio.org.br\/site\/#website"},"primaryImageOfPage":{"@id":"https:\/\/www.cvi-rio.org.br\/site\/maceio-cada-vez-mais-acessivel\/#primaryimage"},"image":{"@id":"https:\/\/www.cvi-rio.org.br\/site\/maceio-cada-vez-mais-acessivel\/#primaryimage"},"thumbnailUrl":"https:\/\/www.cvi-rio.org.br\/site\/wp-content\/uploads\/2015\/06\/Maceio-368-x-122.png","datePublished":"2015-06-29T13:09:20+00:00","dateModified":"2015-12-15T13:52:41+00:00","author":{"@id":"https:\/\/www.cvi-rio.org.br\/site\/#\/schema\/person\/41c81e5eb29944f8144dd6d144627d3f"},"description":"Macei\u00f3 cada vez mais acess\u00edvel","breadcrumb":{"@id":"https:\/\/www.cvi-rio.org.br\/site\/maceio-cada-vez-mais-acessivel\/#breadcrumb"},"inLanguage":"pt-BR","potentialAction":[{"@type":"ReadAction","target":["https:\/\/www.cvi-rio.org.br\/site\/maceio-cada-vez-mais-acessivel\/"]}]},{"@type":"ImageObject","inLanguage":"pt-BR","@id":"https:\/\/www.cvi-rio.org.br\/site\/maceio-cada-vez-mais-acessivel\/#primaryimage","url":"https:\/\/www.cvi-rio.org.br\/site\/wp-content\/uploads\/2015\/06\/Maceio-368-x-122.png","contentUrl":"https:\/\/www.cvi-rio.org.br\/site\/wp-content\/uploads\/2015\/06\/Maceio-368-x-122.png","width":368,"height":122,"caption":"Maceio-368-x-122"},{"@type":"BreadcrumbList","@id":"https:\/\/www.cvi-rio.org.br\/site\/maceio-cada-vez-mais-acessivel\/#breadcrumb","itemListElement":[{"@type":"ListItem","position":1,"name":"In\u00edcio","item":"https:\/\/www.cvi-rio.org.br\/site\/"},{"@type":"ListItem","position":2,"name":"Macei\u00f3 cada vez mais acess\u00edvel"}]},{"@type":"WebSite","@id":"https:\/\/www.cvi-rio.org.br\/site\/#website","url":"https:\/\/www.cvi-rio.org.br\/site\/","name":"CVI-Rio","description":"Sua limita\u00e7\u00e3o n\u00e3o \u00e9 o seu limite.","potentialAction":[{"@type":"SearchAction","target":{"@type":"EntryPoint","urlTemplate":"https:\/\/www.cvi-rio.org.br\/site\/?s={search_term_string}"},"query-input":{"@type":"PropertyValueSpecification","valueRequired":true,"valueName":"search_term_string"}}],"inLanguage":"pt-BR"},{"@type":"Person","@id":"https:\/\/www.cvi-rio.org.br\/site\/#\/schema\/person\/41c81e5eb29944f8144dd6d144627d3f","name":"cvi-rio","image":{"@type":"ImageObject","inLanguage":"pt-BR","@id":"https:\/\/www.cvi-rio.org.br\/site\/#\/schema\/person\/image\/","url":"https:\/\/secure.gravatar.com\/avatar\/5390358606d9f428f7de6d157423965d1225340234040c6f875c582d042db721?s=96&d=mm&r=g","contentUrl":"https:\/\/secure.gravatar.com\/avatar\/5390358606d9f428f7de6d157423965d1225340234040c6f875c582d042db721?s=96&d=mm&r=g","caption":"cvi-rio"},"sameAs":["http:\/\/www.cvi-rio.org.br\/site"],"url":"https:\/\/www.cvi-rio.org.br\/site\/author\/admin\/"}]}},"_links":{"self":[{"href":"https:\/\/www.cvi-rio.org.br\/site\/wp-json\/wp\/v2\/posts\/1283","targetHints":{"allow":["GET"]}}],"collection":[{"href":"https:\/\/www.cvi-rio.org.br\/site\/wp-json\/wp\/v2\/posts"}],"about":[{"href":"https:\/\/www.cvi-rio.org.br\/site\/wp-json\/wp\/v2\/types\/post"}],"author":[{"embeddable":true,"href":"https:\/\/www.cvi-rio.org.br\/site\/wp-json\/wp\/v2\/users\/2"}],"replies":[{"embeddable":true,"href":"https:\/\/www.cvi-rio.org.br\/site\/wp-json\/wp\/v2\/comments?post=1283"}],"version-history":[{"count":9,"href":"https:\/\/www.cvi-rio.org.br\/site\/wp-json\/wp\/v2\/posts\/1283\/revisions"}],"predecessor-version":[{"id":2952,"href":"https:\/\/www.cvi-rio.org.br\/site\/wp-json\/wp\/v2\/posts\/1283\/revisions\/2952"}],"wp:featuredmedia":[{"embeddable":true,"href":"https:\/\/www.cvi-rio.org.br\/site\/wp-json\/wp\/v2\/media\/1427"}],"wp:attachment":[{"href":"https:\/\/www.cvi-rio.org.br\/site\/wp-json\/wp\/v2\/media?parent=1283"}],"wp:term":[{"taxonomy":"category","embeddable":true,"href":"https:\/\/www.cvi-rio.org.br\/site\/wp-json\/wp\/v2\/categories?post=1283"},{"taxonomy":"post_tag","embeddable":true,"href":"https:\/\/www.cvi-rio.org.br\/site\/wp-json\/wp\/v2\/tags?post=1283"}],"curies":[{"name":"wp","href":"https:\/\/api.w.org\/{rel}","templated":true}]}}