{"id":1227,"date":"2015-06-24T10:12:50","date_gmt":"2015-06-24T13:12:50","guid":{"rendered":"http:\/\/www.cvi-rio.org.br\/site\/?p=1227"},"modified":"2015-12-15T10:53:55","modified_gmt":"2015-12-15T13:53:55","slug":"acessibilidade-e-inclusao-social-no-turismo","status":"publish","type":"post","link":"https:\/\/www.cvi-rio.org.br\/site\/acessibilidade-e-inclusao-social-no-turismo\/","title":{"rendered":"Acessibilidade e Inclus\u00e3o Social no Turismo"},"content":{"rendered":"<p style=\"text-align: justify;\">Nem todo mundo sabe, mas al\u00e9m de ser uma viajante especialista, Ana Beatriz Serpa tamb\u00e9m \u00e9 especialista em planejamento de turismo. Em 2009 fez uma pesquisa de mestrado sobre Acessibilidade no Turismo. Desde ent\u00e3o todos os anos uma s\u00e9rie de estudantes de mestrado a procuram querendo trocar id\u00e9ias e informa\u00e7\u00f5es sobre o tema.<\/p>\n<p style=\"text-align: justify;\">\u00c9 muito realizador perceber que o trabalho que voc\u00ea fez est\u00e1 contribuindo com um debate, que \u00e9 um gr\u00e3ozinho de areia num universo que \u00e9 muito grande, mas que \u00e9 justamente formado por milh\u00f5es de gr\u00e3ozinhos como voc\u00ea.<\/p>\n<p style=\"text-align: justify;\">Agora, seis anos depois, relendo o trabalho eu percebo que muita coisa mudou. Mesmo que numa velocidade muito aqu\u00e9m do que a gente gostaria, as coisas est\u00e3o melhorando. Ver as coisas em perspectiva \u00e9 entender o movimento e olhar, n\u00e3o s\u00f3 onde estamos agora, mas onde j\u00e1 estivemos. Entender que estamos mais pr\u00f3ximos do ideal, mesmo que ainda haja uma longa estrada.<\/p>\n<p style=\"text-align: justify;\">Ana Serpa resolveu fazer uma atualiza\u00e7\u00e3o dos dados do trabalho e publicar em duas livrarias, para alcan\u00e7ar ainda mais gente e quem sabe contribuir um pouquinho mais.<\/p>\n<p style=\"text-align: justify;\">Quem sabe alguns dos leitores do blog podem se interessar por este assunto, ou conhecer algu\u00e9m que se interessa, e gostariam de ler o livro? Por isso vou deixar aqui o link para as vers\u00f5es e-book e a vers\u00e3o impressa para que voc\u00eas possam encontrar.<\/p>\n<p style=\"text-align: justify;\"><a href=\"http:\/\/amzn.to\/1QI04Mp\">Acessibilidade e Inclus\u00e3o Social no Turismo \u2013 e-book Kindle<\/a><\/p>\n<p style=\"text-align: justify;\"><a href=\"http:\/\/www.clubedeautores.com.br\/book\/188013--Acessibilidade_e_Inclusao_Social_no_Turismo#.VXijIvlViko\">Acessibilidade e Inclus\u00e3o Social no Turismo \u2013 Vers\u00e3o Impressa<\/a><\/p>\n<p style=\"text-align: justify;\">O texto n\u00e3o \u00e9 exatamente a disserta\u00e7\u00e3o do mestrado. Na verdade a estrutura est\u00e1 bem diferente, e o ritmo est\u00e1 mais para um ensaio do que para um trabalho final. Eu achei que assim ficaria ainda mais \u201cacess\u00edvel\u201d.<\/p>\n<p style=\"text-align: justify;\">Se voc\u00eas lerem, n\u00e3o deixem de me mandar as cr\u00edticas e os coment\u00e1rios!<\/p>\n<p style=\"text-align: justify;\"><strong>Fonte: Planejo Viajar.<\/strong><\/p>\n","protected":false},"excerpt":{"rendered":"<p>Nem todo mundo sabe, mas al\u00e9m de ser uma viajante especialista, Ana Beatriz Serpa tamb\u00e9m \u00e9 especialista em planejamento&#8230;Continua<\/p>\n","protected":false},"author":2,"featured_media":1429,"comment_status":"open","ping_status":"open","sticky":false,"template":"","format":"standard","meta":{"_acf_changed":false,"footnotes":""},"categories":[14],"tags":[23,117,118,24,25,119],"class_list":["post-1227","post","type-post","status-publish","format-standard","has-post-thumbnail","hentry","category-turismo","tag-acessibilidade","tag-educacao","tag-esporte","tag-noticias-2","tag-o-que-acontece-no-cvi-rio","tag-tecnologia-assistiva"],"acf":[],"yoast_head":"<!-- This site is optimized with the Yoast SEO plugin v26.9 - https:\/\/yoast.com\/product\/yoast-seo-wordpress\/ -->\n<title>Acessibilidade e Inclus\u00e3o Social no Turismo - CVI-Rio<\/title>\n<meta name=\"description\" content=\"Acessibilidade e Inclus\u00e3o Social no Turismo\" \/>\n<meta name=\"robots\" content=\"index, follow, max-snippet:-1, max-image-preview:large, max-video-preview:-1\" \/>\n<link rel=\"canonical\" href=\"https:\/\/www.cvi-rio.org.br\/site\/acessibilidade-e-inclusao-social-no-turismo\/\" \/>\n<meta property=\"og:locale\" content=\"pt_BR\" \/>\n<meta property=\"og:type\" content=\"article\" \/>\n<meta property=\"og:title\" content=\"Acessibilidade e Inclus\u00e3o Social no Turismo - CVI-Rio\" \/>\n<meta property=\"og:description\" content=\"Acessibilidade e Inclus\u00e3o Social no Turismo\" \/>\n<meta property=\"og:url\" content=\"https:\/\/www.cvi-rio.org.br\/site\/acessibilidade-e-inclusao-social-no-turismo\/\" \/>\n<meta property=\"og:site_name\" content=\"CVI-Rio\" \/>\n<meta property=\"article:publisher\" content=\"https:\/\/www.facebook.com\/cvi.rio\" \/>\n<meta property=\"article:published_time\" content=\"2015-06-24T13:12:50+00:00\" \/>\n<meta property=\"article:modified_time\" content=\"2015-12-15T13:53:55+00:00\" \/>\n<meta property=\"og:image\" content=\"https:\/\/www.cvi-rio.org.br\/site\/wp-content\/uploads\/2015\/06\/Acessibilida-e-Inclus\u00e3o-368-x-122.png\" \/>\n\t<meta property=\"og:image:width\" content=\"368\" \/>\n\t<meta property=\"og:image:height\" content=\"122\" \/>\n\t<meta property=\"og:image:type\" content=\"image\/png\" \/>\n<meta name=\"author\" content=\"cvi-rio\" \/>\n<meta name=\"twitter:card\" content=\"summary_large_image\" \/>\n<meta name=\"twitter:creator\" content=\"@cvirio\" \/>\n<meta name=\"twitter:site\" content=\"@cvirio\" \/>\n<meta name=\"twitter:label1\" content=\"Escrito por\" \/>\n\t<meta name=\"twitter:data1\" content=\"cvi-rio\" \/>\n\t<meta name=\"twitter:label2\" content=\"Est. tempo de leitura\" \/>\n\t<meta name=\"twitter:data2\" content=\"2 minutos\" \/>\n<script type=\"application\/ld+json\" class=\"yoast-schema-graph\">{\"@context\":\"https:\/\/schema.org\",\"@graph\":[{\"@type\":\"Article\",\"@id\":\"https:\/\/www.cvi-rio.org.br\/site\/acessibilidade-e-inclusao-social-no-turismo\/#article\",\"isPartOf\":{\"@id\":\"https:\/\/www.cvi-rio.org.br\/site\/acessibilidade-e-inclusao-social-no-turismo\/\"},\"author\":{\"name\":\"cvi-rio\",\"@id\":\"https:\/\/www.cvi-rio.org.br\/site\/#\/schema\/person\/41c81e5eb29944f8144dd6d144627d3f\"},\"headline\":\"Acessibilidade e Inclus\u00e3o Social no Turismo\",\"datePublished\":\"2015-06-24T13:12:50+00:00\",\"dateModified\":\"2015-12-15T13:53:55+00:00\",\"mainEntityOfPage\":{\"@id\":\"https:\/\/www.cvi-rio.org.br\/site\/acessibilidade-e-inclusao-social-no-turismo\/\"},\"wordCount\":323,\"commentCount\":0,\"image\":{\"@id\":\"https:\/\/www.cvi-rio.org.br\/site\/acessibilidade-e-inclusao-social-no-turismo\/#primaryimage\"},\"thumbnailUrl\":\"https:\/\/www.cvi-rio.org.br\/site\/wp-content\/uploads\/2015\/06\/Acessibilida-e-Inclus\u00e3o-368-x-122.png\",\"keywords\":[\"Acessibilidade\",\"Educa\u00e7\u00e3o\",\"Esporte\",\"not\u00edcias\",\"o-que-acontece-no-cvi-rio\",\"Tecnologia Assistiva\"],\"articleSection\":[\"Turismo\"],\"inLanguage\":\"pt-BR\",\"potentialAction\":[{\"@type\":\"CommentAction\",\"name\":\"Comment\",\"target\":[\"https:\/\/www.cvi-rio.org.br\/site\/acessibilidade-e-inclusao-social-no-turismo\/#respond\"]}]},{\"@type\":\"WebPage\",\"@id\":\"https:\/\/www.cvi-rio.org.br\/site\/acessibilidade-e-inclusao-social-no-turismo\/\",\"url\":\"https:\/\/www.cvi-rio.org.br\/site\/acessibilidade-e-inclusao-social-no-turismo\/\",\"name\":\"Acessibilidade e Inclus\u00e3o Social no Turismo - CVI-Rio\",\"isPartOf\":{\"@id\":\"https:\/\/www.cvi-rio.org.br\/site\/#website\"},\"primaryImageOfPage\":{\"@id\":\"https:\/\/www.cvi-rio.org.br\/site\/acessibilidade-e-inclusao-social-no-turismo\/#primaryimage\"},\"image\":{\"@id\":\"https:\/\/www.cvi-rio.org.br\/site\/acessibilidade-e-inclusao-social-no-turismo\/#primaryimage\"},\"thumbnailUrl\":\"https:\/\/www.cvi-rio.org.br\/site\/wp-content\/uploads\/2015\/06\/Acessibilida-e-Inclus\u00e3o-368-x-122.png\",\"datePublished\":\"2015-06-24T13:12:50+00:00\",\"dateModified\":\"2015-12-15T13:53:55+00:00\",\"author\":{\"@id\":\"https:\/\/www.cvi-rio.org.br\/site\/#\/schema\/person\/41c81e5eb29944f8144dd6d144627d3f\"},\"description\":\"Acessibilidade e Inclus\u00e3o Social no Turismo\",\"breadcrumb\":{\"@id\":\"https:\/\/www.cvi-rio.org.br\/site\/acessibilidade-e-inclusao-social-no-turismo\/#breadcrumb\"},\"inLanguage\":\"pt-BR\",\"potentialAction\":[{\"@type\":\"ReadAction\",\"target\":[\"https:\/\/www.cvi-rio.org.br\/site\/acessibilidade-e-inclusao-social-no-turismo\/\"]}]},{\"@type\":\"ImageObject\",\"inLanguage\":\"pt-BR\",\"@id\":\"https:\/\/www.cvi-rio.org.br\/site\/acessibilidade-e-inclusao-social-no-turismo\/#primaryimage\",\"url\":\"https:\/\/www.cvi-rio.org.br\/site\/wp-content\/uploads\/2015\/06\/Acessibilida-e-Inclus\u00e3o-368-x-122.png\",\"contentUrl\":\"https:\/\/www.cvi-rio.org.br\/site\/wp-content\/uploads\/2015\/06\/Acessibilida-e-Inclus\u00e3o-368-x-122.png\",\"width\":368,\"height\":122,\"caption\":\"Acessibilida-e-Inclus\u00e3o-368-x-122\"},{\"@type\":\"BreadcrumbList\",\"@id\":\"https:\/\/www.cvi-rio.org.br\/site\/acessibilidade-e-inclusao-social-no-turismo\/#breadcrumb\",\"itemListElement\":[{\"@type\":\"ListItem\",\"position\":1,\"name\":\"In\u00edcio\",\"item\":\"https:\/\/www.cvi-rio.org.br\/site\/\"},{\"@type\":\"ListItem\",\"position\":2,\"name\":\"Acessibilidade e Inclus\u00e3o Social no Turismo\"}]},{\"@type\":\"WebSite\",\"@id\":\"https:\/\/www.cvi-rio.org.br\/site\/#website\",\"url\":\"https:\/\/www.cvi-rio.org.br\/site\/\",\"name\":\"CVI-Rio\",\"description\":\"Sua limita\u00e7\u00e3o n\u00e3o \u00e9 o seu limite.\",\"potentialAction\":[{\"@type\":\"SearchAction\",\"target\":{\"@type\":\"EntryPoint\",\"urlTemplate\":\"https:\/\/www.cvi-rio.org.br\/site\/?s={search_term_string}\"},\"query-input\":{\"@type\":\"PropertyValueSpecification\",\"valueRequired\":true,\"valueName\":\"search_term_string\"}}],\"inLanguage\":\"pt-BR\"},{\"@type\":\"Person\",\"@id\":\"https:\/\/www.cvi-rio.org.br\/site\/#\/schema\/person\/41c81e5eb29944f8144dd6d144627d3f\",\"name\":\"cvi-rio\",\"image\":{\"@type\":\"ImageObject\",\"inLanguage\":\"pt-BR\",\"@id\":\"https:\/\/www.cvi-rio.org.br\/site\/#\/schema\/person\/image\/\",\"url\":\"https:\/\/secure.gravatar.com\/avatar\/5390358606d9f428f7de6d157423965d1225340234040c6f875c582d042db721?s=96&d=mm&r=g\",\"contentUrl\":\"https:\/\/secure.gravatar.com\/avatar\/5390358606d9f428f7de6d157423965d1225340234040c6f875c582d042db721?s=96&d=mm&r=g\",\"caption\":\"cvi-rio\"},\"sameAs\":[\"http:\/\/www.cvi-rio.org.br\/site\"],\"url\":\"https:\/\/www.cvi-rio.org.br\/site\/author\/admin\/\"}]}<\/script>\n<!-- \/ Yoast SEO plugin. -->","yoast_head_json":{"title":"Acessibilidade e Inclus\u00e3o Social no Turismo - CVI-Rio","description":"Acessibilidade e Inclus\u00e3o Social no Turismo","robots":{"index":"index","follow":"follow","max-snippet":"max-snippet:-1","max-image-preview":"max-image-preview:large","max-video-preview":"max-video-preview:-1"},"canonical":"https:\/\/www.cvi-rio.org.br\/site\/acessibilidade-e-inclusao-social-no-turismo\/","og_locale":"pt_BR","og_type":"article","og_title":"Acessibilidade e Inclus\u00e3o Social no Turismo - CVI-Rio","og_description":"Acessibilidade e Inclus\u00e3o Social no Turismo","og_url":"https:\/\/www.cvi-rio.org.br\/site\/acessibilidade-e-inclusao-social-no-turismo\/","og_site_name":"CVI-Rio","article_publisher":"https:\/\/www.facebook.com\/cvi.rio","article_published_time":"2015-06-24T13:12:50+00:00","article_modified_time":"2015-12-15T13:53:55+00:00","og_image":[{"width":368,"height":122,"url":"https:\/\/www.cvi-rio.org.br\/site\/wp-content\/uploads\/2015\/06\/Acessibilida-e-Inclus\u00e3o-368-x-122.png","type":"image\/png"}],"author":"cvi-rio","twitter_card":"summary_large_image","twitter_creator":"@cvirio","twitter_site":"@cvirio","twitter_misc":{"Escrito por":"cvi-rio","Est. tempo de leitura":"2 minutos"},"schema":{"@context":"https:\/\/schema.org","@graph":[{"@type":"Article","@id":"https:\/\/www.cvi-rio.org.br\/site\/acessibilidade-e-inclusao-social-no-turismo\/#article","isPartOf":{"@id":"https:\/\/www.cvi-rio.org.br\/site\/acessibilidade-e-inclusao-social-no-turismo\/"},"author":{"name":"cvi-rio","@id":"https:\/\/www.cvi-rio.org.br\/site\/#\/schema\/person\/41c81e5eb29944f8144dd6d144627d3f"},"headline":"Acessibilidade e Inclus\u00e3o Social no Turismo","datePublished":"2015-06-24T13:12:50+00:00","dateModified":"2015-12-15T13:53:55+00:00","mainEntityOfPage":{"@id":"https:\/\/www.cvi-rio.org.br\/site\/acessibilidade-e-inclusao-social-no-turismo\/"},"wordCount":323,"commentCount":0,"image":{"@id":"https:\/\/www.cvi-rio.org.br\/site\/acessibilidade-e-inclusao-social-no-turismo\/#primaryimage"},"thumbnailUrl":"https:\/\/www.cvi-rio.org.br\/site\/wp-content\/uploads\/2015\/06\/Acessibilida-e-Inclus\u00e3o-368-x-122.png","keywords":["Acessibilidade","Educa\u00e7\u00e3o","Esporte","not\u00edcias","o-que-acontece-no-cvi-rio","Tecnologia Assistiva"],"articleSection":["Turismo"],"inLanguage":"pt-BR","potentialAction":[{"@type":"CommentAction","name":"Comment","target":["https:\/\/www.cvi-rio.org.br\/site\/acessibilidade-e-inclusao-social-no-turismo\/#respond"]}]},{"@type":"WebPage","@id":"https:\/\/www.cvi-rio.org.br\/site\/acessibilidade-e-inclusao-social-no-turismo\/","url":"https:\/\/www.cvi-rio.org.br\/site\/acessibilidade-e-inclusao-social-no-turismo\/","name":"Acessibilidade e Inclus\u00e3o Social no Turismo - CVI-Rio","isPartOf":{"@id":"https:\/\/www.cvi-rio.org.br\/site\/#website"},"primaryImageOfPage":{"@id":"https:\/\/www.cvi-rio.org.br\/site\/acessibilidade-e-inclusao-social-no-turismo\/#primaryimage"},"image":{"@id":"https:\/\/www.cvi-rio.org.br\/site\/acessibilidade-e-inclusao-social-no-turismo\/#primaryimage"},"thumbnailUrl":"https:\/\/www.cvi-rio.org.br\/site\/wp-content\/uploads\/2015\/06\/Acessibilida-e-Inclus\u00e3o-368-x-122.png","datePublished":"2015-06-24T13:12:50+00:00","dateModified":"2015-12-15T13:53:55+00:00","author":{"@id":"https:\/\/www.cvi-rio.org.br\/site\/#\/schema\/person\/41c81e5eb29944f8144dd6d144627d3f"},"description":"Acessibilidade e Inclus\u00e3o Social no Turismo","breadcrumb":{"@id":"https:\/\/www.cvi-rio.org.br\/site\/acessibilidade-e-inclusao-social-no-turismo\/#breadcrumb"},"inLanguage":"pt-BR","potentialAction":[{"@type":"ReadAction","target":["https:\/\/www.cvi-rio.org.br\/site\/acessibilidade-e-inclusao-social-no-turismo\/"]}]},{"@type":"ImageObject","inLanguage":"pt-BR","@id":"https:\/\/www.cvi-rio.org.br\/site\/acessibilidade-e-inclusao-social-no-turismo\/#primaryimage","url":"https:\/\/www.cvi-rio.org.br\/site\/wp-content\/uploads\/2015\/06\/Acessibilida-e-Inclus\u00e3o-368-x-122.png","contentUrl":"https:\/\/www.cvi-rio.org.br\/site\/wp-content\/uploads\/2015\/06\/Acessibilida-e-Inclus\u00e3o-368-x-122.png","width":368,"height":122,"caption":"Acessibilida-e-Inclus\u00e3o-368-x-122"},{"@type":"BreadcrumbList","@id":"https:\/\/www.cvi-rio.org.br\/site\/acessibilidade-e-inclusao-social-no-turismo\/#breadcrumb","itemListElement":[{"@type":"ListItem","position":1,"name":"In\u00edcio","item":"https:\/\/www.cvi-rio.org.br\/site\/"},{"@type":"ListItem","position":2,"name":"Acessibilidade e Inclus\u00e3o Social no Turismo"}]},{"@type":"WebSite","@id":"https:\/\/www.cvi-rio.org.br\/site\/#website","url":"https:\/\/www.cvi-rio.org.br\/site\/","name":"CVI-Rio","description":"Sua limita\u00e7\u00e3o n\u00e3o \u00e9 o seu limite.","potentialAction":[{"@type":"SearchAction","target":{"@type":"EntryPoint","urlTemplate":"https:\/\/www.cvi-rio.org.br\/site\/?s={search_term_string}"},"query-input":{"@type":"PropertyValueSpecification","valueRequired":true,"valueName":"search_term_string"}}],"inLanguage":"pt-BR"},{"@type":"Person","@id":"https:\/\/www.cvi-rio.org.br\/site\/#\/schema\/person\/41c81e5eb29944f8144dd6d144627d3f","name":"cvi-rio","image":{"@type":"ImageObject","inLanguage":"pt-BR","@id":"https:\/\/www.cvi-rio.org.br\/site\/#\/schema\/person\/image\/","url":"https:\/\/secure.gravatar.com\/avatar\/5390358606d9f428f7de6d157423965d1225340234040c6f875c582d042db721?s=96&d=mm&r=g","contentUrl":"https:\/\/secure.gravatar.com\/avatar\/5390358606d9f428f7de6d157423965d1225340234040c6f875c582d042db721?s=96&d=mm&r=g","caption":"cvi-rio"},"sameAs":["http:\/\/www.cvi-rio.org.br\/site"],"url":"https:\/\/www.cvi-rio.org.br\/site\/author\/admin\/"}]}},"_links":{"self":[{"href":"https:\/\/www.cvi-rio.org.br\/site\/wp-json\/wp\/v2\/posts\/1227","targetHints":{"allow":["GET"]}}],"collection":[{"href":"https:\/\/www.cvi-rio.org.br\/site\/wp-json\/wp\/v2\/posts"}],"about":[{"href":"https:\/\/www.cvi-rio.org.br\/site\/wp-json\/wp\/v2\/types\/post"}],"author":[{"embeddable":true,"href":"https:\/\/www.cvi-rio.org.br\/site\/wp-json\/wp\/v2\/users\/2"}],"replies":[{"embeddable":true,"href":"https:\/\/www.cvi-rio.org.br\/site\/wp-json\/wp\/v2\/comments?post=1227"}],"version-history":[{"count":6,"href":"https:\/\/www.cvi-rio.org.br\/site\/wp-json\/wp\/v2\/posts\/1227\/revisions"}],"predecessor-version":[{"id":2957,"href":"https:\/\/www.cvi-rio.org.br\/site\/wp-json\/wp\/v2\/posts\/1227\/revisions\/2957"}],"wp:featuredmedia":[{"embeddable":true,"href":"https:\/\/www.cvi-rio.org.br\/site\/wp-json\/wp\/v2\/media\/1429"}],"wp:attachment":[{"href":"https:\/\/www.cvi-rio.org.br\/site\/wp-json\/wp\/v2\/media?parent=1227"}],"wp:term":[{"taxonomy":"category","embeddable":true,"href":"https:\/\/www.cvi-rio.org.br\/site\/wp-json\/wp\/v2\/categories?post=1227"},{"taxonomy":"post_tag","embeddable":true,"href":"https:\/\/www.cvi-rio.org.br\/site\/wp-json\/wp\/v2\/tags?post=1227"}],"curies":[{"name":"wp","href":"https:\/\/api.w.org\/{rel}","templated":true}]}}