{"id":1017,"date":"2015-05-29T09:35:40","date_gmt":"2015-05-29T12:35:40","guid":{"rendered":"http:\/\/www.cvi-rio.org.br\/site\/?p=1017"},"modified":"2015-12-15T10:59:08","modified_gmt":"2015-12-15T13:59:08","slug":"acessibilidade-no-museu-do-indio","status":"publish","type":"post","link":"https:\/\/www.cvi-rio.org.br\/site\/acessibilidade-no-museu-do-indio\/","title":{"rendered":"Acessibilidade no Museu do \u00cdndio"},"content":{"rendered":"<h5><a href=\"http:\/\/www.cvi-rio.org.br\/site\/wp-content\/uploads\/2015\/05\/Museu-do-indio.jpg\"><img loading=\"lazy\" decoding=\"async\" class=\"aligncenter wp-image-1018 size-full\" src=\"http:\/\/www.cvi-rio.org.br\/site\/wp-content\/uploads\/2015\/05\/Museu-do-indio.jpg\" alt=\"Museu do indio\" width=\"230\" height=\"154\" \/><\/a><\/h5>\n<p style=\"text-align: justify;\">O Museu do \u00cdndio se preocupa em levar informa\u00e7\u00f5es sobre as culturas ind\u00edgenas ao maior n\u00famero de pessoas poss\u00edvel, independente de suas condi\u00e7\u00f5es f\u00edsicas, sociais e intelectuais.<\/p>\n<p style=\"text-align: justify;\">De acordo com o Censo 2010 do Instituto Brasileiro de Geografia e Estat\u00edstica (IBGE), quase \u00bc da popula\u00e7\u00e3o brasileira &#8211; cerca de 45,6 milh\u00f5es de pessoas &#8211; tem algum tipo de defici\u00eancia. Determinado a democratizar seu espa\u00e7o, com \u00eanfase na acessibilidade, o Museu do \u00cdndio est\u00e1 sempre buscando adapta\u00e7\u00f5es e solu\u00e7\u00f5es que atendam \u00e0s especificidades de seus visitantes.<\/p>\n<p style=\"text-align: justify;\">Al\u00e9m de possuir acessibilidade f\u00edsica aos banheiros e ao casar\u00e3o central, onde s\u00e3o apresentadas as exposi\u00e7\u00f5es de longa dura\u00e7\u00e3o, o Museu do \u00cdndio oferece audioguias e disp\u00f5e de uma equipe de monitores preparados para o acolhimento e o di\u00e1logo com os visitantes. A Biblioteca Marechal Rondon tamb\u00e9m disponibiliza ferramenta especial para que a pesquisa ao seu acervo seja acess\u00edvel a todos.<\/p>\n<p style=\"text-align: justify;\">Grupos de dez a 40 pessoas podem agendar a visita\u00a0pelos telefones (21) 3214-8729 ou 3214-8730, de segunda \u00e0 sexta, das 10:00 as 12:00 horas e das 14:00 as 17:00 horas.<\/p>\n<p style=\"text-align: justify;\">O Museu do \u00cdndio fica na Rua das Palmeiras 55, Botafogo, Rio de Janeiro\/RJ.<\/p>\n<p style=\"text-align: justify;\"><strong>Fonte: Museu do \u00cdndio.<\/strong><\/p>\n","protected":false},"excerpt":{"rendered":"<p>O Museu do \u00cdndio se preocupa em levar informa\u00e7\u00f5es sobre as culturas ind\u00edgenas ao maior n\u00famero de pessoas poss\u00edvel&#8230;Continua<\/p>\n","protected":false},"author":2,"featured_media":1430,"comment_status":"open","ping_status":"open","sticky":false,"template":"","format":"standard","meta":{"_acf_changed":false,"footnotes":""},"categories":[14],"tags":[23,117,118,24,25,119],"class_list":["post-1017","post","type-post","status-publish","format-standard","has-post-thumbnail","hentry","category-turismo","tag-acessibilidade","tag-educacao","tag-esporte","tag-noticias-2","tag-o-que-acontece-no-cvi-rio","tag-tecnologia-assistiva"],"acf":[],"yoast_head":"<!-- This site is optimized with the Yoast SEO plugin v26.9 - https:\/\/yoast.com\/product\/yoast-seo-wordpress\/ -->\n<title>Acessibilidade no Museu do \u00cdndio - CVI-Rio<\/title>\n<meta name=\"description\" content=\"Acessibilidade no Museu do \u00cdndio\" \/>\n<meta name=\"robots\" content=\"index, follow, max-snippet:-1, max-image-preview:large, max-video-preview:-1\" \/>\n<link rel=\"canonical\" href=\"https:\/\/www.cvi-rio.org.br\/site\/acessibilidade-no-museu-do-indio\/\" \/>\n<meta property=\"og:locale\" content=\"pt_BR\" \/>\n<meta property=\"og:type\" content=\"article\" \/>\n<meta property=\"og:title\" content=\"Acessibilidade no Museu do \u00cdndio - CVI-Rio\" \/>\n<meta property=\"og:description\" content=\"Acessibilidade no Museu do \u00cdndio\" \/>\n<meta property=\"og:url\" content=\"https:\/\/www.cvi-rio.org.br\/site\/acessibilidade-no-museu-do-indio\/\" \/>\n<meta property=\"og:site_name\" content=\"CVI-Rio\" \/>\n<meta property=\"article:publisher\" content=\"https:\/\/www.facebook.com\/cvi.rio\" \/>\n<meta property=\"article:published_time\" content=\"2015-05-29T12:35:40+00:00\" \/>\n<meta property=\"article:modified_time\" content=\"2015-12-15T13:59:08+00:00\" \/>\n<meta property=\"og:image\" content=\"https:\/\/www.cvi-rio.org.br\/site\/wp-content\/uploads\/2015\/05\/Museu-do-Indio368-x-122.png\" \/>\n\t<meta property=\"og:image:width\" content=\"368\" \/>\n\t<meta property=\"og:image:height\" content=\"122\" \/>\n\t<meta property=\"og:image:type\" content=\"image\/png\" \/>\n<meta name=\"author\" content=\"cvi-rio\" \/>\n<meta name=\"twitter:card\" content=\"summary_large_image\" \/>\n<meta name=\"twitter:creator\" content=\"@cvirio\" \/>\n<meta name=\"twitter:site\" content=\"@cvirio\" \/>\n<meta name=\"twitter:label1\" content=\"Escrito por\" \/>\n\t<meta name=\"twitter:data1\" content=\"cvi-rio\" \/>\n\t<meta name=\"twitter:label2\" content=\"Est. tempo de leitura\" \/>\n\t<meta name=\"twitter:data2\" content=\"1 minuto\" \/>\n<script type=\"application\/ld+json\" class=\"yoast-schema-graph\">{\"@context\":\"https:\/\/schema.org\",\"@graph\":[{\"@type\":\"Article\",\"@id\":\"https:\/\/www.cvi-rio.org.br\/site\/acessibilidade-no-museu-do-indio\/#article\",\"isPartOf\":{\"@id\":\"https:\/\/www.cvi-rio.org.br\/site\/acessibilidade-no-museu-do-indio\/\"},\"author\":{\"name\":\"cvi-rio\",\"@id\":\"https:\/\/www.cvi-rio.org.br\/site\/#\/schema\/person\/41c81e5eb29944f8144dd6d144627d3f\"},\"headline\":\"Acessibilidade no Museu do \u00cdndio\",\"datePublished\":\"2015-05-29T12:35:40+00:00\",\"dateModified\":\"2015-12-15T13:59:08+00:00\",\"mainEntityOfPage\":{\"@id\":\"https:\/\/www.cvi-rio.org.br\/site\/acessibilidade-no-museu-do-indio\/\"},\"wordCount\":213,\"commentCount\":0,\"image\":{\"@id\":\"https:\/\/www.cvi-rio.org.br\/site\/acessibilidade-no-museu-do-indio\/#primaryimage\"},\"thumbnailUrl\":\"https:\/\/www.cvi-rio.org.br\/site\/wp-content\/uploads\/2015\/05\/Museu-do-Indio368-x-122.png\",\"keywords\":[\"Acessibilidade\",\"Educa\u00e7\u00e3o\",\"Esporte\",\"not\u00edcias\",\"o-que-acontece-no-cvi-rio\",\"Tecnologia Assistiva\"],\"articleSection\":[\"Turismo\"],\"inLanguage\":\"pt-BR\",\"potentialAction\":[{\"@type\":\"CommentAction\",\"name\":\"Comment\",\"target\":[\"https:\/\/www.cvi-rio.org.br\/site\/acessibilidade-no-museu-do-indio\/#respond\"]}]},{\"@type\":\"WebPage\",\"@id\":\"https:\/\/www.cvi-rio.org.br\/site\/acessibilidade-no-museu-do-indio\/\",\"url\":\"https:\/\/www.cvi-rio.org.br\/site\/acessibilidade-no-museu-do-indio\/\",\"name\":\"Acessibilidade no Museu do \u00cdndio - CVI-Rio\",\"isPartOf\":{\"@id\":\"https:\/\/www.cvi-rio.org.br\/site\/#website\"},\"primaryImageOfPage\":{\"@id\":\"https:\/\/www.cvi-rio.org.br\/site\/acessibilidade-no-museu-do-indio\/#primaryimage\"},\"image\":{\"@id\":\"https:\/\/www.cvi-rio.org.br\/site\/acessibilidade-no-museu-do-indio\/#primaryimage\"},\"thumbnailUrl\":\"https:\/\/www.cvi-rio.org.br\/site\/wp-content\/uploads\/2015\/05\/Museu-do-Indio368-x-122.png\",\"datePublished\":\"2015-05-29T12:35:40+00:00\",\"dateModified\":\"2015-12-15T13:59:08+00:00\",\"author\":{\"@id\":\"https:\/\/www.cvi-rio.org.br\/site\/#\/schema\/person\/41c81e5eb29944f8144dd6d144627d3f\"},\"description\":\"Acessibilidade no Museu do \u00cdndio\",\"breadcrumb\":{\"@id\":\"https:\/\/www.cvi-rio.org.br\/site\/acessibilidade-no-museu-do-indio\/#breadcrumb\"},\"inLanguage\":\"pt-BR\",\"potentialAction\":[{\"@type\":\"ReadAction\",\"target\":[\"https:\/\/www.cvi-rio.org.br\/site\/acessibilidade-no-museu-do-indio\/\"]}]},{\"@type\":\"ImageObject\",\"inLanguage\":\"pt-BR\",\"@id\":\"https:\/\/www.cvi-rio.org.br\/site\/acessibilidade-no-museu-do-indio\/#primaryimage\",\"url\":\"https:\/\/www.cvi-rio.org.br\/site\/wp-content\/uploads\/2015\/05\/Museu-do-Indio368-x-122.png\",\"contentUrl\":\"https:\/\/www.cvi-rio.org.br\/site\/wp-content\/uploads\/2015\/05\/Museu-do-Indio368-x-122.png\",\"width\":368,\"height\":122},{\"@type\":\"BreadcrumbList\",\"@id\":\"https:\/\/www.cvi-rio.org.br\/site\/acessibilidade-no-museu-do-indio\/#breadcrumb\",\"itemListElement\":[{\"@type\":\"ListItem\",\"position\":1,\"name\":\"In\u00edcio\",\"item\":\"https:\/\/www.cvi-rio.org.br\/site\/\"},{\"@type\":\"ListItem\",\"position\":2,\"name\":\"Acessibilidade no Museu do \u00cdndio\"}]},{\"@type\":\"WebSite\",\"@id\":\"https:\/\/www.cvi-rio.org.br\/site\/#website\",\"url\":\"https:\/\/www.cvi-rio.org.br\/site\/\",\"name\":\"CVI-Rio\",\"description\":\"Sua limita\u00e7\u00e3o n\u00e3o \u00e9 o seu limite.\",\"potentialAction\":[{\"@type\":\"SearchAction\",\"target\":{\"@type\":\"EntryPoint\",\"urlTemplate\":\"https:\/\/www.cvi-rio.org.br\/site\/?s={search_term_string}\"},\"query-input\":{\"@type\":\"PropertyValueSpecification\",\"valueRequired\":true,\"valueName\":\"search_term_string\"}}],\"inLanguage\":\"pt-BR\"},{\"@type\":\"Person\",\"@id\":\"https:\/\/www.cvi-rio.org.br\/site\/#\/schema\/person\/41c81e5eb29944f8144dd6d144627d3f\",\"name\":\"cvi-rio\",\"image\":{\"@type\":\"ImageObject\",\"inLanguage\":\"pt-BR\",\"@id\":\"https:\/\/www.cvi-rio.org.br\/site\/#\/schema\/person\/image\/\",\"url\":\"https:\/\/secure.gravatar.com\/avatar\/5390358606d9f428f7de6d157423965d1225340234040c6f875c582d042db721?s=96&d=mm&r=g\",\"contentUrl\":\"https:\/\/secure.gravatar.com\/avatar\/5390358606d9f428f7de6d157423965d1225340234040c6f875c582d042db721?s=96&d=mm&r=g\",\"caption\":\"cvi-rio\"},\"sameAs\":[\"http:\/\/www.cvi-rio.org.br\/site\"],\"url\":\"https:\/\/www.cvi-rio.org.br\/site\/author\/admin\/\"}]}<\/script>\n<!-- \/ Yoast SEO plugin. -->","yoast_head_json":{"title":"Acessibilidade no Museu do \u00cdndio - CVI-Rio","description":"Acessibilidade no Museu do \u00cdndio","robots":{"index":"index","follow":"follow","max-snippet":"max-snippet:-1","max-image-preview":"max-image-preview:large","max-video-preview":"max-video-preview:-1"},"canonical":"https:\/\/www.cvi-rio.org.br\/site\/acessibilidade-no-museu-do-indio\/","og_locale":"pt_BR","og_type":"article","og_title":"Acessibilidade no Museu do \u00cdndio - CVI-Rio","og_description":"Acessibilidade no Museu do \u00cdndio","og_url":"https:\/\/www.cvi-rio.org.br\/site\/acessibilidade-no-museu-do-indio\/","og_site_name":"CVI-Rio","article_publisher":"https:\/\/www.facebook.com\/cvi.rio","article_published_time":"2015-05-29T12:35:40+00:00","article_modified_time":"2015-12-15T13:59:08+00:00","og_image":[{"width":368,"height":122,"url":"https:\/\/www.cvi-rio.org.br\/site\/wp-content\/uploads\/2015\/05\/Museu-do-Indio368-x-122.png","type":"image\/png"}],"author":"cvi-rio","twitter_card":"summary_large_image","twitter_creator":"@cvirio","twitter_site":"@cvirio","twitter_misc":{"Escrito por":"cvi-rio","Est. tempo de leitura":"1 minuto"},"schema":{"@context":"https:\/\/schema.org","@graph":[{"@type":"Article","@id":"https:\/\/www.cvi-rio.org.br\/site\/acessibilidade-no-museu-do-indio\/#article","isPartOf":{"@id":"https:\/\/www.cvi-rio.org.br\/site\/acessibilidade-no-museu-do-indio\/"},"author":{"name":"cvi-rio","@id":"https:\/\/www.cvi-rio.org.br\/site\/#\/schema\/person\/41c81e5eb29944f8144dd6d144627d3f"},"headline":"Acessibilidade no Museu do \u00cdndio","datePublished":"2015-05-29T12:35:40+00:00","dateModified":"2015-12-15T13:59:08+00:00","mainEntityOfPage":{"@id":"https:\/\/www.cvi-rio.org.br\/site\/acessibilidade-no-museu-do-indio\/"},"wordCount":213,"commentCount":0,"image":{"@id":"https:\/\/www.cvi-rio.org.br\/site\/acessibilidade-no-museu-do-indio\/#primaryimage"},"thumbnailUrl":"https:\/\/www.cvi-rio.org.br\/site\/wp-content\/uploads\/2015\/05\/Museu-do-Indio368-x-122.png","keywords":["Acessibilidade","Educa\u00e7\u00e3o","Esporte","not\u00edcias","o-que-acontece-no-cvi-rio","Tecnologia Assistiva"],"articleSection":["Turismo"],"inLanguage":"pt-BR","potentialAction":[{"@type":"CommentAction","name":"Comment","target":["https:\/\/www.cvi-rio.org.br\/site\/acessibilidade-no-museu-do-indio\/#respond"]}]},{"@type":"WebPage","@id":"https:\/\/www.cvi-rio.org.br\/site\/acessibilidade-no-museu-do-indio\/","url":"https:\/\/www.cvi-rio.org.br\/site\/acessibilidade-no-museu-do-indio\/","name":"Acessibilidade no Museu do \u00cdndio - CVI-Rio","isPartOf":{"@id":"https:\/\/www.cvi-rio.org.br\/site\/#website"},"primaryImageOfPage":{"@id":"https:\/\/www.cvi-rio.org.br\/site\/acessibilidade-no-museu-do-indio\/#primaryimage"},"image":{"@id":"https:\/\/www.cvi-rio.org.br\/site\/acessibilidade-no-museu-do-indio\/#primaryimage"},"thumbnailUrl":"https:\/\/www.cvi-rio.org.br\/site\/wp-content\/uploads\/2015\/05\/Museu-do-Indio368-x-122.png","datePublished":"2015-05-29T12:35:40+00:00","dateModified":"2015-12-15T13:59:08+00:00","author":{"@id":"https:\/\/www.cvi-rio.org.br\/site\/#\/schema\/person\/41c81e5eb29944f8144dd6d144627d3f"},"description":"Acessibilidade no Museu do \u00cdndio","breadcrumb":{"@id":"https:\/\/www.cvi-rio.org.br\/site\/acessibilidade-no-museu-do-indio\/#breadcrumb"},"inLanguage":"pt-BR","potentialAction":[{"@type":"ReadAction","target":["https:\/\/www.cvi-rio.org.br\/site\/acessibilidade-no-museu-do-indio\/"]}]},{"@type":"ImageObject","inLanguage":"pt-BR","@id":"https:\/\/www.cvi-rio.org.br\/site\/acessibilidade-no-museu-do-indio\/#primaryimage","url":"https:\/\/www.cvi-rio.org.br\/site\/wp-content\/uploads\/2015\/05\/Museu-do-Indio368-x-122.png","contentUrl":"https:\/\/www.cvi-rio.org.br\/site\/wp-content\/uploads\/2015\/05\/Museu-do-Indio368-x-122.png","width":368,"height":122},{"@type":"BreadcrumbList","@id":"https:\/\/www.cvi-rio.org.br\/site\/acessibilidade-no-museu-do-indio\/#breadcrumb","itemListElement":[{"@type":"ListItem","position":1,"name":"In\u00edcio","item":"https:\/\/www.cvi-rio.org.br\/site\/"},{"@type":"ListItem","position":2,"name":"Acessibilidade no Museu do \u00cdndio"}]},{"@type":"WebSite","@id":"https:\/\/www.cvi-rio.org.br\/site\/#website","url":"https:\/\/www.cvi-rio.org.br\/site\/","name":"CVI-Rio","description":"Sua limita\u00e7\u00e3o n\u00e3o \u00e9 o seu limite.","potentialAction":[{"@type":"SearchAction","target":{"@type":"EntryPoint","urlTemplate":"https:\/\/www.cvi-rio.org.br\/site\/?s={search_term_string}"},"query-input":{"@type":"PropertyValueSpecification","valueRequired":true,"valueName":"search_term_string"}}],"inLanguage":"pt-BR"},{"@type":"Person","@id":"https:\/\/www.cvi-rio.org.br\/site\/#\/schema\/person\/41c81e5eb29944f8144dd6d144627d3f","name":"cvi-rio","image":{"@type":"ImageObject","inLanguage":"pt-BR","@id":"https:\/\/www.cvi-rio.org.br\/site\/#\/schema\/person\/image\/","url":"https:\/\/secure.gravatar.com\/avatar\/5390358606d9f428f7de6d157423965d1225340234040c6f875c582d042db721?s=96&d=mm&r=g","contentUrl":"https:\/\/secure.gravatar.com\/avatar\/5390358606d9f428f7de6d157423965d1225340234040c6f875c582d042db721?s=96&d=mm&r=g","caption":"cvi-rio"},"sameAs":["http:\/\/www.cvi-rio.org.br\/site"],"url":"https:\/\/www.cvi-rio.org.br\/site\/author\/admin\/"}]}},"_links":{"self":[{"href":"https:\/\/www.cvi-rio.org.br\/site\/wp-json\/wp\/v2\/posts\/1017","targetHints":{"allow":["GET"]}}],"collection":[{"href":"https:\/\/www.cvi-rio.org.br\/site\/wp-json\/wp\/v2\/posts"}],"about":[{"href":"https:\/\/www.cvi-rio.org.br\/site\/wp-json\/wp\/v2\/types\/post"}],"author":[{"embeddable":true,"href":"https:\/\/www.cvi-rio.org.br\/site\/wp-json\/wp\/v2\/users\/2"}],"replies":[{"embeddable":true,"href":"https:\/\/www.cvi-rio.org.br\/site\/wp-json\/wp\/v2\/comments?post=1017"}],"version-history":[{"count":5,"href":"https:\/\/www.cvi-rio.org.br\/site\/wp-json\/wp\/v2\/posts\/1017\/revisions"}],"predecessor-version":[{"id":2974,"href":"https:\/\/www.cvi-rio.org.br\/site\/wp-json\/wp\/v2\/posts\/1017\/revisions\/2974"}],"wp:featuredmedia":[{"embeddable":true,"href":"https:\/\/www.cvi-rio.org.br\/site\/wp-json\/wp\/v2\/media\/1430"}],"wp:attachment":[{"href":"https:\/\/www.cvi-rio.org.br\/site\/wp-json\/wp\/v2\/media?parent=1017"}],"wp:term":[{"taxonomy":"category","embeddable":true,"href":"https:\/\/www.cvi-rio.org.br\/site\/wp-json\/wp\/v2\/categories?post=1017"},{"taxonomy":"post_tag","embeddable":true,"href":"https:\/\/www.cvi-rio.org.br\/site\/wp-json\/wp\/v2\/tags?post=1017"}],"curies":[{"name":"wp","href":"https:\/\/api.w.org\/{rel}","templated":true}]}}